{"id":1360,"date":"2023-06-01T07:33:32","date_gmt":"2023-06-01T07:33:32","guid":{"rendered":"https:\/\/987aldia.com\/web\/?p=1360"},"modified":"2023-06-02T07:35:01","modified_gmt":"2023-06-02T07:35:01","slug":"el-itacyl-organiza-las-viii-jornadas-de-agrometeorologia-en-las-que-la-gestion-inteligente-del-agua-para-regadio-es-protagonista","status":"publish","type":"post","link":"https:\/\/987aldia.com\/web\/el-itacyl-organiza-las-viii-jornadas-de-agrometeorologia-en-las-que-la-gestion-inteligente-del-agua-para-regadio-es-protagonista\/","title":{"rendered":"El Itacyl organiza las VIII jornadas de Agrometeorolog\u00eda en las que la gesti\u00f3n inteligente del agua para regad\u00edo es protagonista"},"content":{"rendered":"\n<ul class=\"wp-block-list\">\n<li>En este encuentro se ha resaltado la importancia que tiene el sistema de asesoramiento al regante de Castilla y Le\u00f3n, Inforiego, que ofrece informaci\u00f3n meteorol\u00f3gica y calcula las necesidades de riego de los cultivos<\/li>\n\n\n\n<li>La Consejer\u00eda de Agricultura lleva a\u00f1os trabajando en la aplicaci\u00f3n de herramientas tecnol\u00f3gicas para mejorar la predicci\u00f3n de las necesidades h\u00eddricas de los cultivos<\/li>\n<\/ul>\n\n\n\n<p>El Instituto Tecnol\u00f3gico Agrario de Castilla y Le\u00f3n (Itacyl) est\u00e1 celebrando las VIII jornadas de Agrometeorolog\u00eda, que se alargan hasta ma\u00f1ana, viernes 2 de junio. Se trata de un encuentro profesional en el \u00e1mbito de la agrometeorolog\u00eda cuyo prop\u00f3sito es conjugar el intercambio tecnol\u00f3gico con el contacto personal directo entre todo el colectivo de t\u00e9cnicos dedicados a estas actividades en el \u00e1mbito nacional.<\/p>\n\n\n\n<p>En estas jornadas est\u00e1n&nbsp;participando m\u00e1s de 40 asistentes de las administraciones p\u00fablicas de 12 comunidades aut\u00f3nomas, del Ministerio de Agricultura, Pesca y Alimentaci\u00f3n, la Agencia Estatal de Meteorolog\u00eda (Aemet) y varias universidades y empresas del sector tecnol\u00f3gico vinculadas a estas actividades. En este marco, se est\u00e1n presentando ponencias relacionadas con el asesoramiento al riego y eficiencia h\u00eddrica en los cultivos, predicci\u00f3n de cosechas, pron\u00f3sticos agrometeorol\u00f3gicos, identificaci\u00f3n de cultivos y herramientas de ayuda a la toma de decisiones de los agricultores.<\/p>\n\n\n\n<p>Aunque el foco de este encuentro est\u00e1 puesto en una visi\u00f3n general de la agrometeorolog\u00eda, se presta una especial atenci\u00f3n al Sistema de Informaci\u00f3n Agroclim\u00e1tica para el Regad\u00edo (SiAR), del que el Itacyl es parte a trav\u00e9s de InfoRiego, el Servicio de Asesoramiento al Regante de Castilla y Le\u00f3n.<\/p>\n\n\n\n<p><strong>Agricultura de regad\u00edo<\/strong><\/p>\n\n\n\n<p>La agricultura de regad\u00edo es esencial para garantizar la producci\u00f3n alimentaria en muchas zonas, pero el ahorro de agua en el riego es crucial para garantizar la sostenibilidad a largo plazo.<\/p>\n\n\n\n<p>Estas jornadas son una oportunidad para aprender m\u00e1s sobre c\u00f3mo la agrometeorolog\u00eda puede ayudar a mejorar la eficiencia en el uso del agua y hacer frente a los desaf\u00edos del futuro. En un a\u00f1o en el que la sequ\u00eda est\u00e1 siendo la protagonista de la campa\u00f1a agr\u00edcola en pr\u00e1cticamente toda Espa\u00f1a, se presenta la oportunidad de poner a\u00fan m\u00e1s en valor la aplicaci\u00f3n de los principios de eficiencia h\u00eddrica que se llevan promoviendo desde hace muchos a\u00f1os desde la red del SiAR.<\/p>\n\n\n\n<p>El Itacyl lleva a\u00f1os trabajando en la integraci\u00f3n de tecnolog\u00edas, combinando la adquisici\u00f3n de las estaciones agrometeorol\u00f3gicas vinculadas a la red SiAR con la informaci\u00f3n recopilada por la Aemet, informaci\u00f3n satelital, t\u00e9cnicas de aprendizaje de m\u00e1quina y el uso de las TIC para la interacci\u00f3n final con los usuarios.<\/p>\n","protected":false},"excerpt":{"rendered":"<p>El Instituto Tecnol\u00f3gico Agrario de Castilla y Le\u00f3n (Itacyl) est\u00e1 celebrando las VIII jornadas de Agrometeorolog\u00eda, que se alargan hasta ma\u00f1ana, viernes 2 de junio. Se trata de un encuentro profesional en el \u00e1mbito de la agrometeorolog\u00eda cuyo prop\u00f3sito es conjugar el intercambio tecnol\u00f3gico con el contacto personal directo entre todo el colectivo de t\u00e9cnicos [&hellip;]<\/p>\n","protected":false},"author":1,"featured_media":1361,"comment_status":"open","ping_status":"closed","sticky":false,"template":"","format":"standard","meta":{"_monsterinsights_skip_tracking":false,"_monsterinsights_sitenote_active":false,"_monsterinsights_sitenote_note":"","_monsterinsights_sitenote_category":0,"site-container-style":"default","site-container-layout":"default","site-sidebar-layout":"default","disable-article-header":"default","disable-site-header":"default","disable-site-footer":"default","disable-content-area-spacing":"default","_jetpack_memberships_contains_paid_content":false,"footnotes":"","jetpack_publicize_message":"","jetpack_publicize_feature_enabled":true,"jetpack_social_post_already_shared":false,"jetpack_social_options":{"image_generator_settings":{"template":"highway","default_image_id":0,"font":"","enabled":false},"version":2}},"categories":[10],"tags":[],"class_list":["post-1360","post","type-post","status-publish","format-standard","has-post-thumbnail","hentry","category-castilla-y-leon"],"jetpack_publicize_connections":[],"jetpack_featured_media_url":"https:\/\/987aldia.com\/web\/wp-content\/uploads\/2023\/06\/36169535760_58b1268dfa_b.jpg","jetpack_sharing_enabled":true,"_links":{"self":[{"href":"https:\/\/987aldia.com\/web\/wp-json\/wp\/v2\/posts\/1360","targetHints":{"allow":["GET"]}}],"collection":[{"href":"https:\/\/987aldia.com\/web\/wp-json\/wp\/v2\/posts"}],"about":[{"href":"https:\/\/987aldia.com\/web\/wp-json\/wp\/v2\/types\/post"}],"author":[{"embeddable":true,"href":"https:\/\/987aldia.com\/web\/wp-json\/wp\/v2\/users\/1"}],"replies":[{"embeddable":true,"href":"https:\/\/987aldia.com\/web\/wp-json\/wp\/v2\/comments?post=1360"}],"version-history":[{"count":1,"href":"https:\/\/987aldia.com\/web\/wp-json\/wp\/v2\/posts\/1360\/revisions"}],"predecessor-version":[{"id":1362,"href":"https:\/\/987aldia.com\/web\/wp-json\/wp\/v2\/posts\/1360\/revisions\/1362"}],"wp:featuredmedia":[{"embeddable":true,"href":"https:\/\/987aldia.com\/web\/wp-json\/wp\/v2\/media\/1361"}],"wp:attachment":[{"href":"https:\/\/987aldia.com\/web\/wp-json\/wp\/v2\/media?parent=1360"}],"wp:term":[{"taxonomy":"category","embeddable":true,"href":"https:\/\/987aldia.com\/web\/wp-json\/wp\/v2\/categories?post=1360"},{"taxonomy":"post_tag","embeddable":true,"href":"https:\/\/987aldia.com\/web\/wp-json\/wp\/v2\/tags?post=1360"}],"curies":[{"name":"wp","href":"https:\/\/api.w.org\/{rel}","templated":true}]}}