{"id":1363,"date":"2023-06-01T07:35:14","date_gmt":"2023-06-01T07:35:14","guid":{"rendered":"https:\/\/987aldia.com\/web\/?p=1363"},"modified":"2023-06-02T07:36:57","modified_gmt":"2023-06-02T07:36:57","slug":"el-consejo-agrario-provincial-de-soria-pide-al-ministerio-de-agricultura-la-declaracion-de-la-provincia-como-zona-de-alta-afeccion-por-sequia","status":"publish","type":"post","link":"https:\/\/987aldia.com\/web\/el-consejo-agrario-provincial-de-soria-pide-al-ministerio-de-agricultura-la-declaracion-de-la-provincia-como-zona-de-alta-afeccion-por-sequia\/","title":{"rendered":"El Consejo Agrario Provincial de Soria pide al Ministerio de Agricultura la declaraci\u00f3n de la provincia como zona de alta afecci\u00f3n por sequ\u00eda"},"content":{"rendered":"\n<h2 class=\"wp-block-heading\"><strong>El Consejo ha renovado sus vocal\u00edas como consecuencia del proceso electoral celebrado el pasado mes de febrero.<\/strong><\/h2>\n\n\n\n<p>El Consejo Provincial Agrario de Soria, reunido en la ma\u00f1ana de hoy, ha aprobado, por unanimidad de todos sus miembros, solicitar del Gobierno de Espa\u00f1a la valoraci\u00f3n de la provincia de Soria como zona de alta afecci\u00f3n por sequ\u00eda para que el nivel de ayuda al sector agrario sea similar al concedido a otras comunidades aut\u00f3nomas con problemas similares.<\/p>\n\n\n\n<p>Reunido bajo la presidencia de la delegada territorial de la Junta de Castilla y Le\u00f3n en Soria, Yolanda de Gregorio, el Consejo Provincial Agrario, \u00f3rgano de interlocuci\u00f3n entre el sector agrario soriano y la Administraci\u00f3n regional, ha renovado sus vocal\u00edas como consecuencia del proceso electoral que tuvo lugar en el mes de febrero para evaluar la representatividad de las organizaci\u00f3n profesionales agrarias (OPAs). Por parte de Asaja, con cuatro vocales, se ha nombrado a Ana Pastor Soria, nueva presidenta provincial; por parte de la Alianza por la Unidad del Campo (Upa-Coag), con dos vocal\u00edas, ha tomado posesi\u00f3n Alfredo Cabrerizo Hern\u00e1ndez, responsable provincial de Coag, manteni\u00e9ndose el resto de miembros: Carmelo G\u00f3mez Sanz, Alejandro Aguado Gonz\u00e1lez y Diego Escalada Molina, por Asaja, y Ra\u00fal Ram\u00edrez Callejo, por Upa.<\/p>\n\n\n\n<p>El Consejo ha aprobado por unanimidad el informe preceptivo de las ordenanzas que regular\u00e1n el aprovechamiento de pastos, hierbas y rastrojeras sometidas a ordenaci\u00f3n com\u00fan en la Junta Agraria Local de Fuentecantos, de reciente creaci\u00f3n.<\/p>\n\n\n\n<p>Por parte de las OPAs se ha incidido en la necesidad de que la Junta de Castilla y Le\u00f3n establezca ayudas directas al sector.<\/p>\n\n\n\n<p>Los miembros del Consejo Agrario se han interesado por la evoluci\u00f3n de la tuberculosis bovina en la provincia. Por parte del Servicio Territorial de Agricultura, Ganader\u00eda y Desarrollo Rural se les ha informado que, con el esfuerzo de todos, se van consiguiendo valores de prevalencia que permitir\u00e1n a la provincia ser libres en breve, del mismo modo que ya se ha conseguido en Burgos, Valladolid y Le\u00f3n. Las Opas han puesto de manifiesto el apoyo para no cejar en el empe\u00f1o y lograr el estatus sanitario deseado, lo que redundar\u00e1 en una mejora econ\u00f3mica de las explotaciones.<\/p>\n\n\n\n<p>En la reuni\u00f3n se ha cuestionado la incidencia de la fauna en los da\u00f1os a los cultivos, fundamentalmente por ciervos y, en menor medida, por corzos. La delegada territorial ha expuesto las medidas que se est\u00e1n tomando en materia de gesti\u00f3n cineg\u00e9tica para que las poblaciones de hembras de ambas especies est\u00e9n equilibradas y retornen a cifras que sean compatibles con la agricultura y la ganader\u00eda de la zona.<\/p>\n\n\n\n<p>Por parte de UPA se puso de manifiesto la preocupaci\u00f3n por los ataques del lobo a la caba\u00f1a ganadera. Los da\u00f1os econ\u00f3micos son elevados para aquellos ganaderos que sufren los ataques, abogando por una vuelta a la gesti\u00f3n que se llevaba antes de las modificaciones legales introducidas por el Gobierno de Espa\u00f1a.<\/p>\n\n\n\n<p>Asaja ha manifestado su preocupaci\u00f3n por las consecuencias que para la econom\u00eda de los agricultores de Soria puede suponer la implantaci\u00f3n de medidas restrictivas para las labores de cosecha y empacado que comenzar\u00e1n en breves d\u00edas, por el riesgo de incendios que suponen. La delegada ha informado sobre la pr\u00f3xima publicaci\u00f3n de normativa que regule estos aspectos, normativa que va a ser consensuada con las Opas. Agradeci\u00f3 que el sector agrario sea el primero en comprometerse en la lucha contra el fuego, en especial todos los agricultores de la provincia.<\/p>\n","protected":false},"excerpt":{"rendered":"<p>El Consejo ha renovado sus vocal\u00edas como consecuencia del proceso electoral celebrado el pasado mes de febrero. El Consejo Provincial Agrario de Soria, reunido en la ma\u00f1ana de hoy, ha aprobado, por unanimidad de todos sus miembros, solicitar del Gobierno de Espa\u00f1a la valoraci\u00f3n de la provincia de Soria como zona de alta afecci\u00f3n por [&hellip;]<\/p>\n","protected":false},"author":1,"featured_media":1364,"comment_status":"open","ping_status":"closed","sticky":false,"template":"","format":"standard","meta":{"_monsterinsights_skip_tracking":false,"_monsterinsights_sitenote_active":false,"_monsterinsights_sitenote_note":"","_monsterinsights_sitenote_category":0,"site-container-style":"default","site-container-layout":"default","site-sidebar-layout":"default","disable-article-header":"default","disable-site-header":"default","disable-site-footer":"default","disable-content-area-spacing":"default","_jetpack_memberships_contains_paid_content":false,"footnotes":"","jetpack_publicize_message":"","jetpack_publicize_feature_enabled":true,"jetpack_social_post_already_shared":false,"jetpack_social_options":{"image_generator_settings":{"template":"highway","default_image_id":0,"font":"","enabled":false},"version":2}},"categories":[10],"tags":[],"class_list":["post-1363","post","type-post","status-publish","format-standard","has-post-thumbnail","hentry","category-castilla-y-leon"],"jetpack_publicize_connections":[],"jetpack_featured_media_url":"https:\/\/987aldia.com\/web\/wp-content\/uploads\/2023\/06\/campo-seco-despues-sequia-verano-trabajo-tiro-vertical-temporada-agricola-suelo-espacio-cierre-texto.jpg","jetpack_sharing_enabled":true,"_links":{"self":[{"href":"https:\/\/987aldia.com\/web\/wp-json\/wp\/v2\/posts\/1363","targetHints":{"allow":["GET"]}}],"collection":[{"href":"https:\/\/987aldia.com\/web\/wp-json\/wp\/v2\/posts"}],"about":[{"href":"https:\/\/987aldia.com\/web\/wp-json\/wp\/v2\/types\/post"}],"author":[{"embeddable":true,"href":"https:\/\/987aldia.com\/web\/wp-json\/wp\/v2\/users\/1"}],"replies":[{"embeddable":true,"href":"https:\/\/987aldia.com\/web\/wp-json\/wp\/v2\/comments?post=1363"}],"version-history":[{"count":1,"href":"https:\/\/987aldia.com\/web\/wp-json\/wp\/v2\/posts\/1363\/revisions"}],"predecessor-version":[{"id":1365,"href":"https:\/\/987aldia.com\/web\/wp-json\/wp\/v2\/posts\/1363\/revisions\/1365"}],"wp:featuredmedia":[{"embeddable":true,"href":"https:\/\/987aldia.com\/web\/wp-json\/wp\/v2\/media\/1364"}],"wp:attachment":[{"href":"https:\/\/987aldia.com\/web\/wp-json\/wp\/v2\/media?parent=1363"}],"wp:term":[{"taxonomy":"category","embeddable":true,"href":"https:\/\/987aldia.com\/web\/wp-json\/wp\/v2\/categories?post=1363"},{"taxonomy":"post_tag","embeddable":true,"href":"https:\/\/987aldia.com\/web\/wp-json\/wp\/v2\/tags?post=1363"}],"curies":[{"name":"wp","href":"https:\/\/api.w.org\/{rel}","templated":true}]}}