{"id":1366,"date":"2023-06-01T07:37:05","date_gmt":"2023-06-01T07:37:05","guid":{"rendered":"https:\/\/987aldia.com\/web\/?p=1366"},"modified":"2023-06-02T07:38:41","modified_gmt":"2023-06-02T07:38:41","slug":"la-consejeria-de-industria-comercio-y-empleo-fomenta-la-seguridad-vial-en-la-empresa-para-reducir-la-siniestralidad-laboral","status":"publish","type":"post","link":"https:\/\/987aldia.com\/web\/la-consejeria-de-industria-comercio-y-empleo-fomenta-la-seguridad-vial-en-la-empresa-para-reducir-la-siniestralidad-laboral\/","title":{"rendered":"La Consejer\u00eda de Industria, Comercio y Empleo fomenta la seguridad vial en la empresa para reducir la siniestralidad laboral"},"content":{"rendered":"\n<ul class=\"wp-block-list\">\n<li>El secretario general de Industria, Comercio y Empleo, Alberto D\u00edaz Pico, ha presentado la jornada &#8216;Alcanza tu meta&#8217;, enfocada a orientar a las empresas sobre las diferentes medidas que pueden llevar a cabo para actuar sobre estos accidentes<\/li>\n\n\n\n<li>\u201cA pesar de que se ha reducido un 30 % la siniestralidad laboral respecto al a\u00f1o pasado, desde la Consejer\u00eda seguiremos trabajando en formar y concienciar a trabajadores y empresarios para seguir bajando estos datos\u201d, ha manifestado D\u00edaz Pico<\/li>\n\n\n\n<li>El secretario general ha reiterado que \u201ces compromiso de la Consejer\u00eda redirigir el gasto superfluo administrativo a medidas que act\u00faen de manera directa sobre la prevenci\u00f3n de riesgos laborales\u201d<\/li>\n<\/ul>\n\n\n\n<p>La Consejer\u00eda de Industria, Comercio y Empleo ha organizado hoy en Segovia una jornada t\u00e9cnica en materia de Prevenci\u00f3n de Riesgos Laborales enfocada a concienciar sobre la seguridad vial en la empresa. Bajo el nombre de &#8216;Alcanza tu meta&#8217;,&nbsp;ha sido presentada por el secretario general de Industria, Comercio y Empleo, Alberto D\u00edaz Pico, acompa\u00f1ado por el director general de Trabajo y Prevenci\u00f3n de Riesgos Laborales, Fernando de la Parte.<\/p>\n\n\n\n<p>Durante su intervenci\u00f3n, D\u00edaz Pico ha manifestado el compromiso de la Consejer\u00eda por \u201creconducir el gasto superfluo administrativo a medidas que act\u00faen directamente sobre la mejora de las condiciones de trabajo y el control de riesgos laborales\u201d. Para ello, se ha elaborado una estrategia de seguridad, salud y bienestar laboral que tiene el objetivo principal de \u201cintervenir en la siniestralidad de nuestra regi\u00f3n para reducirla\u201d.<\/p>\n\n\n\n<p>Del mismo modo, el secretario ha manifestado que \u201ca pesar de que este cuatrimestre los accidentes laborales en Castilla y Le\u00f3n se han reducido un 30 %\u201d respecto al mismo periodo del a\u00f1o anterior, \u201cqueda mucho por hacer en esta materia\u201d y, sobre todo, en \u201cformaci\u00f3n y concienciaci\u00f3n de empresarios y trabajadores\u201d, ha destacado.<\/p>\n\n\n\n<p>Por este motivo, la Consejer\u00eda continuar\u00e1 con la organizaci\u00f3n de estas jornadas t\u00e9cnicas como parte del ciclo formativo en materia de prevenci\u00f3n de riesgos laborales que se lleva a cabo de manera anual desde la Direcci\u00f3n General de Trabajo y Prevenci\u00f3n de Riesgos Laborales en todas las provincias, abordando diferentes temas en cada una de ellas.<\/p>\n\n\n\n<p>En materia de Seguridad Vial, desde la Consejer\u00eda de Industria, Comercio y Empleo se considera imprescindible adoptar medidas que controlen&nbsp;y reduzcan los accidentes de trabajo relacionados con el tr\u00e1fico, ya que representan un 8 % del total de accidentes laborales con baja en Castilla y Le\u00f3n.<\/p>\n\n\n\n<p>En este sentido, D\u00edaz Pico&nbsp;ha anunciado que la Consejer\u00eda va a desarrollar varias propuestas destinadas a reducir los da\u00f1os derivados de los accidentes laborales de tr\u00e1fico que se concretar\u00e1n en la firma de un nuevo protocolo de cooperaci\u00f3n con la Direcci\u00f3n General de Tr\u00e1fico durante este&nbsp;mes de junio.<\/p>\n\n\n\n<p>As\u00ed mismo, los m\u00e1s de 60 asistentes han podido conocer los planes de la Junta en esta materia, como puede ser el Sello de movilidad segura en la empresa de Castilla y Le\u00f3n. Con este proyecto, la Consejer\u00eda que dirige Mariano Veganzones&nbsp;pretende dar un reconocimiento a las empresas que estudien los riesgos ocasionados por los desplazamientos durante el trabajo e implanten \u201cplanes de movilidad\u201d para minimizarlos.<\/p>\n\n\n\n<p>Durante la jornada, los asistentes han abordado diferentes temas, como la implementaci\u00f3n de un plan de movilidad empresarial, medidas de seguridad en veh\u00edculos, renovaci\u00f3n del parque m\u00f3vil, implantaci\u00f3n de sistemas de seguridad vial&nbsp;y formaci\u00f3n continua de trabajadores sobre conducci\u00f3n. Para finalizar, los asistentes han puesto en pr\u00e1ctica los conocimientos adquiridos en un simulador de conducci\u00f3n.<\/p>\n","protected":false},"excerpt":{"rendered":"<p>La Consejer\u00eda de Industria, Comercio y Empleo ha organizado hoy en Segovia una jornada t\u00e9cnica en materia de Prevenci\u00f3n de Riesgos Laborales enfocada a concienciar sobre la seguridad vial en la empresa. Bajo el nombre de &#8216;Alcanza tu meta&#8217;,&nbsp;ha sido presentada por el secretario general de Industria, Comercio y Empleo, Alberto D\u00edaz Pico, acompa\u00f1ado por [&hellip;]<\/p>\n","protected":false},"author":1,"featured_media":1367,"comment_status":"open","ping_status":"closed","sticky":false,"template":"","format":"standard","meta":{"_monsterinsights_skip_tracking":false,"_monsterinsights_sitenote_active":false,"_monsterinsights_sitenote_note":"","_monsterinsights_sitenote_category":0,"site-container-style":"default","site-container-layout":"default","site-sidebar-layout":"default","disable-article-header":"default","disable-site-header":"default","disable-site-footer":"default","disable-content-area-spacing":"default","_jetpack_memberships_contains_paid_content":false,"footnotes":"","jetpack_publicize_message":"","jetpack_publicize_feature_enabled":true,"jetpack_social_post_already_shared":false,"jetpack_social_options":{"image_generator_settings":{"template":"highway","default_image_id":0,"font":"","enabled":false},"version":2}},"categories":[10],"tags":[],"class_list":["post-1366","post","type-post","status-publish","format-standard","has-post-thumbnail","hentry","category-castilla-y-leon"],"jetpack_publicize_connections":[],"jetpack_featured_media_url":"https:\/\/987aldia.com\/web\/wp-content\/uploads\/2023\/06\/conos-trafico-coche-prueba-carne-conducir-1.jpg","jetpack_sharing_enabled":true,"_links":{"self":[{"href":"https:\/\/987aldia.com\/web\/wp-json\/wp\/v2\/posts\/1366","targetHints":{"allow":["GET"]}}],"collection":[{"href":"https:\/\/987aldia.com\/web\/wp-json\/wp\/v2\/posts"}],"about":[{"href":"https:\/\/987aldia.com\/web\/wp-json\/wp\/v2\/types\/post"}],"author":[{"embeddable":true,"href":"https:\/\/987aldia.com\/web\/wp-json\/wp\/v2\/users\/1"}],"replies":[{"embeddable":true,"href":"https:\/\/987aldia.com\/web\/wp-json\/wp\/v2\/comments?post=1366"}],"version-history":[{"count":1,"href":"https:\/\/987aldia.com\/web\/wp-json\/wp\/v2\/posts\/1366\/revisions"}],"predecessor-version":[{"id":1368,"href":"https:\/\/987aldia.com\/web\/wp-json\/wp\/v2\/posts\/1366\/revisions\/1368"}],"wp:featuredmedia":[{"embeddable":true,"href":"https:\/\/987aldia.com\/web\/wp-json\/wp\/v2\/media\/1367"}],"wp:attachment":[{"href":"https:\/\/987aldia.com\/web\/wp-json\/wp\/v2\/media?parent=1366"}],"wp:term":[{"taxonomy":"category","embeddable":true,"href":"https:\/\/987aldia.com\/web\/wp-json\/wp\/v2\/categories?post=1366"},{"taxonomy":"post_tag","embeddable":true,"href":"https:\/\/987aldia.com\/web\/wp-json\/wp\/v2\/tags?post=1366"}],"curies":[{"name":"wp","href":"https:\/\/api.w.org\/{rel}","templated":true}]}}