{"id":1369,"date":"2023-06-01T07:39:02","date_gmt":"2023-06-01T07:39:02","guid":{"rendered":"https:\/\/987aldia.com\/web\/?p=1369"},"modified":"2023-06-02T07:41:58","modified_gmt":"2023-06-02T07:41:58","slug":"la-consejeria-de-industria-comercio-y-empleo-se-reune-con-el-comite-de-empresa-de-siro-para-analizar-la-situacion-y-valorar-posibles-soluciones","status":"publish","type":"post","link":"https:\/\/987aldia.com\/web\/la-consejeria-de-industria-comercio-y-empleo-se-reune-con-el-comite-de-empresa-de-siro-para-analizar-la-situacion-y-valorar-posibles-soluciones\/","title":{"rendered":"La Consejer\u00eda de Industria, comercio y Empleo se re\u00fane con el Comit\u00e9 de Empresa de Siro para analizar la situaci\u00f3n y valorar posibles soluciones"},"content":{"rendered":"\n<ul class=\"wp-block-list\">\n<li>El consejero de Industria, Comercio y Empleo, Mariano Veganzones, se ha reunido hoy con el Comit\u00e9 de Empresa del Grupo Cerealto Siro para analizar la situaci\u00f3n de los trabajadores de la f\u00e1brica de Venta de Ba\u00f1os y su relaci\u00f3n con la empresa<\/li>\n\n\n\n<li>Veganzones ha querido transmitir a los trabajadores que desde la Junta vuelven a ponerse a disposici\u00f3n de los trabajadores todos recursos y servicios de la Consejer\u00eda<\/li>\n<\/ul>\n\n\n\n<p>El consejero de Industria, Comercio y Empleo, Mariano Veganzones, junto con el director general de Trabajo y Prevenci\u00f3n de Riesgos Laborales, Fernando de la Parte, han mantenido una reuni\u00f3n con representantes del Comit\u00e9 de Empresa del grupo Cerealto Siro Foods: Mar Rodriguez, M\u00f3nica de la Sierra y Yolanda Maza.<\/p>\n\n\n\n<p>El consejero ha querido conocer&nbsp;de primera mano la situaci\u00f3n en la que se encuentran los trabajadores y c\u00f3mo es la relaci\u00f3n con la empresa. Las representantes de&nbsp;<strong>los trabajadores han lamentado que se repita esta situaci\u00f3n cuando hace un a\u00f1o el Plan de Competitividad pactado con el Ministerio \u201cgarantizaba la actividad industrial y el trabajo de todos los empleados del grupo\u201d.<\/strong><\/p>\n\n\n\n<p>El consejero ha reiterado su mensaje de hace un a\u00f1o y&nbsp;<strong>solicita que \u201ctodas las administraciones trabajen de manera conjunta para evitar el cierre de una f\u00e1brica tan importante para el tejido empresarial de Castilla y Le\u00f3n\u201d.<\/strong><\/p>\n\n\n\n<p>Veganzones ha querido trasmitir a los empleados que <strong>desde la Consejer\u00eda existe un firme compromiso con los 1.248 empleados que tiene la empresa en Castilla y Le\u00f3n<\/strong>, por lo que actuar\u00e1 de la manera que m\u00e1s les beneficie\u00a0<strong>dando prioridad al mantenimiento del empleo de los 186 de la f\u00e1brica de Venta de Ba\u00f1os.<\/strong><\/p>\n\n\n\n<p>Para ello, ha asegurado que desde la Junta se hablar\u00e1 con los propietarios y administraciones implicadas, tal y como hizo hace un a\u00f1o, para poner en conocimiento las ayudas que pueden recibir desde la Consejer\u00eda que dirige en materia de renovaci\u00f3n de maquinaria, fomento de la contrataci\u00f3n en el Centro Especial de Empleo y planes de bienestar que contribuyan a mejorar &nbsp;la movilidad y las condiciones de los puestos de trabajo.<\/p>\n\n\n\n<p>Para concluir, el consejero ha emplazado un nuevo encuentro tras la reuni\u00f3n que tendr\u00e1 lugar el pr\u00f3ximo 9 de junio en el Ministerio a la que acudir\u00e1n tanto los trabajadores y la empresa.<\/p>\n","protected":false},"excerpt":{"rendered":"<p>El consejero de Industria, Comercio y Empleo, Mariano Veganzones, junto con el director general de Trabajo y Prevenci\u00f3n de Riesgos Laborales, Fernando de la Parte, han mantenido una reuni\u00f3n con representantes del Comit\u00e9 de Empresa del grupo Cerealto Siro Foods: Mar Rodriguez, M\u00f3nica de la Sierra y Yolanda Maza. El consejero ha querido conocer&nbsp;de primera [&hellip;]<\/p>\n","protected":false},"author":1,"featured_media":1370,"comment_status":"open","ping_status":"closed","sticky":false,"template":"","format":"standard","meta":{"_monsterinsights_skip_tracking":false,"_monsterinsights_sitenote_active":false,"_monsterinsights_sitenote_note":"","_monsterinsights_sitenote_category":0,"site-container-style":"default","site-container-layout":"default","site-sidebar-layout":"default","disable-article-header":"default","disable-site-header":"default","disable-site-footer":"default","disable-content-area-spacing":"default","_jetpack_memberships_contains_paid_content":false,"footnotes":"","jetpack_publicize_message":"","jetpack_publicize_feature_enabled":true,"jetpack_social_post_already_shared":false,"jetpack_social_options":{"image_generator_settings":{"template":"highway","default_image_id":0,"font":"","enabled":false},"version":2}},"categories":[10],"tags":[],"class_list":["post-1369","post","type-post","status-publish","format-standard","has-post-thumbnail","hentry","category-castilla-y-leon"],"jetpack_publicize_connections":[],"jetpack_featured_media_url":"https:\/\/987aldia.com\/web\/wp-content\/uploads\/2023\/06\/resumen-borroso-muebles-decoracion-almacen-tienda.jpg","jetpack_sharing_enabled":true,"_links":{"self":[{"href":"https:\/\/987aldia.com\/web\/wp-json\/wp\/v2\/posts\/1369","targetHints":{"allow":["GET"]}}],"collection":[{"href":"https:\/\/987aldia.com\/web\/wp-json\/wp\/v2\/posts"}],"about":[{"href":"https:\/\/987aldia.com\/web\/wp-json\/wp\/v2\/types\/post"}],"author":[{"embeddable":true,"href":"https:\/\/987aldia.com\/web\/wp-json\/wp\/v2\/users\/1"}],"replies":[{"embeddable":true,"href":"https:\/\/987aldia.com\/web\/wp-json\/wp\/v2\/comments?post=1369"}],"version-history":[{"count":1,"href":"https:\/\/987aldia.com\/web\/wp-json\/wp\/v2\/posts\/1369\/revisions"}],"predecessor-version":[{"id":1371,"href":"https:\/\/987aldia.com\/web\/wp-json\/wp\/v2\/posts\/1369\/revisions\/1371"}],"wp:featuredmedia":[{"embeddable":true,"href":"https:\/\/987aldia.com\/web\/wp-json\/wp\/v2\/media\/1370"}],"wp:attachment":[{"href":"https:\/\/987aldia.com\/web\/wp-json\/wp\/v2\/media?parent=1369"}],"wp:term":[{"taxonomy":"category","embeddable":true,"href":"https:\/\/987aldia.com\/web\/wp-json\/wp\/v2\/categories?post=1369"},{"taxonomy":"post_tag","embeddable":true,"href":"https:\/\/987aldia.com\/web\/wp-json\/wp\/v2\/tags?post=1369"}],"curies":[{"name":"wp","href":"https:\/\/api.w.org\/{rel}","templated":true}]}}