{"id":1379,"date":"2023-06-02T07:07:57","date_gmt":"2023-06-02T07:07:57","guid":{"rendered":"https:\/\/987aldia.com\/web\/?p=1379"},"modified":"2023-06-05T07:11:37","modified_gmt":"2023-06-05T07:11:37","slug":"valoracion-del-cel-sobre-los-datos-del-paro-registrado-en-mayo","status":"publish","type":"post","link":"https:\/\/987aldia.com\/web\/valoracion-del-cel-sobre-los-datos-del-paro-registrado-en-mayo\/","title":{"rendered":"Valoraci\u00f3n del CEL sobre los datos del paro registrado en Mayo"},"content":{"rendered":"\n<h2 class=\"wp-block-heading\"><strong>Contin\u00faa la racha positiva en el empleo con 695 parados menos en mayo<\/strong>.<\/h2>\n\n\n\n<p>Le\u00f3n, 2 de junio de 2023; El mercado laboral sigue mostrando signos de fortaleza a tenor de los datos publicados hoy por los Ministerios de Trabajo y Seguridad Social que confirman la buena trayectoria del empleo a nivel provincial, auton\u00f3mico y nacional con <strong>descensos del paro que van del 3,86% registrado en Castilla y Le\u00f3n, del 3% en la provincia de Le\u00f3n y del 1,8% en el conjunto de Espa\u00f1a.<\/strong><\/p>\n\n\n\n<p>El mes de mayo contabiliz\u00f3 <strong>en Le\u00f3n 695 desempleados menos, hasta las 22.295 personas en busca de un trabajo. <\/strong>La mayor parte de los que consiguieron salir de las listas del paro pertenec\u00edan a servicios (607) por lo que fue la actividad que m\u00e1s movi\u00f3 el mercado de trabajo. En t\u00e9rminos interanuales, la ca\u00edda del paro es m\u00e1s pronunciada, llegando al 9,41%, con <strong>2.317 parados menos que los que hab\u00eda hace un a\u00f1o.<\/strong><\/p>\n\n\n\n<p>Si analizamos por sectores el desempleo en Le\u00f3n, observamos que con ampl\u00edsima mayor\u00eda destaca servicios con 15.579 parados, seguido del colectivo sin empleo anterior con 2.441 parados, la industria con 1.948 desempleados, construcci\u00f3n con 1.476 y agricultura con 851 parados. Datos que demuestran por en\u00e9sima vez el excesivo peso del sector servicios en la econom\u00eda provincial y la necesidad de reequilibrar los sectores productivos.<\/p>\n\n\n\n<p>La tendencia contin\u00faa siendo positiva tambi\u00e9n en cuanto al n\u00famero de afiliados a la Seguridad Social que en la provincia aument\u00f3 un 0,7% en mayo, al sumar <strong>1.300 nuevos cotizantes y alcanzar un total de 165.432, un 1,8% m\u00e1s que hace un a\u00f1o.<\/strong><\/p>\n\n\n\n<p>Desde el CEL apreciamos el buen comportamiento que est\u00e1 mostrando el mercado de trabajo en los \u00faltimos meses y su capacidad para seguir generando oportunidades a pesar de las muchas variables en contra. Veremos c\u00f3mo puede afectar a la actividad econ\u00f3mica el contexto pol\u00edtico que nos rodea, con elecciones generales a la vista y a la espera de que se conformen las nuevas corporaciones municipales, adem\u00e1s del contexto macroecon\u00f3mico con altos tipos de inter\u00e9s, dificultades de financiaci\u00f3n y alta inflaci\u00f3n subyacente. Como empresarios reclamamos la mayor estabilidad posible y un m\u00ednimo de consenso y pedimos a los pol\u00edticos centralidad y moderaci\u00f3n. Necesitamos que el Estado, las Comunidades Aut\u00f3nomas, las Diputaciones y los Ayuntamientos incentiven la actividad econ\u00f3mica y no penalicen la competitividad empresarial.<\/p>\n","protected":false},"excerpt":{"rendered":"<p>Contin\u00faa la racha positiva en el empleo con 695 parados menos en mayo. Le\u00f3n, 2 de junio de 2023; El mercado laboral sigue mostrando signos de fortaleza a tenor de los datos publicados hoy por los Ministerios de Trabajo y Seguridad Social que confirman la buena trayectoria del empleo a nivel provincial, auton\u00f3mico y nacional [&hellip;]<\/p>\n","protected":false},"author":1,"featured_media":1380,"comment_status":"open","ping_status":"closed","sticky":false,"template":"","format":"standard","meta":{"_monsterinsights_skip_tracking":false,"_monsterinsights_sitenote_active":false,"_monsterinsights_sitenote_note":"","_monsterinsights_sitenote_category":0,"site-container-style":"default","site-container-layout":"default","site-sidebar-layout":"default","disable-article-header":"default","disable-site-header":"default","disable-site-footer":"default","disable-content-area-spacing":"default","_jetpack_memberships_contains_paid_content":false,"footnotes":"","jetpack_publicize_message":"","jetpack_publicize_feature_enabled":true,"jetpack_social_post_already_shared":false,"jetpack_social_options":{"image_generator_settings":{"template":"highway","default_image_id":0,"font":"","enabled":false},"version":2}},"categories":[1],"tags":[],"class_list":["post-1379","post","type-post","status-publish","format-standard","has-post-thumbnail","hentry","category-uncategorized"],"jetpack_publicize_connections":[],"jetpack_featured_media_url":"https:\/\/987aldia.com\/web\/wp-content\/uploads\/2023\/06\/varias-personas-esperando-transporte-estacion-automoviles-carretera.jpg","jetpack_sharing_enabled":true,"_links":{"self":[{"href":"https:\/\/987aldia.com\/web\/wp-json\/wp\/v2\/posts\/1379","targetHints":{"allow":["GET"]}}],"collection":[{"href":"https:\/\/987aldia.com\/web\/wp-json\/wp\/v2\/posts"}],"about":[{"href":"https:\/\/987aldia.com\/web\/wp-json\/wp\/v2\/types\/post"}],"author":[{"embeddable":true,"href":"https:\/\/987aldia.com\/web\/wp-json\/wp\/v2\/users\/1"}],"replies":[{"embeddable":true,"href":"https:\/\/987aldia.com\/web\/wp-json\/wp\/v2\/comments?post=1379"}],"version-history":[{"count":1,"href":"https:\/\/987aldia.com\/web\/wp-json\/wp\/v2\/posts\/1379\/revisions"}],"predecessor-version":[{"id":1381,"href":"https:\/\/987aldia.com\/web\/wp-json\/wp\/v2\/posts\/1379\/revisions\/1381"}],"wp:featuredmedia":[{"embeddable":true,"href":"https:\/\/987aldia.com\/web\/wp-json\/wp\/v2\/media\/1380"}],"wp:attachment":[{"href":"https:\/\/987aldia.com\/web\/wp-json\/wp\/v2\/media?parent=1379"}],"wp:term":[{"taxonomy":"category","embeddable":true,"href":"https:\/\/987aldia.com\/web\/wp-json\/wp\/v2\/categories?post=1379"},{"taxonomy":"post_tag","embeddable":true,"href":"https:\/\/987aldia.com\/web\/wp-json\/wp\/v2\/tags?post=1379"}],"curies":[{"name":"wp","href":"https:\/\/api.w.org\/{rel}","templated":true}]}}