{"id":1418,"date":"2023-06-05T07:49:15","date_gmt":"2023-06-05T07:49:15","guid":{"rendered":"https:\/\/987aldia.com\/web\/?p=1418"},"modified":"2023-06-05T07:49:16","modified_gmt":"2023-06-05T07:49:16","slug":"la-junta-amplia-el-plazo-para-la-solicitud-de-las-subvenciones-del-programa-de-ayuda-a-las-actuaciones-de-mejora-de-la-eficiencia-energetica-en-edificios-y-en-viviendas","status":"publish","type":"post","link":"https:\/\/987aldia.com\/web\/la-junta-amplia-el-plazo-para-la-solicitud-de-las-subvenciones-del-programa-de-ayuda-a-las-actuaciones-de-mejora-de-la-eficiencia-energetica-en-edificios-y-en-viviendas\/","title":{"rendered":"La Junta ampl\u00eda el plazo para la solicitud de las subvenciones del programa de ayuda a las actuaciones de mejora de la eficiencia energ\u00e9tica en edificios y en viviendas"},"content":{"rendered":"\n<h2 class=\"wp-block-heading\"><strong>La Consejer\u00eda de Medio Ambiente, Vivienda y Ordenaci\u00f3n del Territorio ha modificado el plazo de las dos \u00f3rdenes por las que se convocan estas subvenciones que forman parte del Plan de Recuperaci\u00f3n, Transformaci\u00f3n y Resiliencia financiado por la Uni\u00f3n Europea con los Fondos Next Generation.<\/strong><\/h2>\n\n\n\n<p>La Consejer\u00eda de Medio Ambiente, Vivienda y Ordenaci\u00f3n del Territorio ha ampliado el plazo de presentaci\u00f3n de solicitud de subvenciones tanto del programa de ayuda a las actuaciones de mejora de la eficiencia energ\u00e9tica en viviendas, como del programa de rehabilitaci\u00f3n a nivel de edificio que forman parte del Plan de Recuperaci\u00f3n, Transformaci\u00f3n y Resiliencia financiado por la Uni\u00f3n Europea a trav\u00e9s de los Fondos Next Generation. Adem\u00e1s, la modificaci\u00f3n alcanza tambi\u00e9n al cr\u00e9dito presupuestario para las ayudas del programa de edificios.<\/p>\n\n\n\n<p>El plazo de presentaci\u00f3n de las solicitudes se ha prorrogado en ambos casos hasta el 30 de diciembre de 2023, momento a partir del cual no ser\u00e1n admitidas m\u00e1s solicitudes, excepto que, con anterioridad, se hubiera agotado el cr\u00e9dito presupuestario, lo que ser\u00e1 objeto de publicaci\u00f3n en el Bolet\u00edn Oficial de Castilla y Le\u00f3n y en la p\u00e1gina web de la Junta de Castilla y Le\u00f3n mediante resoluci\u00f3n dictada por la persona titular de la Consejer\u00eda competente en materia de vivienda.<\/p>\n\n\n\n<p><strong>Ayudas para la mejora en la eficiencia energ\u00e9tica en viviendas<\/strong><\/p>\n\n\n\n<p>El objetivo de la Orden de 1 de julio de 2022 es convocar subvenciones en r\u00e9gimen de&nbsp;concurrencia no competitiva,&nbsp;en el \u00e1mbito de la Comunidad de Castilla y Le\u00f3n, destinadas a financiar actuaciones u obras de mejora de la eficiencia energ\u00e9tica en las viviendas, ya sean unifamiliares o pertenecientes a edificios plurifamiliares. Esta convocatoria se efect\u00faa en el marco del programa de ayuda a las actuaciones de mejora de la eficiencia energ\u00e9tica en viviendas&nbsp;de acuerdo con lo previsto en el Real Decreto 853\/2021, vivienda social del Plan de Recuperaci\u00f3n, Transformaci\u00f3n y Resiliencia financiado por la Uni\u00f3n Europea &#8211; Next Generation EU.<\/p>\n\n\n\n<p>Lo que ahora se modifica por Orden del 24 de mayo de 2023, es el plazo de inscripci\u00f3n solicitudes que se ha ampliado hasta el 30 de diciembre de 2023.<\/p>\n\n\n\n<p>Son actuaciones subvencionables las que se realicen en viviendas, unifamiliares o pertenecientes a edificios plurifamiliares, en las que se consiga una reducci\u00f3n de la demanda energ\u00e9tica anual global de calefacci\u00f3n y refrigeraci\u00f3n de al menos el 7% y\/o una reducci\u00f3n del consumo de energ\u00eda primaria no renovable de al menos el 30%. Tambi\u00e9n las actuaciones de modificaci\u00f3n o sustituci\u00f3n de elementos constructivos de la envolvente t\u00e9rmica para adecuar sus caracter\u00edsticas a los valores l\u00edmite de transmitancia t\u00e9rmica y de permeabilidad al aire. El importe de la subvenci\u00f3n ser\u00e1 del 40% del coste de la actuaci\u00f3n, con un l\u00edmite de 3.000 euros por vivienda.<\/p>\n\n\n\n<p><strong>Ayudas a la rehabilitaci\u00f3n a nivel de edificio<\/strong><\/p>\n\n\n\n<p>El objetivo de la Orden de 1 de julio de 2022 es convocar&nbsp;subvenciones&nbsp;en r\u00e9gimen de&nbsp;concurrencia no competitiva, tanto en el \u00e1mbito urbano como rural de la Comunidad, destinadas a financiar obras o actuaciones en los edificios de uso predominante residencial en las que se obtenga una&nbsp;mejora acreditada de la eficiencia energ\u00e9tica, con especial atenci\u00f3n a la envolvente edificatoria, en edificios de tipolog\u00eda residencial colectiva, incluyendo sus viviendas, y en las viviendas unifamiliares.<\/p>\n\n\n\n<p>Esta convocatoria se efect\u00faa en el marco del \u201cPrograma de ayuda a las actuaciones de rehabilitaci\u00f3n a nivel de edificio\u201d de acuerdo con lo previsto en el Real Decreto 853\/2021, de 5 de octubre, por el que se regulan los programas de ayuda en materia de rehabilitaci\u00f3n residencial y vivienda social del Plan de Recuperaci\u00f3n, Transformaci\u00f3n y Resiliencia, procediendo su financiaci\u00f3n de los fondos Next Generation EU.<\/p>\n\n\n\n<p>La Orden del 24 de mayo de 2023 modifica igualmente el plazo de solicitudes ampli\u00e1ndolo hasta el 30 de diciembre de 2023. Adem\u00e1s, dicha orden tambi\u00e9n modifica la cuant\u00eda de la misma, pasando su dotaci\u00f3n presupuestaria de 18.787.773 millones a 41.573.768 euros.<\/p>\n\n\n\n<p>Son actuaciones subvencionables las de mejora o rehabilitaci\u00f3n de edificios de uso predominante residencial para vivienda con los l\u00edmites establecidos en el dispongo noveno de la orden de convocatoria, siempre que se obtenga una reducci\u00f3n de al menos un 30 % en el indicador de consumo de energ\u00eda primaria no renovable, referida a la certificaci\u00f3n energ\u00e9tica. Adem\u00e1s, deber\u00e1 conseguirse una reducci\u00f3n de la demanda energ\u00e9tica anual global de calefacci\u00f3n y refrigeraci\u00f3n de la vivienda unifamiliar o del edificio, seg\u00fan corresponda, de al menos un 35%.<\/p>\n","protected":false},"excerpt":{"rendered":"<p>La Consejer\u00eda de Medio Ambiente, Vivienda y Ordenaci\u00f3n del Territorio ha modificado el plazo de las dos \u00f3rdenes por las que se convocan estas subvenciones que forman parte del Plan de Recuperaci\u00f3n, Transformaci\u00f3n y Resiliencia financiado por la Uni\u00f3n Europea con los Fondos Next Generation. La Consejer\u00eda de Medio Ambiente, Vivienda y Ordenaci\u00f3n del Territorio [&hellip;]<\/p>\n","protected":false},"author":1,"featured_media":1419,"comment_status":"open","ping_status":"closed","sticky":false,"template":"","format":"standard","meta":{"_monsterinsights_skip_tracking":false,"_monsterinsights_sitenote_active":false,"_monsterinsights_sitenote_note":"","_monsterinsights_sitenote_category":0,"site-container-style":"default","site-container-layout":"default","site-sidebar-layout":"default","disable-article-header":"default","disable-site-header":"default","disable-site-footer":"default","disable-content-area-spacing":"default","_jetpack_memberships_contains_paid_content":false,"footnotes":"","jetpack_publicize_message":"","jetpack_publicize_feature_enabled":true,"jetpack_social_post_already_shared":false,"jetpack_social_options":{"image_generator_settings":{"template":"highway","default_image_id":0,"font":"","enabled":false},"version":2}},"categories":[10],"tags":[],"class_list":["post-1418","post","type-post","status-publish","format-standard","has-post-thumbnail","hentry","category-castilla-y-leon"],"jetpack_publicize_connections":[],"jetpack_featured_media_url":"https:\/\/987aldia.com\/web\/wp-content\/uploads\/2023\/06\/casa-3d-puntuaciones-energia.jpg","jetpack_sharing_enabled":true,"_links":{"self":[{"href":"https:\/\/987aldia.com\/web\/wp-json\/wp\/v2\/posts\/1418","targetHints":{"allow":["GET"]}}],"collection":[{"href":"https:\/\/987aldia.com\/web\/wp-json\/wp\/v2\/posts"}],"about":[{"href":"https:\/\/987aldia.com\/web\/wp-json\/wp\/v2\/types\/post"}],"author":[{"embeddable":true,"href":"https:\/\/987aldia.com\/web\/wp-json\/wp\/v2\/users\/1"}],"replies":[{"embeddable":true,"href":"https:\/\/987aldia.com\/web\/wp-json\/wp\/v2\/comments?post=1418"}],"version-history":[{"count":1,"href":"https:\/\/987aldia.com\/web\/wp-json\/wp\/v2\/posts\/1418\/revisions"}],"predecessor-version":[{"id":1420,"href":"https:\/\/987aldia.com\/web\/wp-json\/wp\/v2\/posts\/1418\/revisions\/1420"}],"wp:featuredmedia":[{"embeddable":true,"href":"https:\/\/987aldia.com\/web\/wp-json\/wp\/v2\/media\/1419"}],"wp:attachment":[{"href":"https:\/\/987aldia.com\/web\/wp-json\/wp\/v2\/media?parent=1418"}],"wp:term":[{"taxonomy":"category","embeddable":true,"href":"https:\/\/987aldia.com\/web\/wp-json\/wp\/v2\/categories?post=1418"},{"taxonomy":"post_tag","embeddable":true,"href":"https:\/\/987aldia.com\/web\/wp-json\/wp\/v2\/tags?post=1418"}],"curies":[{"name":"wp","href":"https:\/\/api.w.org\/{rel}","templated":true}]}}