{"id":1421,"date":"2023-06-05T11:44:17","date_gmt":"2023-06-05T11:44:17","guid":{"rendered":"https:\/\/987aldia.com\/web\/?p=1421"},"modified":"2023-06-06T11:48:48","modified_gmt":"2023-06-06T11:48:48","slug":"fele-y-aspace-leon-colaboran-para-la-insercion-laboral-de-personas-con-paralisis-cerebral","status":"publish","type":"post","link":"https:\/\/987aldia.com\/web\/fele-y-aspace-leon-colaboran-para-la-insercion-laboral-de-personas-con-paralisis-cerebral\/","title":{"rendered":"FELE y\u00a0ASPACE LE\u00d3N colaboran para la inserci\u00f3n laboral de personas con par\u00e1lisis cerebral"},"content":{"rendered":"\n<h2 class=\"wp-block-heading\"><strong>La Federaci\u00f3n Leonesa de Empresarios (FELE) y\u00a0la\u00a0Asociaci\u00f3n para la atenci\u00f3n de personas con par\u00e1lisis cerebral y encefalopat\u00edas afines (ASPACE LE\u00d3N) han firmado un acuerdo de colaboraci\u00f3n<\/strong>.<\/h2>\n\n\n\n<p>Esta ma\u00f1ana ha tenido lugar en la sede principal de Aspace la reuni\u00f3n entre el presidente de FELE, Juan M\u00aa Vallejo Fern\u00e1ndez y Mar\u00eda Jes\u00fas Garc\u00eda \u00c1lvarez, presidenta de ASPACE LE\u00d3N para firmar un convenio que apuesta&nbsp;por la inserci\u00f3n socio laboral de personas con par\u00e1lisis cerebral y discapacidad en general en la provincia de Le\u00f3n. En la misma han estado tambi\u00e9n presentes el secretario general adjunto de FELE, Enrique Su\u00e1rez y el Gerente de Aspace Le\u00f3n Jes\u00fas Hern\u00e1ndez \u00c1lvarez.<\/p>\n\n\n\n<p>Ambas entidades apuestan por la mejora en materia de empleo de las personas con discapacidad y coinciden en la necesidad de aunar esfuerzos para la consecuci\u00f3n de sus intereses comunes, estableciendo caminos de actuaci\u00f3n que favorezcan la integraci\u00f3n de las personas con discapacidad en el \u00e1mbito laboral, contribuyendo a puestos de trabajo estables, a la no discriminaci\u00f3n y a cambiar la realidad transform\u00e1ndola y ofreciendo oportunidades reales para este colectivo.<\/p>\n\n\n\n<p>Para el presidente de FELE, Juan M\u00aa Vallejo, <em>\u201ceste acuerdo es fundamental \u201cpara proporcionar oportunidades de empleo adecuadas y garantizar entornos de trabajo accesibles. No solo estamos empoderando a las personas con par\u00e1lisis cerebral, sino tambi\u00e9n enriqueciendo nuestras empresas. Juntos podemos marcar la diferencia y crear un entorno laboral inclusivo.\u201d<\/em><\/p>\n\n\n\n<p>Cabe recordar que entre las l\u00edneas estrat\u00e9gicas de la patronal leonesa est\u00e1 el desarrollo de acciones para la mejora de la empleabilidad y la integraci\u00f3n laboral a trav\u00e9s de acciones de orientaci\u00f3n y\/o formaci\u00f3n. En el pasado ejercicio, la federaci\u00f3n logr\u00f3 la inserci\u00f3n laboral de m\u00e1s de 60 personas. Asimismo, dispone del primer portal de empleo de la provincia de Le\u00f3n, FELE Empleo, con m\u00e1s de 1.000 demandantes de empleo inscritos. Esta colaboraci\u00f3n con ASPACE refuerza esa estrategia ayudando a su vez a generar mayores oportunidades laborales para las personas con discapacidad.<\/p>\n\n\n\n<p>Para la presidenta de Aspace Le\u00f3n, Mar\u00eda Jes\u00fas Garc\u00eda, es \u201c<em>un instrumento \u00f3ptimo para promover la plena integraci\u00f3n de las personas con discapacidad, as\u00ed como para contribuir a generar puestos de trabajo estables y protegidos. El asesoramiento y la labor de informaci\u00f3n a estas personas, y la mutua colaboraci\u00f3n entre FELE y ASPACE Le\u00f3n en los procesos de selecci\u00f3n son aspectos muy positivos recogidos en este convenio\u201d.<\/em><\/p>\n\n\n\n<p>Aspace Le\u00f3n lleva a cabo desde hace varios a\u00f1os el programa de itinerarios personalizados de inserci\u00f3n sociolaboral para personas con discapacidad cuyo prop\u00f3sito es la orientaci\u00f3n, formaci\u00f3n, inserci\u00f3n laboral, as\u00ed como mejorar la empleabilidad de los y las usuarias a trav\u00e9s de objetivos personalizados teniendo en cuenta el proyecto de vida de cada persona. Es un programa que est\u00e1 financiado por Gerencia de Servicios sociales y cofinanciado por el Fondo social europeo.<\/p>\n","protected":false},"excerpt":{"rendered":"<p>La Federaci\u00f3n Leonesa de Empresarios (FELE) y\u00a0la\u00a0Asociaci\u00f3n para la atenci\u00f3n de personas con par\u00e1lisis cerebral y encefalopat\u00edas afines (ASPACE LE\u00d3N) han firmado un acuerdo de colaboraci\u00f3n. Esta ma\u00f1ana ha tenido lugar en la sede principal de Aspace la reuni\u00f3n entre el presidente de FELE, Juan M\u00aa Vallejo Fern\u00e1ndez y Mar\u00eda Jes\u00fas Garc\u00eda \u00c1lvarez, presidenta de [&hellip;]<\/p>\n","protected":false},"author":1,"featured_media":1422,"comment_status":"open","ping_status":"closed","sticky":false,"template":"","format":"standard","meta":{"_monsterinsights_skip_tracking":false,"_monsterinsights_sitenote_active":false,"_monsterinsights_sitenote_note":"","_monsterinsights_sitenote_category":0,"site-container-style":"default","site-container-layout":"default","site-sidebar-layout":"default","disable-article-header":"default","disable-site-header":"default","disable-site-footer":"default","disable-content-area-spacing":"default","_jetpack_memberships_contains_paid_content":false,"footnotes":"","jetpack_publicize_message":"","jetpack_publicize_feature_enabled":true,"jetpack_social_post_already_shared":false,"jetpack_social_options":{"image_generator_settings":{"template":"highway","default_image_id":0,"font":"","enabled":false},"version":2}},"categories":[7],"tags":[],"class_list":["post-1421","post","type-post","status-publish","format-standard","has-post-thumbnail","hentry","category-notas-de-prensa"],"jetpack_publicize_connections":[],"jetpack_featured_media_url":"https:\/\/987aldia.com\/web\/wp-content\/uploads\/2023\/06\/IMG_Acuerdo-FELE-ASPACE.jpg","jetpack_sharing_enabled":true,"_links":{"self":[{"href":"https:\/\/987aldia.com\/web\/wp-json\/wp\/v2\/posts\/1421","targetHints":{"allow":["GET"]}}],"collection":[{"href":"https:\/\/987aldia.com\/web\/wp-json\/wp\/v2\/posts"}],"about":[{"href":"https:\/\/987aldia.com\/web\/wp-json\/wp\/v2\/types\/post"}],"author":[{"embeddable":true,"href":"https:\/\/987aldia.com\/web\/wp-json\/wp\/v2\/users\/1"}],"replies":[{"embeddable":true,"href":"https:\/\/987aldia.com\/web\/wp-json\/wp\/v2\/comments?post=1421"}],"version-history":[{"count":1,"href":"https:\/\/987aldia.com\/web\/wp-json\/wp\/v2\/posts\/1421\/revisions"}],"predecessor-version":[{"id":1423,"href":"https:\/\/987aldia.com\/web\/wp-json\/wp\/v2\/posts\/1421\/revisions\/1423"}],"wp:featuredmedia":[{"embeddable":true,"href":"https:\/\/987aldia.com\/web\/wp-json\/wp\/v2\/media\/1422"}],"wp:attachment":[{"href":"https:\/\/987aldia.com\/web\/wp-json\/wp\/v2\/media?parent=1421"}],"wp:term":[{"taxonomy":"category","embeddable":true,"href":"https:\/\/987aldia.com\/web\/wp-json\/wp\/v2\/categories?post=1421"},{"taxonomy":"post_tag","embeddable":true,"href":"https:\/\/987aldia.com\/web\/wp-json\/wp\/v2\/tags?post=1421"}],"curies":[{"name":"wp","href":"https:\/\/api.w.org\/{rel}","templated":true}]}}