{"id":1424,"date":"2023-06-05T11:50:13","date_gmt":"2023-06-05T11:50:13","guid":{"rendered":"https:\/\/987aldia.com\/web\/?p=1424"},"modified":"2023-06-06T11:52:13","modified_gmt":"2023-06-06T11:52:13","slug":"la-junta-convoca-ayudas-para-la-modernizacion-de-las-empresas-privadas-de-transporte-de-viajeros-y-mercancias-por-importe-de-536-me-de-fondos-europeos","status":"publish","type":"post","link":"https:\/\/987aldia.com\/web\/la-junta-convoca-ayudas-para-la-modernizacion-de-las-empresas-privadas-de-transporte-de-viajeros-y-mercancias-por-importe-de-536-me-de-fondos-europeos\/","title":{"rendered":"La Junta convoca ayudas para la modernizaci\u00f3n de las empresas privadas de transporte de viajeros y mercanc\u00edas por importe de 5,36 M\u20ac de fondos europeos"},"content":{"rendered":"\n<h2 class=\"wp-block-heading\"><strong>La convocatoria, publicada en el BOCyL de hoy, tiene por finalidad la digitalizaci\u00f3n de las empresas privadas de transporte de viajeros y mercanc\u00edas, de los operadores de transporte y de las empresas cargadoras, para favorecer la interoperabilidad de todos los eslabones que componen la cadena del sector. Tambi\u00e9n hoy se ha publicado la orden por la que el Gobierno Auton\u00f3mico ampl\u00eda hasta los 28,6 millones de euros el cr\u00e9dito de las subvenciones para la renovaci\u00f3n de flotas del sector.<\/strong><\/h2>\n\n\n\n<p>La consejera de Movilidad y Transformaci\u00f3n Digital, Mar\u00eda Gonz\u00e1lez Corral, se ha reunido esta ma\u00f1ana con los representantes de las principales asociaciones del sector auton\u00f3mico del transporte (FECyLBUS, FETRACAL, CyLTRA, UPATRANS, ASETRADIS y ACLEM) para explicarles los detalles de la orden que ha salido publicada hoy en el BOCyL y que regula la convocatoria de la Junta para las ayudas a la modernizaci\u00f3n de las empresas privadas de transporte de viajeros y mercanc\u00edas por un importe de 5,36 millones de euros. El objetivo de la misma es incrementar la eficiencia de las empresas y del sistema de transporte mediante la digitalizaci\u00f3n, la sostenibilidad, la conectividad, la renovaci\u00f3n de los sistemas y la introducci\u00f3n de nuevas tecnolog\u00edas en el sector.<\/p>\n\n\n\n<p>Para conseguir la interoperabilidad de los sistemas y procesos de los diferentes actores involucrados en el transporte de mercanc\u00edas, se considera necesario promover, no solo la modernizaci\u00f3n de las empresas del transporte, sino tambi\u00e9n de los operadores de transporte y de las empresas cargadoras, como miembros indispensables de la cadena del transporte.<\/p>\n\n\n\n<p>Los destinatarios de las subvenciones convocadas en esta orden, financiadas con cargo a los Fondos Europeos del Mecanismo de Recuperaci\u00f3n y Resiliencia (MRR), son las personas f\u00edsicas o jur\u00eddicas privadas que tengan su residencia fiscal en Castilla y Le\u00f3n y que sean titulares de alguna de las siguientes autorizaciones: transporte p\u00fablico de mercanc\u00edas habilitante para hacer transporte con veh\u00edculos o conjuntos de veh\u00edculos de m\u00e1s de 3,5 toneladas de masa m\u00e1xima (MDPE); autorizaci\u00f3n de transporte p\u00fablico discrecional de viajeros en autob\u00fas (VDE); autorizaci\u00f3n de transporte publico de mercanc\u00edas habilitante para hacer transporte con veh\u00edculos de hasta 3,5 toneladas de masa m\u00e1xima (MDLE) y autorizaci\u00f3n de operador de transporte habilitante para intermediar en la contrataci\u00f3n de transportes p\u00fablicos de mercanc\u00edas (OT). En todos los casos deber\u00e1n est\u00e1n en vigor a la fecha de solicitud de las ayudas.<\/p>\n\n\n\n<p>Ser\u00e1n tambi\u00e9n beneficiarias aquellas personas f\u00edsicas o jur\u00eddicas privadas que presten el servicio p\u00fablico de transporte urbano en autob\u00fas y est\u00e9n exentas de la obtenci\u00f3n de las autorizaciones anteriores, as\u00ed como las que intervengan en el proceso de transporte de mercanc\u00edas como cargador\/descargador o expedidor\/receptor, tal y como se refleja en la Ley 16\/1987, de 30 de julio, en el documento de control y en el ADR.<\/p>\n\n\n\n<p>Las actuaciones subvencionables son el establecimiento de gestores de documentos de control electr\u00f3nicos; la implantaci\u00f3n de sistemas de tac\u00f3grafo inteligente de segunda generaci\u00f3n; la integraci\u00f3n de documentos de control electr\u00f3nicos en los sistemas de gesti\u00f3n; la implementaci\u00f3n de sistemas TMS\/ERP, de SAE o la actualizaci\u00f3n de estos \u00faltimos; la inclusi\u00f3n de ayudas a los servicios de transporte de viajeros; la creaci\u00f3n de aplicaciones para reclamaciones por medios electr\u00f3nicos; o la mejora de los sistemas de ticketing.<\/p>\n\n\n\n<p>Las solicitudes, junto con la documentaci\u00f3n establecida en la Orden, se presentar\u00e1n, hasta el 30 de junio de 2024, de forma telem\u00e1tica en la sede electr\u00f3nica de la Junta de Castilla y Le\u00f3n. Las personas f\u00edsicas podr\u00e1n presentarlo de forma presencial en cualquiera de las oficinas de asistencia en materia de registros de la Administraci\u00f3n de la Comunidad de Castilla y Le\u00f3n. Igualmente podr\u00e1 presentarlo en cualquiera de los centros oficiales a los que se refiere y en la forma que determina el art\u00edculo 16.4 de la Ley 39\/2015, de 1 de octubre, del Procedimiento Administrativo Com\u00fan de las Administraciones P\u00fablicas. De presentarse en oficinas de correos, deber\u00e1 hacerse en sobre abierto para que puedan ser selladas antes de ser certificadas.<\/p>\n\n\n\n<p>La convocatoria se efect\u00faa en r\u00e9gimen de concurrencia simple, o lo que es lo mismo, las solicitudes ser\u00e1n atendidas por riguroso orden de presentaci\u00f3n hasta el agotamiento de los fondos. El texto completo podr\u00e1 consultarse en la&nbsp;<a href=\"https:\/\/www.pap.hacienda.gob.es\/bdnstrans\/ge\/es\/convocatorias\">Base de Datos Nacional de Subvenciones<\/a>&nbsp;&nbsp;y en la&nbsp;<a href=\"https:\/\/www.tramitacastillayleon.jcyl.es\/\">sede electr\u00f3nica de la Administraci\u00f3n<\/a>&nbsp;.<\/p>\n\n\n\n<p><strong>Ampliaci\u00f3n cr\u00e9dito renovaci\u00f3n flotas<\/strong><\/p>\n\n\n\n<p>Se da la circunstancia de que el BOCyL de hoy tambi\u00e9n recoge la orden mediante la cual la Junta anuncia el incremento hasta los 28,6 millones de euros del cr\u00e9dito de las subvenciones para la transformaci\u00f3n de flotas en el sector del transporte, algo sobre lo que tambi\u00e9n ha tratado la consejera con los representantes de los transportistas en la reuni\u00f3n de esta ma\u00f1ana.<\/p>\n\n\n\n<p>Esta ampliaci\u00f3n, cifrada en 16,1 millones de euros, va destinada a la transformaci\u00f3n de flotas y de transportes de viajeros y mercanc\u00edas de empresas privadas prestadoras de servicios de transporte por carretera, as\u00ed como de empresas que realicen transporte privado complementario, con cargo a los Fondos Europeos NEXT Generation.<\/p>\n\n\n\n<p>Con este incremento presupuestario, desde la Consejer\u00eda de Movilidad y Transformaci\u00f3n Digital se pretende atender la gran demanda de solicitudes recibidas, manteniendo los plazos de presentaci\u00f3n de nuevas solicitudes seg\u00fan los establecidos en la orden de convocatoria de estas ayudas publicada en el mes de mayo de 2022; siendo hasta el 30 de abril de 2024, a excepci\u00f3n de las ayudas para la implantaci\u00f3n de infraestructuras de recarga de veh\u00edculos el\u00e9ctricos, que finalizaran el 31 de diciembre de 2023.<\/p>\n\n\n\n<p>Las subvenciones objeto de esta convocatoria se conceden con cargo a los Presupuestos Generales de la Junta de Castilla y Le\u00f3n, y forman parte de las subvenciones que concede el Ministerio de Transportes, Movilidad y Agenda Urbana a la Comunidad de Castilla y Le\u00f3n en el marco del Plan de Recuperaci\u00f3n, Transformaci\u00f3n y Resiliencia, financiado por la Uni\u00f3n Europea-Next Generation EU.<\/p>\n\n\n\n<p>Las actuaciones subvencionadas en la convocatoria incluyen el achatarramiento de veh\u00edculos, la adquisici\u00f3n de veh\u00edculos de energ\u00edas alternativas bajas en carbono, el retrofit o modificaci\u00f3n del sistema de propulsi\u00f3n de los veh\u00edculos, la implantaci\u00f3n de infraestructuras de recarga de veh\u00edculos el\u00e9ctricos y la adquisici\u00f3n de semirremolques para autopistas f\u00e9rreas.<\/p>\n\n\n\n<p>Seg\u00fan la convocatoria hasta un 45 % del presupuesto se destinar\u00e1 a actuaciones vinculadas al achatarramiento de veh\u00edculos, con un m\u00ednimo del 40 % destinado a la adquisici\u00f3n de veh\u00edculos de energ\u00edas alternativas bajas en carbono; el presupuesto restante se distribuir\u00e1 entre el resto de actividades subvencionadas.<\/p>\n\n\n\n<p>Los beneficiarios dirigir\u00e1n la solicitud a la Direcci\u00f3n General de transportes y Log\u00edstica de la Consejer\u00eda de Movilidad y Transformaci\u00f3n Digital de la Junta de Castilla y Le\u00f3n; las solicitudes, junto con la documentaci\u00f3n establecida, se presentar\u00e1n de forma telem\u00e1tica en la&nbsp;<a href=\"https:\/\/www.tramitacastillayleon.jcyl.es\/\">sede electr\u00f3nica de la Administraci\u00f3n<\/a><\/p>\n\n\n\n<p>Toda la informaci\u00f3n est\u00e1 a disposici\u00f3n de los interesados en la&nbsp;<a href=\"https:\/\/www.pap.hacienda.gob.es\/bdnstrans\/ge\/es\/convocatorias\">Base de Datos Nacional de Subvenciones<\/a>&nbsp;&nbsp;y en la&nbsp;<a href=\"https:\/\/www.tramitacastillayleon.jcyl.es\/\">sede electr\u00f3nica de la Administraci\u00f3n<\/a><\/p>\n\n\n\n<p>Hasta la fecha se han recibido un total de 1.342 solicitudes, siendo el achatarramiento de veh\u00edculos la que m\u00e1s ha concitado con 1.257, seguida muy de lejos por la adquisici\u00f3n de nuevas unidades con 79.<\/p>\n","protected":false},"excerpt":{"rendered":"<p>La convocatoria, publicada en el BOCyL de hoy, tiene por finalidad la digitalizaci\u00f3n de las empresas privadas de transporte de viajeros y mercanc\u00edas, de los operadores de transporte y de las empresas cargadoras, para favorecer la interoperabilidad de todos los eslabones que componen la cadena del sector. Tambi\u00e9n hoy se ha publicado la orden por [&hellip;]<\/p>\n","protected":false},"author":1,"featured_media":1425,"comment_status":"open","ping_status":"closed","sticky":false,"template":"","format":"standard","meta":{"_monsterinsights_skip_tracking":false,"_monsterinsights_sitenote_active":false,"_monsterinsights_sitenote_note":"","_monsterinsights_sitenote_category":0,"site-container-style":"default","site-container-layout":"default","site-sidebar-layout":"default","disable-article-header":"default","disable-site-header":"default","disable-site-footer":"default","disable-content-area-spacing":"default","_jetpack_memberships_contains_paid_content":false,"footnotes":"","jetpack_publicize_message":"","jetpack_publicize_feature_enabled":true,"jetpack_social_post_already_shared":false,"jetpack_social_options":{"image_generator_settings":{"template":"highway","default_image_id":0,"font":"","enabled":false},"version":2}},"categories":[10],"tags":[],"class_list":["post-1424","post","type-post","status-publish","format-standard","has-post-thumbnail","hentry","category-castilla-y-leon"],"jetpack_publicize_connections":[],"jetpack_featured_media_url":"https:\/\/987aldia.com\/web\/wp-content\/uploads\/2023\/06\/concepto-transporte-tren.jpg","jetpack_sharing_enabled":true,"_links":{"self":[{"href":"https:\/\/987aldia.com\/web\/wp-json\/wp\/v2\/posts\/1424","targetHints":{"allow":["GET"]}}],"collection":[{"href":"https:\/\/987aldia.com\/web\/wp-json\/wp\/v2\/posts"}],"about":[{"href":"https:\/\/987aldia.com\/web\/wp-json\/wp\/v2\/types\/post"}],"author":[{"embeddable":true,"href":"https:\/\/987aldia.com\/web\/wp-json\/wp\/v2\/users\/1"}],"replies":[{"embeddable":true,"href":"https:\/\/987aldia.com\/web\/wp-json\/wp\/v2\/comments?post=1424"}],"version-history":[{"count":1,"href":"https:\/\/987aldia.com\/web\/wp-json\/wp\/v2\/posts\/1424\/revisions"}],"predecessor-version":[{"id":1426,"href":"https:\/\/987aldia.com\/web\/wp-json\/wp\/v2\/posts\/1424\/revisions\/1426"}],"wp:featuredmedia":[{"embeddable":true,"href":"https:\/\/987aldia.com\/web\/wp-json\/wp\/v2\/media\/1425"}],"wp:attachment":[{"href":"https:\/\/987aldia.com\/web\/wp-json\/wp\/v2\/media?parent=1424"}],"wp:term":[{"taxonomy":"category","embeddable":true,"href":"https:\/\/987aldia.com\/web\/wp-json\/wp\/v2\/categories?post=1424"},{"taxonomy":"post_tag","embeddable":true,"href":"https:\/\/987aldia.com\/web\/wp-json\/wp\/v2\/tags?post=1424"}],"curies":[{"name":"wp","href":"https:\/\/api.w.org\/{rel}","templated":true}]}}