{"id":1463,"date":"2023-06-06T12:21:38","date_gmt":"2023-06-06T12:21:38","guid":{"rendered":"https:\/\/987aldia.com\/web\/?p=1463"},"modified":"2023-06-06T12:21:38","modified_gmt":"2023-06-06T12:21:38","slug":"la-filmoteca-de-castilla-y-leon-finaliza-su-ciclo-europa-luces-y-sombras-y-proyecta-el-palmares-del-27-festival-la-fila-de-cortometrajes","status":"publish","type":"post","link":"https:\/\/987aldia.com\/web\/la-filmoteca-de-castilla-y-leon-finaliza-su-ciclo-europa-luces-y-sombras-y-proyecta-el-palmares-del-27-festival-la-fila-de-cortometrajes\/","title":{"rendered":"La Filmoteca de Castilla y Le\u00f3n finaliza su ciclo \u2018Europa, luces y sombras\u2019 y proyecta el palmar\u00e9s del 27 Festival La Fila de Cortometrajes"},"content":{"rendered":"\n<h2 class=\"wp-block-heading\"><strong>Dentro de la programaci\u00f3n del mes de junio, la Filmoteca Regional presenta dos nuevas pel\u00edculas, un documental, tres cortos y un mediometraje, adem\u00e1s de otras actividades culturales y exposiciones para todos los p\u00fablicos.<\/strong><\/h2>\n\n\n\n<p><strong>Ciclos<\/strong><\/p>\n\n\n\n<p>Durante estos meses, la Filmoteca ha profundizado en algunos t\u00edtulos de la filmograf\u00eda m\u00e1s actual del continente europeo. Enmarcado en el ciclo \u2018Luces y sombras&#8217;, nos han sumergido en modos de vida, desaf\u00edos personales y lugares que el cine nos ha acercado con sensibilidad y precisi\u00f3n. Los d\u00edas 15 y 16 de junio, a las 19 horas, finaliza este ciclo en el Teatro Juan del Enzina, con el estreno de R.M.N., de Cristian Mungiu y el \u00faltimo trabajo de Isaki Lacuesta. La entrada es libre hasta completar el aforo.<\/p>\n\n\n\n<ul class=\"wp-block-list\">\n<li>El jueves 15 ser\u00e1 el estreno en Salamanca de \u2018R.M.N.\u2019, la \u00faltima obra del director rumano Cristian Mungiu, ganador de la Palma de Oro de Cannes y de un Goya a Mejor Pel\u00edcula Europea por&nbsp;<em>4 meses, 3 semanas, 2 d\u00edas<\/em>&nbsp;(2008).<\/li>\n\n\n\n<li>El viernes 16 ser\u00e1 el turno de \u2018Un a\u00f1o, una noche\u2019, bajo la direcci\u00f3n de Isaki Lacuesta, y ganadora de un Premio Goya al Mejor guion adaptado (2023). Se trata de una adaptaci\u00f3n cinematogr\u00e1fica basada en el libro \u201cPaz, amor y Death metal\u201d, de Ram\u00f3n Gonz\u00e1lez, superviviente del atentado terrorista en la sala de conciertos Bataclan de Par\u00eds.<\/li>\n<\/ul>\n\n\n\n<p><strong>Documental y publicaciones<\/strong><\/p>\n\n\n\n<p>La Filmoteca dedicar\u00e1 los meses de verano al fascinante mundo de la linterna m\u00e1gica y sus contenidos expresivos. Miguel Herrero, autor de m\u00e1s de quince publicaciones sobre el audiovisual, especialista en ilusionismo y fantasmagor\u00edas, propietario de la productora y de la editorial Cinestesia y director del largometraje \u2018El arte de la luz y la sombra\u2019, presentar\u00e1 un avance de este documental, \u2013en el que ha colaborado la Filmoteca de Castilla y Le\u00f3n-&nbsp;y dos de sus \u00faltimas publicaciones.<\/p>\n\n\n\n<p>La cita es el pr\u00f3ximo mi\u00e9rcoles, 21 de junio, a las 12 horas en la Sala de Exposiciones de la Filmoteca. \u2018El arte de la luz y la sombra\u2019 es un documental animado sobre los or\u00edgenes del cine y el audiovisual donde los espectadores podr\u00e1n ver, por primera vez, un recorrido hist\u00f3rico y m\u00e1gico de obras fascinantes y misteriosas con las que el p\u00fablico se entreten\u00eda antes del cine. El director ofrecer\u00e1 un adelanto de este trabajo, que ver\u00e1 la luz pr\u00f3ximamente.<\/p>\n\n\n\n<p>Por otro lado, entre las publicaciones de este mes, destacan las obras completas de Robertson (2021), una figura clave en los or\u00edgenes del cine y de los medios audiovisuales, en la magia y el ilusionismo, en la \u00f3ptica, en la f\u00edsica y en la aeron\u00e1utica. Un inclasificable ilustrado cuya obra hab\u00eda permanecido oculta e in\u00e9dita, hasta el momento,&nbsp;en castellano.<\/p>\n\n\n\n<p>Por primera vez se recopila en un solo tomo toda su obra: sus memorias, su proyecto ut\u00f3pico de la Minerva, su programa de fantasmagor\u00edas, as\u00ed como tambi\u00e9n correspondencia, documentos e im\u00e1genes in\u00e9ditas de este genio. El libro se complementa con im\u00e1genes en color de las colecciones Fran\u00e7ois Binetruy y Miguel Herrero, con un ensayo del editor sobre el artista y cient\u00edfico en el que, adem\u00e1s, se detallan sus \u00faltimas actuaciones en Espa\u00f1a.<\/p>\n\n\n\n<p>Otra de las publicaciones que presenta Herrero es \u2018La Nigromancia y Arqueolog\u00eda de los Medios\u2019 (2020). La nigromancia es una creencia y pr\u00e1ctica antiqu\u00edsima. Un m\u00e9todo de adivinaci\u00f3n a trav\u00e9s de la invocaci\u00f3n de esp\u00edritus y demonios. Ciertas personas acusadas de nigromancia utilizaban m\u00e9todos y artilugios precinematogr\u00e1ficos como la c\u00e1mara oscura, los espejos y la linterna m\u00e1gica (el proyector precursor del cine) para crear la ilusi\u00f3n, como efecto m\u00e1gico, de invocar a un esp\u00edritu, a una persona fallecida o a un demonio. Este tipo de sesiones de nigromancia fueron el germen de los espect\u00e1culos de fantasmagor\u00edas que se hicieron populares a finales del siglo XVIII y principios del siglo XIX.<\/p>\n\n\n\n<p>El libro pretende dar luz a hechos, documentos, testimonios e historias oscuras y fascinantes, vinculadas al ocultismo, a la magia, al ilusionismo, a las sociedades secretas, a las fantasmagor\u00edas y al espiritismo. Adem\u00e1s, est\u00e1 ilustrado con m\u00e1s de cuatrocientas im\u00e1genes ins\u00f3litas, desde la prehistoria a los albores del siglo XXI.<\/p>\n\n\n\n<p><strong>Cortometrajes<\/strong><\/p>\n\n\n\n<p>Para esta sesi\u00f3n se han seleccionado los tres t\u00edtulos premiados a Mejor cortometraje de animaci\u00f3n, Mejor cortometraje documental y Mejor cortometraje de ficci\u00f3n en el 27 Festival La Fila de Cortometrajes, seguidos de \u201cLa voz humana\u201d, mediometraje que Pedro Almod\u00f3var present\u00f3 en el Festival de Venecia 2020.<\/p>\n\n\n\n<p>La sesi\u00f3n completa tendr\u00e1 una duraci\u00f3n de 86 minutos y se proyectar\u00e1 el jueves 22 de junio, a las 19:30 horas, en el Teatro Juan del Enzina de Salamanca y&nbsp;con entrada libre.<\/p>\n\n\n\n<ul class=\"wp-block-list\">\n<li>Mejor Cortometraje de Animaci\u00f3n: \u201cSamara Op 4\u201d de Maxime Wattrelos, J\u00e9r\u00e9my Trochet, Louis Cocquet, Marie Heribel y Fran\u00e7ois Mainguet (Francia).<\/li>\n\n\n\n<li>Mejor Cortometraje Documental: \u201cMi Holocausto, Philomena Franz\u201d de David Navarro.<\/li>\n\n\n\n<li>Mejor Cortometraje de Ficci\u00f3n: \u201cEl cr\u00e9dito\u201d de Alex Escudero y protagonizado por Jos\u00e9 Sacrist\u00e1n.<\/li>\n<\/ul>\n\n\n\n<p>Por \u00faltimo, y adem\u00e1s de todas estas novedades en la programaci\u00f3n de la Filmoteca, contin\u00faa abierta al p\u00fablico la muestra \u2018El cine de juguete. Cine NIC\u2019 con la extraordinaria Colecci\u00f3n Antonio S\u00e1nchez. Esta exposici\u00f3n finaliza el 30 de junio, por lo que estos son los \u00faltimos d\u00edas para disfrutar de esta oportunidad de conocer uno de los juguetes m\u00e1s deseados entre 1931 \u2013fecha de su comercializaci\u00f3n- y 1974 \u2013fecha de su desaparici\u00f3n-.<\/p>\n","protected":false},"excerpt":{"rendered":"<p>Dentro de la programaci\u00f3n del mes de junio, la Filmoteca Regional presenta dos nuevas pel\u00edculas, un documental, tres cortos y un mediometraje, adem\u00e1s de otras actividades culturales y exposiciones para todos los p\u00fablicos. Ciclos Durante estos meses, la Filmoteca ha profundizado en algunos t\u00edtulos de la filmograf\u00eda m\u00e1s actual del continente europeo. Enmarcado en el [&hellip;]<\/p>\n","protected":false},"author":1,"featured_media":1464,"comment_status":"open","ping_status":"closed","sticky":false,"template":"","format":"standard","meta":{"_monsterinsights_skip_tracking":false,"_monsterinsights_sitenote_active":false,"_monsterinsights_sitenote_note":"","_monsterinsights_sitenote_category":0,"site-container-style":"default","site-container-layout":"default","site-sidebar-layout":"default","disable-article-header":"default","disable-site-header":"default","disable-site-footer":"default","disable-content-area-spacing":"default","_jetpack_memberships_contains_paid_content":false,"footnotes":"","jetpack_publicize_message":"","jetpack_publicize_feature_enabled":true,"jetpack_social_post_already_shared":false,"jetpack_social_options":{"image_generator_settings":{"template":"highway","default_image_id":0,"font":"","enabled":false},"version":2}},"categories":[10],"tags":[],"class_list":["post-1463","post","type-post","status-publish","format-standard","has-post-thumbnail","hentry","category-castilla-y-leon"],"jetpack_publicize_connections":[],"jetpack_featured_media_url":"https:\/\/987aldia.com\/web\/wp-content\/uploads\/2023\/06\/equipo-iluminacion-profesional-plato-pelicula-humo-aire.jpg","jetpack_sharing_enabled":true,"_links":{"self":[{"href":"https:\/\/987aldia.com\/web\/wp-json\/wp\/v2\/posts\/1463","targetHints":{"allow":["GET"]}}],"collection":[{"href":"https:\/\/987aldia.com\/web\/wp-json\/wp\/v2\/posts"}],"about":[{"href":"https:\/\/987aldia.com\/web\/wp-json\/wp\/v2\/types\/post"}],"author":[{"embeddable":true,"href":"https:\/\/987aldia.com\/web\/wp-json\/wp\/v2\/users\/1"}],"replies":[{"embeddable":true,"href":"https:\/\/987aldia.com\/web\/wp-json\/wp\/v2\/comments?post=1463"}],"version-history":[{"count":1,"href":"https:\/\/987aldia.com\/web\/wp-json\/wp\/v2\/posts\/1463\/revisions"}],"predecessor-version":[{"id":1465,"href":"https:\/\/987aldia.com\/web\/wp-json\/wp\/v2\/posts\/1463\/revisions\/1465"}],"wp:featuredmedia":[{"embeddable":true,"href":"https:\/\/987aldia.com\/web\/wp-json\/wp\/v2\/media\/1464"}],"wp:attachment":[{"href":"https:\/\/987aldia.com\/web\/wp-json\/wp\/v2\/media?parent=1463"}],"wp:term":[{"taxonomy":"category","embeddable":true,"href":"https:\/\/987aldia.com\/web\/wp-json\/wp\/v2\/categories?post=1463"},{"taxonomy":"post_tag","embeddable":true,"href":"https:\/\/987aldia.com\/web\/wp-json\/wp\/v2\/tags?post=1463"}],"curies":[{"name":"wp","href":"https:\/\/api.w.org\/{rel}","templated":true}]}}