{"id":1478,"date":"2023-06-07T09:27:15","date_gmt":"2023-06-07T09:27:15","guid":{"rendered":"https:\/\/987aldia.com\/web\/?p=1478"},"modified":"2023-06-07T09:27:15","modified_gmt":"2023-06-07T09:27:15","slug":"la-junta-destina-850-000-euros-a-las-nuevas-ayudas-de-comedor-para-el-primer-ciclo-de-educacion-infantil-en-el-curso-2022-2023","status":"publish","type":"post","link":"https:\/\/987aldia.com\/web\/la-junta-destina-850-000-euros-a-las-nuevas-ayudas-de-comedor-para-el-primer-ciclo-de-educacion-infantil-en-el-curso-2022-2023\/","title":{"rendered":"La Junta destina 850.000 euros a las nuevas ayudas de comedor para el primer ciclo de Educaci\u00f3n Infantil en el curso 2022-2023"},"content":{"rendered":"\n<ul class=\"wp-block-list\">\n<li>El Bocyl publica hoy la convocatoria para el alumnado matriculado en centros gestionados por entidades locales o centros privados acogidos a la oferta de escolarizaci\u00f3n gratuita de 2-3 a\u00f1os<\/li>\n\n\n\n<li>La cuant\u00eda m\u00e1xima de la ayuda ser\u00e1 de 941,56 euros por escolar y se abonar\u00e1 en un \u00fanico pago mediante transferencia bancaria<\/li>\n\n\n\n<li>El plazo de presentaci\u00f3n de solicitudes, que se podr\u00e1 realizar de forma presencial o electr\u00f3nica, comprender\u00e1 del 15 al 30 de junio<\/li>\n\n\n\n<li>Los estudiantes que acudan a los centros gestionados por la Consejer\u00eda de Educaci\u00f3n pueden optar a las becas generales de comedor, cuya regulaci\u00f3n se ha modificado tambi\u00e9n para incluir a los alumnos de 1 a 3 a\u00f1os<\/li>\n<\/ul>\n\n\n\n<p>La Consejer\u00eda de Educaci\u00f3n ha establecido este curso una nueva l\u00ednea de becas de comedor para los escolares del primer ciclo de Educaci\u00f3n Infantil cuya convocatoria se publica hoy en el Bolet\u00edn Oficial de Castilla y Le\u00f3n (Bocyl).<\/p>\n\n\n\n<p>A ella se puede acoger el alumnado escolarizado en centros gestionados por entidades locales o privados acogidos a la oferta gratuita para cursar el tercer curso del primer ciclo de Infantil, es decir, para alumnos de 2-3 a\u00f1os. De esta l\u00ednea de ayudas, no se podr\u00e1n beneficiar las familias cuyos hijos est\u00e9n matriculados en las escuelas y en los centros p\u00fablicos gestionados por la Consejer\u00eda de Educaci\u00f3n, que ya disfrutan de su propio r\u00e9gimen de ayudas.<\/p>\n\n\n\n<p>La Junta de Castilla y Le\u00f3n ha establecido un presupuesto de 850.000 euros, que podr\u00e1 ser ampliado si las circunstancias lo requieren. As\u00ed, la cuant\u00eda m\u00e1xima de la ayuda por alumno podr\u00e1 ser de 941,60 euros. Esta cantidad se corresponde con la multiplicaci\u00f3n del precio medio diario del alumnado habitual \u20134,28 euros\u2013&nbsp;por 22 d\u00edas y 10 meses.<\/p>\n\n\n\n<p>Las solicitudes, una por cada alumno, se cumplimentar\u00e1n conforme al documento que se encontrar\u00e1 disponible en la sede de&nbsp;<a href=\"http:\/\/www.tramitacastillayleon.jcyl.es\/\">administraci\u00f3n electr\u00f3nica<\/a>&nbsp;y en el&nbsp;<a href=\"http:\/\/www.educa.jcyl.es\/\">Portal de Educaci\u00f3n<\/a>&nbsp;y se podr\u00e1n presentar tanto de forma presencial en los registros habilitados, como de manera electr\u00f3nica, entre el 15 y el 30 de junio. El importe de las ayudas que se concedan se abonar\u00e1, en un \u00fanico pago mediante transferencia bancaria, una vez realizada la justificaci\u00f3n de esta.<\/p>\n\n\n\n<p><strong>Ayudas y cuant\u00edas<\/strong><\/p>\n\n\n\n<p>Tendr\u00e1n derecho al 100 % de la ayuda los alumnos que pertenezcan a unidades familiares en las que la suma de los ingresos de todos sus miembros obtenidos en el periodo impositivo inmediatamente anterior no exceda dos veces el IPREM;&nbsp;aquellos que se encuentre en situaci\u00f3n de acogimiento;&nbsp;el perteneciente a familias numerosas de categor\u00eda especial, v\u00edctima de violencia de g\u00e9nero o de terrorismo, y el que posea un grado de discapacidad igual o superior al 33 %.<\/p>\n\n\n\n<p>Asimismo, tendr\u00e1 derecho al 75 % de la ayuda el alumnado perteneciente a unidades familiares en las que la suma de los ingresos no exceda dos veces y media el IPREM anual; y al 50 %, aquellos cuya familia no sobrepase tres veces el IPREM anual y los pertenecientes a familias numerosas de categor\u00eda general.<\/p>\n\n\n\n<p><strong>Cambios en las becas de comedor generales<\/strong><\/p>\n\n\n\n<p>Asimismo, la Consejer\u00eda de Educaci\u00f3n ha modificado tambi\u00e9n la normativa que regula el servicio p\u00fablico de comedor escolar para incorporar, el curso 2023-2024, a los nuevos alumnos del primer ciclo de Educaci\u00f3n Infantil en los centros p\u00fablicos dependientes de la Junta.<\/p>\n\n\n\n<p>De esta forma, a partir de ahora, las ayudas de comedor podr\u00e1n solicitarse por los padres, madres o tutores legales de los alumnos que cursan el segundo curso y el tercer curso del primer ciclo de Infantil \u2013de 1 a 3 a\u00f1os\u2013&nbsp;adem\u00e1s de por aquellas familias cuyos hijos est\u00e9n matriculados en el segundo ciclo de Infantil, Primaria, Educaci\u00f3n Secundaria Obligatoria o Educaci\u00f3n Especial.<\/p>\n","protected":false},"excerpt":{"rendered":"<p>La Consejer\u00eda de Educaci\u00f3n ha establecido este curso una nueva l\u00ednea de becas de comedor para los escolares del primer ciclo de Educaci\u00f3n Infantil cuya convocatoria se publica hoy en el Bolet\u00edn Oficial de Castilla y Le\u00f3n (Bocyl). A ella se puede acoger el alumnado escolarizado en centros gestionados por entidades locales o privados acogidos [&hellip;]<\/p>\n","protected":false},"author":1,"featured_media":1479,"comment_status":"open","ping_status":"closed","sticky":false,"template":"","format":"standard","meta":{"_monsterinsights_skip_tracking":false,"_monsterinsights_sitenote_active":false,"_monsterinsights_sitenote_note":"","_monsterinsights_sitenote_category":0,"site-container-style":"default","site-container-layout":"default","site-sidebar-layout":"default","disable-article-header":"default","disable-site-header":"default","disable-site-footer":"default","disable-content-area-spacing":"default","_jetpack_memberships_contains_paid_content":false,"footnotes":"","jetpack_publicize_message":"","jetpack_publicize_feature_enabled":true,"jetpack_social_post_already_shared":false,"jetpack_social_options":{"image_generator_settings":{"template":"highway","default_image_id":0,"font":"","enabled":false},"version":2}},"categories":[10],"tags":[],"class_list":["post-1478","post","type-post","status-publish","format-standard","has-post-thumbnail","hentry","category-castilla-y-leon"],"jetpack_publicize_connections":[],"jetpack_featured_media_url":"https:\/\/987aldia.com\/web\/wp-content\/uploads\/2023\/06\/educacion-destina-75-4-millones-para-las-becas-de-comedor-del-proximo-curso-escolar-un-2-7-mas.jpeg","jetpack_sharing_enabled":true,"_links":{"self":[{"href":"https:\/\/987aldia.com\/web\/wp-json\/wp\/v2\/posts\/1478","targetHints":{"allow":["GET"]}}],"collection":[{"href":"https:\/\/987aldia.com\/web\/wp-json\/wp\/v2\/posts"}],"about":[{"href":"https:\/\/987aldia.com\/web\/wp-json\/wp\/v2\/types\/post"}],"author":[{"embeddable":true,"href":"https:\/\/987aldia.com\/web\/wp-json\/wp\/v2\/users\/1"}],"replies":[{"embeddable":true,"href":"https:\/\/987aldia.com\/web\/wp-json\/wp\/v2\/comments?post=1478"}],"version-history":[{"count":1,"href":"https:\/\/987aldia.com\/web\/wp-json\/wp\/v2\/posts\/1478\/revisions"}],"predecessor-version":[{"id":1480,"href":"https:\/\/987aldia.com\/web\/wp-json\/wp\/v2\/posts\/1478\/revisions\/1480"}],"wp:featuredmedia":[{"embeddable":true,"href":"https:\/\/987aldia.com\/web\/wp-json\/wp\/v2\/media\/1479"}],"wp:attachment":[{"href":"https:\/\/987aldia.com\/web\/wp-json\/wp\/v2\/media?parent=1478"}],"wp:term":[{"taxonomy":"category","embeddable":true,"href":"https:\/\/987aldia.com\/web\/wp-json\/wp\/v2\/categories?post=1478"},{"taxonomy":"post_tag","embeddable":true,"href":"https:\/\/987aldia.com\/web\/wp-json\/wp\/v2\/tags?post=1478"}],"curies":[{"name":"wp","href":"https:\/\/api.w.org\/{rel}","templated":true}]}}