{"id":1487,"date":"2023-06-07T09:53:54","date_gmt":"2023-06-07T09:53:54","guid":{"rendered":"https:\/\/987aldia.com\/web\/?p=1487"},"modified":"2023-06-07T09:53:55","modified_gmt":"2023-06-07T09:53:55","slug":"el-complejo-asistencial-de-avila-ha-realizado-las-dos-primeras-donaciones-de-organos-en-asistolia-controlada","status":"publish","type":"post","link":"https:\/\/987aldia.com\/web\/el-complejo-asistencial-de-avila-ha-realizado-las-dos-primeras-donaciones-de-organos-en-asistolia-controlada\/","title":{"rendered":"El Complejo Asistencial de \u00c1vila ha realizado las dos primeras donaciones de \u00f3rganos en asistolia controlada"},"content":{"rendered":"\n<ul class=\"wp-block-list\">\n<li>Supone la donaci\u00f3n de \u00f3rganos y tejidos que proceden de un donante al que se le diagnostica la muerte tras la confirmaci\u00f3n del cese irreversible de las funciones cardiorrespiratorias (ausencia de latido cardiaco y de respiraci\u00f3n espont\u00e1nea)<\/li>\n\n\n\n<li>El 7 de junio se celebra el D\u00eda nacional del donante de \u00f3rganos y tejidos<\/li>\n<\/ul>\n\n\n\n<p>En los primeros meses del 2023 el Complejo Asistencial de \u00c1vila ha realizado las dos primeras donaciones de \u00f3rganos en asistolia controlada. En 2022 no se registr\u00f3 ning\u00fan donante de \u00f3rganos en nuestra provincia donde, tradicionalmente, las donaciones de \u00f3rganos y tejidos hab\u00edan sido en muerte encef\u00e1lica pero no se hab\u00eda dado ninguna donaci\u00f3n en asistolia. Este proyecto de donaci\u00f3n en asistolia permitir\u00e1 dar cabida a otro tipo de pacientes que quieren ser donantes y que hasta ahora no pod\u00edan ver cumplido su deseo de ser donante.<\/p>\n\n\n\n<p>Castilla y Le\u00f3n aprob\u00f3 en 2018 el Protocolo auton\u00f3mico de donaci\u00f3n en asistolia controlada con ECMO (oxigenaci\u00f3n por membrana extracorp\u00f3rea) normot\u00e9rmica para tratar de incorporar a todos los hospitales con capacidad de extracci\u00f3n de \u00f3rganos. Este proyecto es un reto que responde a la necesidad de alcanzar los m\u00e1ximos donantes posibles.<\/p>\n\n\n\n<p>La gerente de Asistencia Sanitaria de \u00c1vila, Isabel Marti\u00f1o D\u00edaz, junto con el equipo de coordinaci\u00f3n de trasplantes -integrado por el coordinador m\u00e9dico, Gabriel Bello, y la coordinadora enfermera, Mamen Rico- agradecen la generosidad de los donantes y de sus familias, sin las cuales no se hubiera podido iniciar este proyecto, y ponen en valor tambi\u00e9n la fundamental colaboraci\u00f3n de todos los equipos, tanto hospitalarios como extrahospitalarios, que han involucrado a m\u00e1s de 30 personas en la \u00faltima donaci\u00f3n que ha tenido lugar.<\/p>\n\n\n\n<p>\u201cSiempre hablamos de la solidaridad de la ciudadan\u00eda cuando hablamos de donaci\u00f3n de \u00f3rganos, pero para que esa solidaridad se transforme en el trasplante se necesitan profesionales bien formados y adem\u00e1s el apoyo institucional de las administraciones para dotarlos de las herramientas necesarias\u201d, ha recalcado el doctor Bello.<\/p>\n\n\n\n<p><strong>Programa de donaci\u00f3n de ECMO<\/strong><\/p>\n\n\n\n<p>Impulsar la donaci\u00f3n en asistolia controlada en los hospitales del SACYL es una de las estrategias por las que est\u00e1 apostando la Coordinaci\u00f3n regional de trasplantes, de la mano del coordinador auton\u00f3mico, Pablo Ucio, con el fin de aumentar el n\u00famero de potenciales donantes. Para ello, se incorporan los sistemas de perfusi\u00f3n conocidos como ECMO, siglas en ingl\u00e9s que denominan el dispositivo de oxigenaci\u00f3n por membrana extracorp\u00f3rea. Con esta tecnolog\u00eda se consigue la adecuada perfusi\u00f3n y mantenimiento de los \u00f3rganos a trasplantar durante el proceso quir\u00fargico de extracci\u00f3n.<\/p>\n\n\n\n<p>Actualmente, la ECMO es la t\u00e9cnica de preservaci\u00f3n m\u00e1s ventajosa en el momento de la extracci\u00f3n de \u00f3rganos abdominales, en t\u00e9rminos de mejor funci\u00f3n inmediata del \u00f3rgano trasplantado, menor n\u00famero de complicaciones postrasplante, menor estancia hospitalaria y mejor supervivencia del injerto.<\/p>\n\n\n\n<p>Para su puesta en marcha, SACYL y la coordinaci\u00f3n auton\u00f3mica de trasplantes han creado un proyecto de ECMO-m\u00f3vil que moviliza un equipo de la Coordinaci\u00f3n hospitalaria de trasplantes del Hospital universitario R\u00edo Hortega de Valladolid que se desplaza a todos aquellos hospitales de la Comunidad que no disponen de ECMO en su hospital. Del mismo modo, la Gerencia de Asistencia de \u00c1vila, acreditada para la extracci\u00f3n de \u00f3rganos, ha proporcionado todo el equipamiento humano y t\u00e9cnico necesario para la realizaci\u00f3n de esta nueva terapia mediante oxigenador de membrana extracorp\u00f3rea.<\/p>\n\n\n\n<p>Es necesario destacar la participaci\u00f3n de todo el Complejo Asistencial de \u00c1vila en su conjunto y especialmente los servicios de Medicina Intensiva, Urolog\u00eda, Oftalmolog\u00eda, Radiolog\u00eda, Laboratorio y An\u00e1lisis Cl\u00ednico, Microbiolog\u00eda, Anestesiolog\u00eda, Traumatolog\u00eda, Enfermer\u00eda, Quir\u00f3fano, Banco de Sangre, t\u00e9cnicos de cuidados auxiliares de enfermer\u00eda y celadores, que han hecho posible la consecuci\u00f3n de este nuevo reto.<\/p>\n\n\n\n<p><strong>Qui\u00e9n puede ser donante<\/strong><\/p>\n\n\n\n<p>La donaci\u00f3n es un derecho sanitario de los ciudadanos y de las familias de los donantes, as\u00ed como un acto con valores \u00e9ticos propios e indiscutibles. Siempre que se pueda donar, las familias deben tener la posibilidad de ejercer este derecho. Hay que recordar que, a priori e independientemente de la edad, puede ser donante todo aquel que decida que quiere que sus \u00f3rganos y tejidos sirvan para salvar o mejorar la vida de otras personas despu\u00e9s de su muerte. Esta voluntad ha de ser trasmitida a sus familiares m\u00e1s directos para que sea conocida y poder ser trasmitida a los servicios sanitarios responsables de llevar a cabo ese deseo. Tambi\u00e9n se puede reflejar a trav\u00e9s del Registro de instrucciones previas tambi\u00e9n conocido como Voluntades Anticipadas o Testamento Vital. Se puede solicitar ante notario, ante tres testigos o ante personal autorizado de la Administraci\u00f3n.<\/p>\n\n\n\n<p>Lo puede solicitar cualquier persona mayor de 18 a\u00f1os que sea capaz y que act\u00fae libremente. Se puede modificar o revocar en cualquier momento. Para solicitar m\u00e1s informaci\u00f3n se debe contactar con el Trabajador Social del centro sanitario habitual.<\/p>\n\n\n\n<p>Adem\u00e1s, en este documento se pueden recoger los deseos expresados, de forma anticipada, sobre los cuidados y tratamientos de salud que se desea o no recibir, para que sean tenidos en cuenta por el m\u00e9dico o por el equipo sanitario responsable de su asistencia en aquellos momentos en los que se encuentre incapacitado para expresarlos personalmente, incluida su voluntad del destino de sus \u00f3rganos y cuerpo una vez llegado su fallecimiento.<\/p>\n","protected":false},"excerpt":{"rendered":"<p>En los primeros meses del 2023 el Complejo Asistencial de \u00c1vila ha realizado las dos primeras donaciones de \u00f3rganos en asistolia controlada. En 2022 no se registr\u00f3 ning\u00fan donante de \u00f3rganos en nuestra provincia donde, tradicionalmente, las donaciones de \u00f3rganos y tejidos hab\u00edan sido en muerte encef\u00e1lica pero no se hab\u00eda dado ninguna donaci\u00f3n en [&hellip;]<\/p>\n","protected":false},"author":1,"featured_media":1488,"comment_status":"open","ping_status":"closed","sticky":false,"template":"","format":"standard","meta":{"_monsterinsights_skip_tracking":false,"_monsterinsights_sitenote_active":false,"_monsterinsights_sitenote_note":"","_monsterinsights_sitenote_category":0,"site-container-style":"default","site-container-layout":"default","site-sidebar-layout":"default","disable-article-header":"default","disable-site-header":"default","disable-site-footer":"default","disable-content-area-spacing":"default","_jetpack_memberships_contains_paid_content":false,"footnotes":"","jetpack_publicize_message":"","jetpack_publicize_feature_enabled":true,"jetpack_social_post_already_shared":false,"jetpack_social_options":{"image_generator_settings":{"template":"highway","default_image_id":0,"font":"","enabled":false},"version":2}},"categories":[10],"tags":[],"class_list":["post-1487","post","type-post","status-publish","format-standard","has-post-thumbnail","hentry","category-castilla-y-leon"],"jetpack_publicize_connections":[],"jetpack_featured_media_url":"https:\/\/987aldia.com\/web\/wp-content\/uploads\/2023\/06\/vista-frontal-valor-cartera-mujer-forma-corazon-scaled.jpg","jetpack_sharing_enabled":true,"_links":{"self":[{"href":"https:\/\/987aldia.com\/web\/wp-json\/wp\/v2\/posts\/1487","targetHints":{"allow":["GET"]}}],"collection":[{"href":"https:\/\/987aldia.com\/web\/wp-json\/wp\/v2\/posts"}],"about":[{"href":"https:\/\/987aldia.com\/web\/wp-json\/wp\/v2\/types\/post"}],"author":[{"embeddable":true,"href":"https:\/\/987aldia.com\/web\/wp-json\/wp\/v2\/users\/1"}],"replies":[{"embeddable":true,"href":"https:\/\/987aldia.com\/web\/wp-json\/wp\/v2\/comments?post=1487"}],"version-history":[{"count":1,"href":"https:\/\/987aldia.com\/web\/wp-json\/wp\/v2\/posts\/1487\/revisions"}],"predecessor-version":[{"id":1489,"href":"https:\/\/987aldia.com\/web\/wp-json\/wp\/v2\/posts\/1487\/revisions\/1489"}],"wp:featuredmedia":[{"embeddable":true,"href":"https:\/\/987aldia.com\/web\/wp-json\/wp\/v2\/media\/1488"}],"wp:attachment":[{"href":"https:\/\/987aldia.com\/web\/wp-json\/wp\/v2\/media?parent=1487"}],"wp:term":[{"taxonomy":"category","embeddable":true,"href":"https:\/\/987aldia.com\/web\/wp-json\/wp\/v2\/categories?post=1487"},{"taxonomy":"post_tag","embeddable":true,"href":"https:\/\/987aldia.com\/web\/wp-json\/wp\/v2\/tags?post=1487"}],"curies":[{"name":"wp","href":"https:\/\/api.w.org\/{rel}","templated":true}]}}