{"id":1490,"date":"2023-06-07T07:58:44","date_gmt":"2023-06-07T07:58:44","guid":{"rendered":"https:\/\/987aldia.com\/web\/?p=1490"},"modified":"2023-06-08T08:00:48","modified_gmt":"2023-06-08T08:00:48","slug":"la-diputacion-encabeza-la-oferta-de-productos-de-leon-en-la-feria-agroalimentaria-de-silleda","status":"publish","type":"post","link":"https:\/\/987aldia.com\/web\/la-diputacion-encabeza-la-oferta-de-productos-de-leon-en-la-feria-agroalimentaria-de-silleda\/","title":{"rendered":"La Diputaci\u00f3n encabeza la oferta de Productos de Le\u00f3n en la feria agroalimentaria de Silleda"},"content":{"rendered":"\n<h2 class=\"wp-block-heading\"><strong>Un total de 13 productores leoneses tienen presencia en la feria dentro del espacio expositivo habilitado por la Diputaci\u00f3n de Le\u00f3n<\/strong>.<\/h2>\n\n\n\n<p><strong>7 de junio de 2023.-<\/strong> Los Productos de Le\u00f3n estar\u00e1n presentes un a\u00f1o m\u00e1s en la Feria Internacional Abanca Semana Verde de Galicia que, desde este jueves y hasta el pr\u00f3ximo domingo, celebra en la localidad de Silleda (Pontevedra) su 45 edici\u00f3n con centenares de expositores de cerca de una decena de pa\u00edses. Trece productores de la provincia amparados por el sello de Productos de Le\u00f3n se desplazar\u00e1n a esta feria para dar a conocer el sector agroalimentario leon\u00e9s aprovechando esta cita con proyecci\u00f3n internacional.<\/p>\n\n\n\n<p>Desde el \u00e1rea de Productos de Le\u00f3n se hab\u00eda invitado a todos los productores asociados al marchamo de calidad a participar en este evento dentro de las acciones promocionales que la Diputaci\u00f3n de Le\u00f3n tiene en marcha para impulsar el sector agroalimentario de la provincia. La instituci\u00f3n provincial dispone en la feria, concretamente dentro del Sal\u00f3n de la Alimentaci\u00f3n del Atl\u00e1ntico \u2013 Salimat Abanca, de un espacio en el que los 13 productores y empresas agroalimentarias que se han sumado a esta iniciativa exhibir\u00e1n y vender\u00e1n sus productos, junto a un mostrador con informaci\u00f3n tur\u00edstica de la provincia.<\/p>\n\n\n\n<p>La Diputaci\u00f3n de Le\u00f3n ha financiado la presencia en esta feria a todos los productores que han solicitado participar en este sal\u00f3n multisectorial en el que se dan cita todas aquellas empresas y profesionales que tienen el medio rural como eje de sus actividades.<\/p>\n\n\n\n<p>Es el segundo a\u00f1o que la instituci\u00f3n provincial se encuentra representada en Salimat y que lidera la propuesta agroindustrial de la provincia bajo el paraguas de Productos de Le\u00f3n.<\/p>\n\n\n\n<p>Bodegas Solotero, Vi\u00f1edos Sampedro y Alonso, Chocolates Santocildes, Embutidos Los Rejos, La Alcanc\u00eda, La Huerta de Fresno, Nazar\u00e9 Hojaldrer\u00eda, Reino de Le\u00f3n, Sabores de Astorga, El Bomb\u00f3n del Queso, El Colmenar del Bierzo, Miel la Abiejina y Vallelongo son las firmas presentes en esta feria bajo el paraguas de Productos de Le\u00f3n. Adem\u00e1s, Vallelongo cuenta con una exhibici\u00f3n de molienda de piment\u00f3n a la entrada del recinto ferial con un molino tradicional.<\/p>\n","protected":false},"excerpt":{"rendered":"<p>Un total de 13 productores leoneses tienen presencia en la feria dentro del espacio expositivo habilitado por la Diputaci\u00f3n de Le\u00f3n. 7 de junio de 2023.- Los Productos de Le\u00f3n estar\u00e1n presentes un a\u00f1o m\u00e1s en la Feria Internacional Abanca Semana Verde de Galicia que, desde este jueves y hasta el pr\u00f3ximo domingo, celebra en [&hellip;]<\/p>\n","protected":false},"author":1,"featured_media":1491,"comment_status":"open","ping_status":"closed","sticky":false,"template":"","format":"standard","meta":{"_monsterinsights_skip_tracking":false,"_monsterinsights_sitenote_active":false,"_monsterinsights_sitenote_note":"","_monsterinsights_sitenote_category":0,"site-container-style":"default","site-container-layout":"default","site-sidebar-layout":"default","disable-article-header":"default","disable-site-header":"default","disable-site-footer":"default","disable-content-area-spacing":"default","_jetpack_memberships_contains_paid_content":false,"footnotes":"","jetpack_publicize_message":"","jetpack_publicize_feature_enabled":true,"jetpack_social_post_already_shared":false,"jetpack_social_options":{"image_generator_settings":{"template":"highway","default_image_id":0,"font":"","enabled":false},"version":2}},"categories":[7],"tags":[],"class_list":["post-1490","post","type-post","status-publish","format-standard","has-post-thumbnail","hentry","category-notas-de-prensa"],"jetpack_publicize_connections":[],"jetpack_featured_media_url":"https:\/\/987aldia.com\/web\/wp-content\/uploads\/2023\/06\/verduras-frescas-setas-cajon-madera-puesto-mercado.jpg","jetpack_sharing_enabled":true,"_links":{"self":[{"href":"https:\/\/987aldia.com\/web\/wp-json\/wp\/v2\/posts\/1490","targetHints":{"allow":["GET"]}}],"collection":[{"href":"https:\/\/987aldia.com\/web\/wp-json\/wp\/v2\/posts"}],"about":[{"href":"https:\/\/987aldia.com\/web\/wp-json\/wp\/v2\/types\/post"}],"author":[{"embeddable":true,"href":"https:\/\/987aldia.com\/web\/wp-json\/wp\/v2\/users\/1"}],"replies":[{"embeddable":true,"href":"https:\/\/987aldia.com\/web\/wp-json\/wp\/v2\/comments?post=1490"}],"version-history":[{"count":1,"href":"https:\/\/987aldia.com\/web\/wp-json\/wp\/v2\/posts\/1490\/revisions"}],"predecessor-version":[{"id":1492,"href":"https:\/\/987aldia.com\/web\/wp-json\/wp\/v2\/posts\/1490\/revisions\/1492"}],"wp:featuredmedia":[{"embeddable":true,"href":"https:\/\/987aldia.com\/web\/wp-json\/wp\/v2\/media\/1491"}],"wp:attachment":[{"href":"https:\/\/987aldia.com\/web\/wp-json\/wp\/v2\/media?parent=1490"}],"wp:term":[{"taxonomy":"category","embeddable":true,"href":"https:\/\/987aldia.com\/web\/wp-json\/wp\/v2\/categories?post=1490"},{"taxonomy":"post_tag","embeddable":true,"href":"https:\/\/987aldia.com\/web\/wp-json\/wp\/v2\/tags?post=1490"}],"curies":[{"name":"wp","href":"https:\/\/api.w.org\/{rel}","templated":true}]}}