{"id":1499,"date":"2023-06-07T08:05:30","date_gmt":"2023-06-07T08:05:30","guid":{"rendered":"https:\/\/987aldia.com\/web\/?p=1499"},"modified":"2023-06-08T08:07:01","modified_gmt":"2023-06-08T08:07:01","slug":"la-ii-edicion-en-castilla-y-leon-del-concurso-mi-libro-preferido-para-el-fomento-de-la-lectura-finaliza-con-la-participacion-de-mas-de-450-relatos","status":"publish","type":"post","link":"https:\/\/987aldia.com\/web\/la-ii-edicion-en-castilla-y-leon-del-concurso-mi-libro-preferido-para-el-fomento-de-la-lectura-finaliza-con-la-participacion-de-mas-de-450-relatos\/","title":{"rendered":"La II edici\u00f3n en Castilla y Le\u00f3n del concurso \u2018Mi libro preferido\u2019, para el fomento de la lectura, finaliza con la participaci\u00f3n de m\u00e1s de 450 relatos"},"content":{"rendered":"\n<ul class=\"wp-block-list\">\n<li>La consejera de Educaci\u00f3n de la Junta de Castilla y Le\u00f3n ha participado en la entrega de premios de un certamen que busca fomentar la lectura entre los j\u00f3venes<\/li>\n\n\n\n<li>Una alumna de Cantalejo (Segovia) gana el II concurso en el que han participado m\u00e1s de 450 alumnos de 69 centros educativos, que han presentado una reflexi\u00f3n de su libro preferido<\/li>\n\n\n\n<li>Opcionalmente, algunos de los participantes tambi\u00e9n han enviado al concurso un v\u00eddeo promocional de su texto favorito<\/li>\n<\/ul>\n\n\n\n<p>La II edici\u00f3n del concurso \u2018Mi libro preferido\u2019 en Castilla y Le\u00f3n ha terminado con la participaci\u00f3n de m\u00e1s de 450 alumnos de 69 centros de las nueve provincias. El certamen, organizado por la Fundaci\u00f3n Jos\u00e9 Manuel Lara, en colaboraci\u00f3n con la Consejer\u00eda de Educaci\u00f3n de la Junta de Castilla y Le\u00f3n, est\u00e1 destinado al alumnado del primer ciclo de Educaci\u00f3n Secundaria Obligatoria.<\/p>\n\n\n\n<p>Eleonora Damyanova, estudiante de 1\u00ba de ESO en el Instituto de Ense\u00f1anza Secundaria (IES) \u2018Hoces del Durat\u00f3n\u2019 de Cantalejo, en Segovia, se ha alzado como ganadora con un relato sobre \u2018Basta de amores de mierda II\u2019 de \u2018El Pela\u2019 Gonzalo Romero. La consejera de Educaci\u00f3n, Roc\u00edo Lucas, y el director de la Fundaci\u00f3n Jos\u00e9 Manuel Lara, Pablo Morillo, han presidido esta ma\u00f1ana la entrega de premios. &nbsp;<\/p>\n\n\n\n<p>El objetivo del concurso es fomentar el h\u00e1bito lector entre los estudiantes de 1\u00ba y 2\u00ba de la ESO. Para ello, el alumnado debe escribir una breve redacci\u00f3n en la que comentan cu\u00e1l es su libro preferido. Adem\u00e1s, muchos de los participantes tambi\u00e9n han enviado un v\u00eddeo promocional de la obra seleccionada. Se trata de una iniciativa incluida en el Plan de Lectura puesto en marcha por la Consejer\u00eda de Educaci\u00f3n, a trav\u00e9s del que el alumnado desarrolla su capacidad de comprensi\u00f3n lectora, utilizando diferentes soportes y tipolog\u00edas textuales.<\/p>\n\n\n\n<p>En este sentido, la titular de Educaci\u00f3n ha subrayado que \u201ciniciativas como esta sirven para fomentar el h\u00e1bito de la lectura y el de la escritura. Y todo el trabajo que realiza la Consejer\u00eda en este sentido tiene sus frutos: Castilla y Le\u00f3n acaba de obtener unos excelentes resultados en una de las m\u00e1s prestigiosas evaluaciones internacionales, el informe PIRLS que eval\u00faa la competencia lectora de los alumnos de 4\u00ba de Primaria\u201d y que ha vuelto a situar a Castilla y Le\u00f3n en el p\u00f3dium de las mejores comunidades aut\u00f3nomas y por encima de la media de Espa\u00f1a, Uni\u00f3n Europea y OCDE.<\/p>\n\n\n\n<p>Por su parte, el director de la Fundaci\u00f3n Jos\u00e9 Manuel Lara ha indicado que \u201ces importante que los menores se acerquen a la lectura porque perfeccionar su comprensi\u00f3n lectora ser\u00e1 tambi\u00e9n mejorar su futuro y consideramos que no hay persona que no le guste la lectura, sino que no ha encontrado a\u00fan su libro\u201d.<\/p>\n\n\n\n<p>El jurado ha valorado la creatividad de los trabajos de los nueve finalistas provinciales. Los alumnos ganadores recibir\u00e1n una tableta de \u00faltima generaci\u00f3n y un libro publicado en un sello editorial del grupo Planeta; los docentes, una tableta de \u00faltima generaci\u00f3n; y el centro, un cheque libro valorado en 100 euros. Asimismo, el ganador absoluto recibir\u00e1 tambi\u00e9n tres entradas para asistir a cualquier evento cultural que se celebre en la Comunidad.<\/p>\n","protected":false},"excerpt":{"rendered":"<p>La II edici\u00f3n del concurso \u2018Mi libro preferido\u2019 en Castilla y Le\u00f3n ha terminado con la participaci\u00f3n de m\u00e1s de 450 alumnos de 69 centros de las nueve provincias. El certamen, organizado por la Fundaci\u00f3n Jos\u00e9 Manuel Lara, en colaboraci\u00f3n con la Consejer\u00eda de Educaci\u00f3n de la Junta de Castilla y Le\u00f3n, est\u00e1 destinado al [&hellip;]<\/p>\n","protected":false},"author":1,"featured_media":1500,"comment_status":"open","ping_status":"closed","sticky":false,"template":"","format":"standard","meta":{"_monsterinsights_skip_tracking":false,"_monsterinsights_sitenote_active":false,"_monsterinsights_sitenote_note":"","_monsterinsights_sitenote_category":0,"site-container-style":"default","site-container-layout":"default","site-sidebar-layout":"default","disable-article-header":"default","disable-site-header":"default","disable-site-footer":"default","disable-content-area-spacing":"default","_jetpack_memberships_contains_paid_content":false,"footnotes":"","jetpack_publicize_message":"","jetpack_publicize_feature_enabled":true,"jetpack_social_post_already_shared":false,"jetpack_social_options":{"image_generator_settings":{"template":"highway","default_image_id":0,"font":"","enabled":false},"version":2}},"categories":[10],"tags":[],"class_list":["post-1499","post","type-post","status-publish","format-standard","has-post-thumbnail","hentry","category-castilla-y-leon"],"jetpack_publicize_connections":[],"jetpack_featured_media_url":"https:\/\/987aldia.com\/web\/wp-content\/uploads\/2023\/06\/48137040303_b8ff8b5111_b.jpg","jetpack_sharing_enabled":true,"_links":{"self":[{"href":"https:\/\/987aldia.com\/web\/wp-json\/wp\/v2\/posts\/1499","targetHints":{"allow":["GET"]}}],"collection":[{"href":"https:\/\/987aldia.com\/web\/wp-json\/wp\/v2\/posts"}],"about":[{"href":"https:\/\/987aldia.com\/web\/wp-json\/wp\/v2\/types\/post"}],"author":[{"embeddable":true,"href":"https:\/\/987aldia.com\/web\/wp-json\/wp\/v2\/users\/1"}],"replies":[{"embeddable":true,"href":"https:\/\/987aldia.com\/web\/wp-json\/wp\/v2\/comments?post=1499"}],"version-history":[{"count":1,"href":"https:\/\/987aldia.com\/web\/wp-json\/wp\/v2\/posts\/1499\/revisions"}],"predecessor-version":[{"id":1501,"href":"https:\/\/987aldia.com\/web\/wp-json\/wp\/v2\/posts\/1499\/revisions\/1501"}],"wp:featuredmedia":[{"embeddable":true,"href":"https:\/\/987aldia.com\/web\/wp-json\/wp\/v2\/media\/1500"}],"wp:attachment":[{"href":"https:\/\/987aldia.com\/web\/wp-json\/wp\/v2\/media?parent=1499"}],"wp:term":[{"taxonomy":"category","embeddable":true,"href":"https:\/\/987aldia.com\/web\/wp-json\/wp\/v2\/categories?post=1499"},{"taxonomy":"post_tag","embeddable":true,"href":"https:\/\/987aldia.com\/web\/wp-json\/wp\/v2\/tags?post=1499"}],"curies":[{"name":"wp","href":"https:\/\/api.w.org\/{rel}","templated":true}]}}