{"id":1511,"date":"2023-06-07T08:17:03","date_gmt":"2023-06-07T08:17:03","guid":{"rendered":"https:\/\/987aldia.com\/web\/?p=1511"},"modified":"2023-06-08T08:18:47","modified_gmt":"2023-06-08T08:18:47","slug":"la-junta-impulsa-la-medicion-y-el-control-de-agentes-quimicos-peligrosos-en-los-centros-de-trabajo-para-reducir-la-siniestralidad-laboral","status":"publish","type":"post","link":"https:\/\/987aldia.com\/web\/la-junta-impulsa-la-medicion-y-el-control-de-agentes-quimicos-peligrosos-en-los-centros-de-trabajo-para-reducir-la-siniestralidad-laboral\/","title":{"rendered":"La Junta impulsa la medici\u00f3n y el control de agentes qu\u00edmicos peligrosos en los centros de trabajo para reducir la siniestralidad laboral"},"content":{"rendered":"\n<ul class=\"wp-block-list\">\n<li>El consejero de Industria, Comercio y Empleo, Mariano Veganzones, presenta una jornada t\u00e9cnica en materia de prevenci\u00f3n de riesgos laborales enfocada a la evaluaci\u00f3n y control de la exposici\u00f3n a agentes qu\u00edmicos en los centros de trabajo<\/li>\n\n\n\n<li>Veganzones ha destacado el descenso de la siniestralidad laboral en Zamora, que se ha visto reducida un 11 % en accidentes leves, un 50 % en accidentes graves y ning\u00fan accidente mortal en lo que va de a\u00f1o<\/li>\n<\/ul>\n\n\n\n<p>La Consejer\u00eda de Industria, Comercio y Empleo est\u00e1 impulsando un conjunto de programas de formaci\u00f3n en relaci\u00f3n a la seguridad, la salud y el bienestar en el \u00e1mbito laboral. Como parte de este ciclo formativo, el consejero de Industria, Comercio y Empleo, Mariano Veganzones, ha presentado hoy en la Universidad Laboral de Zamora la jornada &#8216;Evaluaci\u00f3n y control de la exposici\u00f3n al gas rad\u00f3n&#8217;.<\/p>\n\n\n\n<p>El consejero ha iniciado la presentaci\u00f3n destacando la importancia de \u201cminimizar y eliminar los riesgos laborales mediante actuaciones realistas y adecuadas\u201d. Adem\u00e1s, ha resaltado la importancia de que estas actuaciones est\u00e9n coordinadas con quienes mejor conocen este \u00e1mbito. Para ello, la Administraci\u00f3n cuenta con profesionales y expertos en prevenci\u00f3n de riesgos laborales con \u201caltas competencias para identificar los riesgos y encontrar las soluciones\u201d, ha subrayado.<\/p>\n\n\n\n<p>Con este tipo de jornadas promovidas desde la Direcci\u00f3n General de Trabajo y Prevenci\u00f3n de Riesgos Laborales se pretende abordar la seguridad y salud en el trabajo desde diferentes \u00e1ngulos.<\/p>\n\n\n\n<p>La jornada que se ha celebrado hoy estaba enforcada en la identificaci\u00f3n, evaluaci\u00f3n y control de los agentes qu\u00edmicos t\u00f3xicos en las empresas, un mecanismo primordial de la seguridad en el trabajo.<\/p>\n\n\n\n<p>Durante la presentaci\u00f3n, el consejero ha se\u00f1ado la importancia de \u201cconocer, medir y establecer las medidas correctoras que ayuden a proveer unas condiciones higi\u00e9nicas favorables\u201d, ya que con ello se reducir\u00e1 directamente la probabilidad de contraer enfermedades derivadas de la exposici\u00f3n a determinados agentes qu\u00edmicos peligrosos.<\/p>\n\n\n\n<p>Ha continuado su discurso haciendo alusi\u00f3n a las actuaciones previstas por parte de la Consejer\u00eda para \u201ccontinuar reduciendo los datos de siniestraldad laboral\u00bb. \u201cLa estrategia en Seguridad, Salud y Bienestar laboral presenta l\u00edneas novedosas dirigidas a eliminar los riesgos que m\u00e1s siniestralidad provocan\u201d, ha asegurado Veganzones. As\u00ed mismo, ha afirmado que \u201ctambi\u00e9n se dirigen a riesgos m\u00e1s actuales, como son la exposici\u00f3n a agentes cancer\u00edgenos, as\u00ed como los ergon\u00f3micos y los psicosociales\u201d.<\/p>\n\n\n\n<p>Ha concluido la presentaci\u00f3n comprometi\u00e9ndose a continuar trabajando para convertir Castilla y Le\u00f3n en un \u201cejemplo en materia de Prevenci\u00f3n de Riesgos Laborales y que el mundo laboral de la Comunidad represente un futuro repleto de oportunidades para todos\u201d.<\/p>\n","protected":false},"excerpt":{"rendered":"<p>La Consejer\u00eda de Industria, Comercio y Empleo est\u00e1 impulsando un conjunto de programas de formaci\u00f3n en relaci\u00f3n a la seguridad, la salud y el bienestar en el \u00e1mbito laboral. Como parte de este ciclo formativo, el consejero de Industria, Comercio y Empleo, Mariano Veganzones, ha presentado hoy en la Universidad Laboral de Zamora la jornada [&hellip;]<\/p>\n","protected":false},"author":1,"featured_media":1512,"comment_status":"open","ping_status":"closed","sticky":false,"template":"","format":"standard","meta":{"_monsterinsights_skip_tracking":false,"_monsterinsights_sitenote_active":false,"_monsterinsights_sitenote_note":"","_monsterinsights_sitenote_category":0,"site-container-style":"default","site-container-layout":"default","site-sidebar-layout":"default","disable-article-header":"default","disable-site-header":"default","disable-site-footer":"default","disable-content-area-spacing":"default","_jetpack_memberships_contains_paid_content":false,"footnotes":"","jetpack_publicize_message":"","jetpack_publicize_feature_enabled":true,"jetpack_social_post_already_shared":false,"jetpack_social_options":{"image_generator_settings":{"template":"highway","default_image_id":0,"font":"","enabled":false},"version":2}},"categories":[10],"tags":[],"class_list":["post-1511","post","type-post","status-publish","format-standard","has-post-thumbnail","hentry","category-castilla-y-leon"],"jetpack_publicize_connections":[],"jetpack_featured_media_url":"https:\/\/987aldia.com\/web\/wp-content\/uploads\/2023\/06\/persona-que-lleva-traje-prevencion-contra-riesgo-biologico.jpg","jetpack_sharing_enabled":true,"_links":{"self":[{"href":"https:\/\/987aldia.com\/web\/wp-json\/wp\/v2\/posts\/1511","targetHints":{"allow":["GET"]}}],"collection":[{"href":"https:\/\/987aldia.com\/web\/wp-json\/wp\/v2\/posts"}],"about":[{"href":"https:\/\/987aldia.com\/web\/wp-json\/wp\/v2\/types\/post"}],"author":[{"embeddable":true,"href":"https:\/\/987aldia.com\/web\/wp-json\/wp\/v2\/users\/1"}],"replies":[{"embeddable":true,"href":"https:\/\/987aldia.com\/web\/wp-json\/wp\/v2\/comments?post=1511"}],"version-history":[{"count":1,"href":"https:\/\/987aldia.com\/web\/wp-json\/wp\/v2\/posts\/1511\/revisions"}],"predecessor-version":[{"id":1513,"href":"https:\/\/987aldia.com\/web\/wp-json\/wp\/v2\/posts\/1511\/revisions\/1513"}],"wp:featuredmedia":[{"embeddable":true,"href":"https:\/\/987aldia.com\/web\/wp-json\/wp\/v2\/media\/1512"}],"wp:attachment":[{"href":"https:\/\/987aldia.com\/web\/wp-json\/wp\/v2\/media?parent=1511"}],"wp:term":[{"taxonomy":"category","embeddable":true,"href":"https:\/\/987aldia.com\/web\/wp-json\/wp\/v2\/categories?post=1511"},{"taxonomy":"post_tag","embeddable":true,"href":"https:\/\/987aldia.com\/web\/wp-json\/wp\/v2\/tags?post=1511"}],"curies":[{"name":"wp","href":"https:\/\/api.w.org\/{rel}","templated":true}]}}