{"id":1522,"date":"2023-06-08T07:34:49","date_gmt":"2023-06-08T07:34:49","guid":{"rendered":"https:\/\/987aldia.com\/web\/?p=1522"},"modified":"2023-06-09T07:36:30","modified_gmt":"2023-06-09T07:36:30","slug":"el-museo-de-la-evolucion-humana-presenta-su-programacion-estival-que-apuesta-por-la-ciencia-la-didactica-y-la-cultura-con-actividades-presenciales-y-virtuales","status":"publish","type":"post","link":"https:\/\/987aldia.com\/web\/el-museo-de-la-evolucion-humana-presenta-su-programacion-estival-que-apuesta-por-la-ciencia-la-didactica-y-la-cultura-con-actividades-presenciales-y-virtuales\/","title":{"rendered":"El Museo de la Evoluci\u00f3n Humana presenta su programaci\u00f3n estival que apuesta por la ciencia, la did\u00e1ctica y la cultura con actividades presenciales y virtuales"},"content":{"rendered":"\n<h2 class=\"wp-block-heading\"><strong>El centro presenta su programaci\u00f3n para los meses de junio a septiembre con 130 actividades presenciales y virtuales<\/strong>.<\/h2>\n\n\n\n<p>La viceconsejera de Acci\u00f3n Cultural, Mar Sancho,&nbsp;acompa\u00f1ada del director cient\u00edfico del Museo de la Evoluci\u00f3n Humana, Juan Luis Arsuaga y de la directora-gerente del Museo de la Evoluci\u00f3n Humana, Aurora Mart\u00edn, ha presentado hoy la nueva programaci\u00f3n correspondiente al periodo junio-septiembre con 130 actividades presenciales y virtuales y cinco exposiciones temporales, con la que el MEH va a desplegar una intensa y variada programaci\u00f3n did\u00e1ctica, cient\u00edfica y cultural con actividades presenciales y virtuales.<\/p>\n\n\n\n<p>Dentro de las actividades cient\u00edficas cabe destacar la celebraci\u00f3n de las \u2018Jornadas Europeas de Arqueolog\u00eda\u2019 que tendr\u00e1n lugar del 13 al 18 de junio y que van a reunir a expertos para hablar de la importancia del patrimonio y de las investigaciones arqueol\u00f3gicas. Dentro de estas jornadas hay que destacar la mesa redonda que tendr\u00e1 lugar el 14 de junio sobre la salvaguarda del patrimonio cultural y arqueol\u00f3gico de Castilla y Le\u00f3n con representantes de las distintas administraciones p\u00fablicas con competencia en esta materia.<\/p>\n\n\n\n<p>Adem\u00e1s, el MEH organizar\u00e1 este verano varios congresos cient\u00edficos como el \u2018Cortical Evolution\u2019 sobre la corteza cerebral o el que se centrar\u00e1 en el karst de Atapuerca, realizado en colaboraci\u00f3n con la Sociedad Espa\u00f1ola de Espeleolog\u00eda y Ciencias del Karst, coincidiendo con su 25 Aniversario. Destaca tambi\u00e9n el encuentro \u2018Enredados\u2019 con destacados influencers de ciencia con motivo de la campa\u00f1a de excavaci\u00f3n en Atapuerca y que concluir\u00e1 con una mesa redonda el 18 de julio en el MEH, que servir\u00e1 para analizar la mejor forma de divulgar la prehistoria y la evoluci\u00f3n humana.<\/p>\n\n\n\n<p>Asimismo, continuar\u00e1n ciclos como \u2018Del andamio al dron\u2019 o \u2018El Mundo de Roma\u2019 con motivo de la exposici\u00f3n que se puede ver actualmente en el Museo sobre los gladiadores romanos y que en esta ocasi\u00f3n plantea dos charlas sobre las derrotas del ej\u00e9rcito romano y sobre su relaci\u00f3n con el agua y el desarrollo de la arquitectura sobre este elemento.<\/p>\n\n\n\n<p><strong>Programaci\u00f3n virtual<\/strong><\/p>\n\n\n\n<p>La actividad virtual que el Museo desarrolla a trav\u00e9s de sus redes sociales va a seguir durante el periodo estival. Se van a realizar conexiones para dar a conocer aspectos clave de la evoluci\u00f3n humana y del propio Museo a trav\u00e9s del canal de Facebook del MEH. Estos encuentros, llamados \u2018Pieza del MEH\u2019, tendr\u00e1n lugar en junio y septiembre y ser\u00e1n protagonizados por los educadores del Museo. Adem\u00e1s, en julio el MEH volver\u00e1 a realizar una serie de directos para seguir en directo las excavaciones de Atapuerca #ATA2023 a trav\u00e9s de su canal de Instagram. Dentro de estas conexiones destacan las entrevistas con los codirectores de las excavaciones: Juan Luis Arsuaga, Jos\u00e9 Mar\u00eda Berm\u00fadez de Castro y Eudald Carbonell.<\/p>\n\n\n\n<p>El MEH participa un a\u00f1o m\u00e1s en la edici\u00f3n de la \u2018MuseumWeek\u2019, que se est\u00e1 celebrando esta semana (del 5 al 11 de junio). La \u2018Museumweek\u2019 -o semana de los museos- es un evento global que se realiza en Internet con la participaci\u00f3n de museos, asociaciones e instituciones culturales internacionales. Es uno de los eventos culturales m\u00e1s importantes de Twitter.<\/p>\n\n\n\n<p><strong>Cultura<\/strong><\/p>\n\n\n\n<p>En julio el Museo de la Evoluci\u00f3n Humana celebra su decimotercer aniversario y lo har\u00e1 con la actuaci\u00f3n de la banda de pop valenciana \u2018La Habitaci\u00f3n Roja\u2019. Este concierto se realizar\u00e1 el jueves, 13 de julio. Un d\u00eda despu\u00e9s el Museo retransmitir\u00e1 en directo en su sal\u00f3n de actos la conocida \u00f3pera \u2018Turandot, en colaboraci\u00f3n con el Teatro Real.<\/p>\n\n\n\n<p>El ciclo \u2018Cine y Naturaleza\u2019 aglutinar\u00e1 novedosos documentales sobre aspectos tan variados como las monta\u00f1as, la biodiversidad o la protecci\u00f3n de especies en extinci\u00f3n y cl\u00e1sicos como \u2018La cueva de los sue\u00f1os olvidados\u2019 de Werner Herzog. Este ciclo ser\u00e1 presentado por el director cient\u00edfico del Museo, Juan Luis Arsuaga, combin\u00e1ndose las proyecciones entre el sal\u00f3n de actos del Museo y los cines Van Golem. Adem\u00e1s, dos charlas est\u00e1n relacionadas con este ciclo. La charla sobre arte y soporte en el Paleol\u00edtico de Raquel Asa\u00edn, en la que se explicar\u00e1 c\u00f3mo ha sido la relaci\u00f3n entre la obra y el soporte en el arte rupestre paleol\u00edtico y la conferencia \u2018El Viaje\u2019, del monta\u00f1ero y divulgador Juanjo San Sebasti\u00e1n, quien hablar\u00e1 de su experiencia por distintos parajes privilegiados del mundo como el Himalaya o el Karakorum.<\/p>\n\n\n\n<p>En cuanto a las presentaciones de libros el sal\u00f3n de actos del Museo servir\u00e1 de escenario para la presentaci\u00f3n del nuevo libro de Juan Luis Arsuaga \u2018Nuestro cuerpo. Siete millones de a\u00f1os de evoluci\u00f3n\u2019 que nos invita a descubrir las maravillas que componen nuestro cuerpo, as\u00ed como la del naturalista y especialista en sonido de la naturaleza Carlos de Hita \u2018Sonidos del mundo\u2019, en la que podremos escuchar sonidos de impresionantes y rec\u00f3nditos lugares del planeta. Asimismo, la escritora Josefa Ros hablar\u00e1 de su nuevo libro, que explica la historia y la prehistoria del aburrimiento.<\/p>\n\n\n\n<p><strong>Exposiciones<\/strong><\/p>\n\n\n\n<p>En esta programaci\u00f3n el visitante va a poder ver cinco exposiciones temporales en el MEH. En concreto, \u2018Muerte en la arena. Gladiadores de C\u00f3rdoba\u2019, \u2018Animalia. Fauna en Hierro\u2019, exposici\u00f3n que se ha enriquecido el pasado mes con una nueva escultura del artista Cristino D\u00edez: un bisonte en hierro, \u2018Prototipos. El primer MAC\u2019, \u2018Evoluci\u00f3n: el camino hacia la integraci\u00f3n\u2019 y la exposici\u00f3n sobre las excavaciones en la Sierra de Atapuerca. Los educadores del Museo van a realizar durante este verano visitas guiadas a estas exposiciones de forma real y virtual, creando experiencias interactivas y haci\u00e9ndolas accesibles a distintos p\u00fablicos.<\/p>\n\n\n\n<p>Adem\u00e1s, se podr\u00e1 disfrutar de dos ciclos relacionados con dos de sus exposiciones. El anteriormente referido \u2018El Mundo de Roma\u2019, con dos conferencias sobre el mundo romano y el ciclo \u2018Arte e inclusi\u00f3n\u2019 realizado con la Asociaci\u00f3n Berbiqu\u00ed con motivo de la exposici\u00f3n \u2018Evoluci\u00f3n: el camino hacia la integraci\u00f3n.y que prev\u00e9 dos encuentros para hablar de la accesibilidad en el arte en Espa\u00f1a.<\/p>\n\n\n\n<p><strong>Territorio Atapuerca<\/strong><\/p>\n\n\n\n<p>Un a\u00f1o m\u00e1s el MEH ha preparado una diversa programaci\u00f3n para el territorio \u2018Atapuerca\u2019; un nuevo programa para dinamizar el entorno de la sierra y para cuyo dise\u00f1o ha colaborado con entidades como los ayuntamientos de Ibeas de Juarros y de Atapuerca, la Fundaci\u00f3n Atapuerca, el Centro de Iniciativas Tur\u00edsticas Sierra de Atapuerca, la Asociaci\u00f3n Amigos de Atapuerca y Paleol\u00edtico Vivo.Entre estas actividades destaca la demostraci\u00f3n con lobos que se realizar\u00e1 en el Centro de Acceso a los Yacimientos de Ibeas de Juarros el 8 de julio; una demostraci\u00f3n que servir\u00e1 para dar a conocer las principales caracter\u00edsticas de estos animales y el \u2018II Encuentro de representaciones y recreaciones hist\u00f3ricas de Castilla y Le\u00f3n\u2019, que tendr\u00e1 lugar el 9 de septiembre.&nbsp; Adem\u00e1s, en el Carex de Atapuerca se realizar\u00e1n actividades relacionadas con la representaci\u00f3n de la Batalla de Atapuerca y varias visitas especiales a los yacimientos: \u2018Atapuerca natural\u2019 y \u2018Atapuerca espeleo\u2019 para conocer los yacimientos de una forma diferente.<\/p>\n","protected":false},"excerpt":{"rendered":"<p>El centro presenta su programaci\u00f3n para los meses de junio a septiembre con 130 actividades presenciales y virtuales. La viceconsejera de Acci\u00f3n Cultural, Mar Sancho,&nbsp;acompa\u00f1ada del director cient\u00edfico del Museo de la Evoluci\u00f3n Humana, Juan Luis Arsuaga y de la directora-gerente del Museo de la Evoluci\u00f3n Humana, Aurora Mart\u00edn, ha presentado hoy la nueva programaci\u00f3n [&hellip;]<\/p>\n","protected":false},"author":1,"featured_media":1523,"comment_status":"open","ping_status":"closed","sticky":false,"template":"","format":"standard","meta":{"_monsterinsights_skip_tracking":false,"_monsterinsights_sitenote_active":false,"_monsterinsights_sitenote_note":"","_monsterinsights_sitenote_category":0,"site-container-style":"default","site-container-layout":"default","site-sidebar-layout":"default","disable-article-header":"default","disable-site-header":"default","disable-site-footer":"default","disable-content-area-spacing":"default","_jetpack_memberships_contains_paid_content":false,"footnotes":"","jetpack_publicize_message":"","jetpack_publicize_feature_enabled":true,"jetpack_social_post_already_shared":false,"jetpack_social_options":{"image_generator_settings":{"template":"highway","default_image_id":0,"font":"","enabled":false},"version":2}},"categories":[10],"tags":[],"class_list":["post-1522","post","type-post","status-publish","format-standard","has-post-thumbnail","hentry","category-castilla-y-leon"],"jetpack_publicize_connections":[],"jetpack_featured_media_url":"https:\/\/987aldia.com\/web\/wp-content\/uploads\/2023\/06\/Museo_de_la_Evolucion_Humana.Burgos_4976480533.jpg","jetpack_sharing_enabled":true,"_links":{"self":[{"href":"https:\/\/987aldia.com\/web\/wp-json\/wp\/v2\/posts\/1522","targetHints":{"allow":["GET"]}}],"collection":[{"href":"https:\/\/987aldia.com\/web\/wp-json\/wp\/v2\/posts"}],"about":[{"href":"https:\/\/987aldia.com\/web\/wp-json\/wp\/v2\/types\/post"}],"author":[{"embeddable":true,"href":"https:\/\/987aldia.com\/web\/wp-json\/wp\/v2\/users\/1"}],"replies":[{"embeddable":true,"href":"https:\/\/987aldia.com\/web\/wp-json\/wp\/v2\/comments?post=1522"}],"version-history":[{"count":1,"href":"https:\/\/987aldia.com\/web\/wp-json\/wp\/v2\/posts\/1522\/revisions"}],"predecessor-version":[{"id":1524,"href":"https:\/\/987aldia.com\/web\/wp-json\/wp\/v2\/posts\/1522\/revisions\/1524"}],"wp:featuredmedia":[{"embeddable":true,"href":"https:\/\/987aldia.com\/web\/wp-json\/wp\/v2\/media\/1523"}],"wp:attachment":[{"href":"https:\/\/987aldia.com\/web\/wp-json\/wp\/v2\/media?parent=1522"}],"wp:term":[{"taxonomy":"category","embeddable":true,"href":"https:\/\/987aldia.com\/web\/wp-json\/wp\/v2\/categories?post=1522"},{"taxonomy":"post_tag","embeddable":true,"href":"https:\/\/987aldia.com\/web\/wp-json\/wp\/v2\/tags?post=1522"}],"curies":[{"name":"wp","href":"https:\/\/api.w.org\/{rel}","templated":true}]}}