{"id":1540,"date":"2023-06-08T07:49:49","date_gmt":"2023-06-08T07:49:49","guid":{"rendered":"https:\/\/987aldia.com\/web\/?p=1540"},"modified":"2023-06-09T07:51:25","modified_gmt":"2023-06-09T07:51:25","slug":"la-consejeria-de-industria-comercio-y-empleo-centra-su-estrategia-en-reducir-los-accidentes-laborales-provocados-por-caidas-de-altura","status":"publish","type":"post","link":"https:\/\/987aldia.com\/web\/la-consejeria-de-industria-comercio-y-empleo-centra-su-estrategia-en-reducir-los-accidentes-laborales-provocados-por-caidas-de-altura\/","title":{"rendered":"La Consejer\u00eda de Industria, Comercio y Empleo centra su estrategia en reducir los accidentes laborales provocados por ca\u00eddas de altura"},"content":{"rendered":"\n<h2 class=\"wp-block-heading\"><strong>El consejero de Industria, Comercio y Empleo, Mariano Veganzones, ha destacado la labor que realiza la Direcci\u00f3n General de Trabajo y Prevenci\u00f3n de Riesgos Laborales por reducir la siniestralidad provocada por las ca\u00eddas de altura. En este sentido ha destacado la formaci\u00f3n para la selecci\u00f3n y uso adecuado de los equipos de protecci\u00f3n contra ca\u00eddas de altura, as\u00ed como la l\u00ednea de subvenci\u00f3n para la eliminaci\u00f3n de las cubiertas que contienen amianto y su sustituci\u00f3n por cubiertas de materiales seguros y resistentes.<\/strong><\/h2>\n\n\n\n<p>La Consejer\u00eda de Industria, Comercio y Empleo dentro del ciclo formativo de Prevenci\u00f3n de Riesgos Laborales, ha organizado hoy en \u00c1vila una jornada enfocada en ofrecer soluciones para trabajos seguros en altura.<\/p>\n\n\n\n<p>Durante la clausura, el consejero de Industria, Comercio y Empleo, Mariano Veganzones, ha querido hacer hincapi\u00e9 en la importancia que se da desde la Consejer\u00eda&nbsp;a los accidentes laborales por ca\u00edda de altura ya que \u201csuponen la tercera causa de siniestralidad mortal en nuestra regi\u00f3n &#8211; 15 % del total &#8211; solo superada por los accidentes de tr\u00e1fico y los accidentes cerebrovasculares\u201d.<\/p>\n\n\n\n<p>Tambi\u00e9n ha informado a los asistentes de la publicaci\u00f3n el pasado lunes de las bases reguladoras de una subvenci\u00f3n dirigida a retirar amianto y sustituci\u00f3n de cubiertas por unas seguras y resistentes. Adem\u00e1s, ha destacado que se trata de una \u201cl\u00ednea de reciente creaci\u00f3n\u201d y debido al \u201c\u00e9xito de la primera convocatoria\u201d, para este a\u00f1o se ha duplicado el presupuesto con el objetivo de llegar a un mayor n\u00famero de entidades con y sin \u00e1nimo de lucro.<\/p>\n\n\n\n<p>En la jornada de hoy, el consejero ha reiterado la importancia de llevar a cabo pol\u00edticas \u201cnuevas, actualizadas y que interfieran directamente mejorando la seguridad y la salud de los trabajadores\u201d.<\/p>\n\n\n\n<p>En esta l\u00ednea, ha querido incidir en la importancia que tiene \u201cgenerar en empresarios y trabajadores una cultura de la prevenci\u00f3n\u201d para reducir el absentismo y mejorar la calidad laboral que, a su vez implica \u201cmejoras en la productividad, una mayor eficiencia del gasto sanitario y un mayor bienestar social\u201d.<\/p>\n\n\n\n<p>Por \u00faltimo, ha destacado que \u201cel Plan Estrat\u00e9gico de Seguridad, Salud y Bienestar Laboral est\u00e1 dando sus frutos\u201d tal y como reflejan los datos de siniestralidad laboral acumulados de 2023 con una reducci\u00f3n respecto al mismo periodo del a\u00f1o anterior de m\u00e1s del 14 % en accidentes graves, del 36,36 % en accidentes mortales y de casi un 22 % en enfermedades laborales.<\/p>\n","protected":false},"excerpt":{"rendered":"<p>El consejero de Industria, Comercio y Empleo, Mariano Veganzones, ha destacado la labor que realiza la Direcci\u00f3n General de Trabajo y Prevenci\u00f3n de Riesgos Laborales por reducir la siniestralidad provocada por las ca\u00eddas de altura. En este sentido ha destacado la formaci\u00f3n para la selecci\u00f3n y uso adecuado de los equipos de protecci\u00f3n contra ca\u00eddas [&hellip;]<\/p>\n","protected":false},"author":1,"featured_media":1541,"comment_status":"open","ping_status":"closed","sticky":false,"template":"","format":"standard","meta":{"_monsterinsights_skip_tracking":false,"_monsterinsights_sitenote_active":false,"_monsterinsights_sitenote_note":"","_monsterinsights_sitenote_category":0,"site-container-style":"default","site-container-layout":"default","site-sidebar-layout":"default","disable-article-header":"default","disable-site-header":"default","disable-site-footer":"default","disable-content-area-spacing":"default","_jetpack_memberships_contains_paid_content":false,"footnotes":"","jetpack_publicize_message":"","jetpack_publicize_feature_enabled":true,"jetpack_social_post_already_shared":false,"jetpack_social_options":{"image_generator_settings":{"template":"highway","default_image_id":0,"font":"","enabled":false},"version":2}},"categories":[10],"tags":[],"class_list":["post-1540","post","type-post","status-publish","format-standard","has-post-thumbnail","hentry","category-castilla-y-leon"],"jetpack_publicize_connections":[],"jetpack_featured_media_url":"https:\/\/987aldia.com\/web\/wp-content\/uploads\/2023\/06\/tiro-angulo-vertical-dos-personas-subiendo-edificio-cristal-dia.jpg","jetpack_sharing_enabled":true,"_links":{"self":[{"href":"https:\/\/987aldia.com\/web\/wp-json\/wp\/v2\/posts\/1540","targetHints":{"allow":["GET"]}}],"collection":[{"href":"https:\/\/987aldia.com\/web\/wp-json\/wp\/v2\/posts"}],"about":[{"href":"https:\/\/987aldia.com\/web\/wp-json\/wp\/v2\/types\/post"}],"author":[{"embeddable":true,"href":"https:\/\/987aldia.com\/web\/wp-json\/wp\/v2\/users\/1"}],"replies":[{"embeddable":true,"href":"https:\/\/987aldia.com\/web\/wp-json\/wp\/v2\/comments?post=1540"}],"version-history":[{"count":1,"href":"https:\/\/987aldia.com\/web\/wp-json\/wp\/v2\/posts\/1540\/revisions"}],"predecessor-version":[{"id":1542,"href":"https:\/\/987aldia.com\/web\/wp-json\/wp\/v2\/posts\/1540\/revisions\/1542"}],"wp:featuredmedia":[{"embeddable":true,"href":"https:\/\/987aldia.com\/web\/wp-json\/wp\/v2\/media\/1541"}],"wp:attachment":[{"href":"https:\/\/987aldia.com\/web\/wp-json\/wp\/v2\/media?parent=1540"}],"wp:term":[{"taxonomy":"category","embeddable":true,"href":"https:\/\/987aldia.com\/web\/wp-json\/wp\/v2\/categories?post=1540"},{"taxonomy":"post_tag","embeddable":true,"href":"https:\/\/987aldia.com\/web\/wp-json\/wp\/v2\/tags?post=1540"}],"curies":[{"name":"wp","href":"https:\/\/api.w.org\/{rel}","templated":true}]}}