{"id":1543,"date":"2023-06-09T07:54:51","date_gmt":"2023-06-09T07:54:51","guid":{"rendered":"https:\/\/987aldia.com\/web\/?p=1543"},"modified":"2023-06-09T07:54:51","modified_gmt":"2023-06-09T07:54:51","slug":"inician-su-andadura-las-oficinas-de-informacion-antiocupacion-tras-la-firma-del-convenio-entre-la-junta-y-el-consejo-general-de-camaras-de-la-propiedad-urbana-de-castilla-y-leon","status":"publish","type":"post","link":"https:\/\/987aldia.com\/web\/inician-su-andadura-las-oficinas-de-informacion-antiocupacion-tras-la-firma-del-convenio-entre-la-junta-y-el-consejo-general-de-camaras-de-la-propiedad-urbana-de-castilla-y-leon\/","title":{"rendered":"Inician su andadura las oficinas de informaci\u00f3n antiocupaci\u00f3n tras la firma del convenio entre la Junta y el Consejo General de C\u00e1maras de la Propiedad Urbana de Castilla y Le\u00f3n"},"content":{"rendered":"\n<h2 class=\"wp-block-heading\"><strong>Las oficinas de informaci\u00f3n antiocupaci\u00f3n han iniciado su andadura en las nueve provincias, fruto del convenio de colaboraci\u00f3n firmado el pasado 19 de mayo entre la Junta de Castilla y Le\u00f3n y las C\u00e1maras de la Propiedad Urbana. La directora general de Vivienda de la Junta de Castilla y Le\u00f3n, Mar\u00eda Pardo, ha visitado esta ma\u00f1ana la ubicada en Le\u00f3n, en concreto, en la sede de la C\u00e1mara de la Propiedad Urbana de esta ciudad. Su finalidad es prestar informaci\u00f3n especializada en materia de ocupaci\u00f3n ilegal de viviendas, facilitar asesoramiento en relaci\u00f3n con la prevenci\u00f3n, la actuaci\u00f3n inmediata y, en su caso, en las actuaciones posteriores en caso de ocupaciones ilegales en curso. La informaci\u00f3n est\u00e1 tambi\u00e9n disponible en el Portal web de la Junta de Castilla y Le\u00f3n y en el servicio de Atenci\u00f3n al Ciudadano 012, desde donde se derivan ya las consultas a las sedes de las C\u00e1maras de la Propiedad de las provincias respectivas.<\/strong><\/h2>\n\n\n\n<p>La puesta en marcha de esta oficina pretende cumplir con el deber que corresponde a los poderes p\u00fablicos de garantizar el leg\u00edtimo ejercicio del derecho a la propiedad privada, reconocido en el art\u00edculo 33 de la Constituci\u00f3n, y de protegerlo frente a un fen\u00f3meno como es el de la ocupaci\u00f3n, que supone un ataque frontal a su contenido esencial, seg\u00fan ha explicado Pardo.&nbsp;Adem\u00e1s, la Administraci\u00f3n auton\u00f3mica trata con ello de velar tambi\u00e9n por otros derechos civiles, como son las buenas relaciones de vecindad, y por la protecci\u00f3n de los derechos de los consumidores y usuarios de viviendas que se ven perjudicados por estas pr\u00e1cticas abusivas.<\/p>\n\n\n\n<p>Para ello, fruto del citado acuerdo de colaboraci\u00f3n, la Junta de Castilla y Le\u00f3n ofrece, a trav\u00e9s de la C\u00e1mara de la Propiedad Urbana de Le\u00f3n, un servicio de informaci\u00f3n y asesoramiento a las personas afectadas por un hecho de ocupaci\u00f3n ilegal de vivienda, atendi\u00e9ndoles en sus necesidades y demandas. En esta oficina, que ya est\u00e1 en funcionamiento, los interesados encontrar\u00e1n toda la informaci\u00f3n y asesoramiento que soliciten en relaci\u00f3n con la prevenci\u00f3n, la actuaci\u00f3n inmediata, en su caso, y las actuaciones posteriores en caso de ocupaciones ilegales en curso.<\/p>\n\n\n\n<p>Adem\u00e1s, est\u00e1 prevista la posibilidad de que el personal que presta asesoramiento ponga en conocimiento de las Fuerzas y Cuerpos de Seguridad la existencia de un delito de usurpaci\u00f3n del art\u00edculo 245 del C\u00f3digo Penal o cualquier otro de persecuci\u00f3n p\u00fablica que detecte, cuando se determine una situaci\u00f3n de indefensi\u00f3n o dificultades para acceder a las autoridades por parte de la persona demandante del servicio.&nbsp;A ello ir\u00e1 encaminada tambi\u00e9n la formaci\u00f3n del personal que atender\u00e1 la oficina.<\/p>\n\n\n\n<p>En su visita, Pardo ha manifestado que \u201cse trata de ofrecer un mensaje de tranquilidad al mercado inmobiliario para que no se dificulte la puesta en el mercado de viviendas para su alquiler\u201d porque \u201cel problema del acceso a la vivienda por quienes tienen dificultades econ\u00f3micas y son vulnerables debe ser abordado a trav\u00e9s del incremento del parque p\u00fablico o del otorgamiento de ayudas a los m\u00e1s necesitados\u201d.<\/p>\n","protected":false},"excerpt":{"rendered":"<p>Las oficinas de informaci\u00f3n antiocupaci\u00f3n han iniciado su andadura en las nueve provincias, fruto del convenio de colaboraci\u00f3n firmado el pasado 19 de mayo entre la Junta de Castilla y Le\u00f3n y las C\u00e1maras de la Propiedad Urbana. La directora general de Vivienda de la Junta de Castilla y Le\u00f3n, Mar\u00eda Pardo, ha visitado esta [&hellip;]<\/p>\n","protected":false},"author":1,"featured_media":1544,"comment_status":"open","ping_status":"closed","sticky":false,"template":"","format":"standard","meta":{"_monsterinsights_skip_tracking":false,"_monsterinsights_sitenote_active":false,"_monsterinsights_sitenote_note":"","_monsterinsights_sitenote_category":0,"site-container-style":"default","site-container-layout":"default","site-sidebar-layout":"default","disable-article-header":"default","disable-site-header":"default","disable-site-footer":"default","disable-content-area-spacing":"default","_jetpack_memberships_contains_paid_content":false,"footnotes":"","jetpack_publicize_message":"","jetpack_publicize_feature_enabled":true,"jetpack_social_post_already_shared":false,"jetpack_social_options":{"image_generator_settings":{"template":"highway","default_image_id":0,"font":"","enabled":false},"version":2}},"categories":[10],"tags":[],"class_list":["post-1543","post","type-post","status-publish","format-standard","has-post-thumbnail","hentry","category-castilla-y-leon"],"jetpack_publicize_connections":[],"jetpack_featured_media_url":"https:\/\/987aldia.com\/web\/wp-content\/uploads\/2023\/06\/personas-protestando-dia-mundial-medio-ambiente.jpg","jetpack_sharing_enabled":true,"_links":{"self":[{"href":"https:\/\/987aldia.com\/web\/wp-json\/wp\/v2\/posts\/1543","targetHints":{"allow":["GET"]}}],"collection":[{"href":"https:\/\/987aldia.com\/web\/wp-json\/wp\/v2\/posts"}],"about":[{"href":"https:\/\/987aldia.com\/web\/wp-json\/wp\/v2\/types\/post"}],"author":[{"embeddable":true,"href":"https:\/\/987aldia.com\/web\/wp-json\/wp\/v2\/users\/1"}],"replies":[{"embeddable":true,"href":"https:\/\/987aldia.com\/web\/wp-json\/wp\/v2\/comments?post=1543"}],"version-history":[{"count":1,"href":"https:\/\/987aldia.com\/web\/wp-json\/wp\/v2\/posts\/1543\/revisions"}],"predecessor-version":[{"id":1545,"href":"https:\/\/987aldia.com\/web\/wp-json\/wp\/v2\/posts\/1543\/revisions\/1545"}],"wp:featuredmedia":[{"embeddable":true,"href":"https:\/\/987aldia.com\/web\/wp-json\/wp\/v2\/media\/1544"}],"wp:attachment":[{"href":"https:\/\/987aldia.com\/web\/wp-json\/wp\/v2\/media?parent=1543"}],"wp:term":[{"taxonomy":"category","embeddable":true,"href":"https:\/\/987aldia.com\/web\/wp-json\/wp\/v2\/categories?post=1543"},{"taxonomy":"post_tag","embeddable":true,"href":"https:\/\/987aldia.com\/web\/wp-json\/wp\/v2\/tags?post=1543"}],"curies":[{"name":"wp","href":"https:\/\/api.w.org\/{rel}","templated":true}]}}