{"id":1555,"date":"2023-06-12T07:52:06","date_gmt":"2023-06-12T07:52:06","guid":{"rendered":"https:\/\/987aldia.com\/web\/?p=1555"},"modified":"2023-06-12T07:52:06","modified_gmt":"2023-06-12T07:52:06","slug":"la-diputacion-inaugura-en-sandoval-y-en-el-centro-leones-de-arte-la-mayor-exposicion-dedicada-a-eduardo-arroyo-y-a-su-relacion-con-leon","status":"publish","type":"post","link":"https:\/\/987aldia.com\/web\/la-diputacion-inaugura-en-sandoval-y-en-el-centro-leones-de-arte-la-mayor-exposicion-dedicada-a-eduardo-arroyo-y-a-su-relacion-con-leon\/","title":{"rendered":"La Diputaci\u00f3n inaugura en Sandoval y en el Centro Leon\u00e9s de Arte la mayor exposici\u00f3n dedicada a Eduardo Arroyo y a su relaci\u00f3n con Le\u00f3n"},"content":{"rendered":"\n<h2 class=\"wp-block-heading\">M\u00e1s de 160 obras nutren esta doble exhibici\u00f3n que podr\u00e1 verse hasta el oto\u00f1o. La muestra prueba la versatilidad, amplitud y calado internacional de la huella creativa de Arroyo y la importancia que tuvo la provincia en la labor cotidiana de este ic\u00f3nico artista con or\u00edgenes lacianiegos.<\/h2>\n\n\n\n<p>La Panera del monasterio de Santa Mar\u00eda de Sandoval y el Centro Leon\u00e9s de Arte (CLA) se han convertido en dos grandes focos para la difusi\u00f3n y relectura de la obra de Eduardo Arroyo, uno de los m\u00e1s destacados artistas espa\u00f1oles de las \u00faltimas d\u00e9cadas.<\/p>\n\n\n\n<p>Con \u2018Eduardo Arroyo. Retorno al para\u00edso de Robles de Laciana\u2019, el Instituto Leon\u00e9s de Cultura pone a disposici\u00f3n del p\u00fablico una gran cantidad de obras, ordenadas y contextualizadas, de este artista pl\u00e1stico, escultor, grabador, escritor y escen\u00f3grafo nacido en Madrid, pero con ra\u00edces familiares en la localidad leonesa de Robles de Laciana, donde ten\u00eda su estudio y pasaba largas temporadas. Se trata de una muestra de gran inter\u00e9s y proyecci\u00f3n internacional que facilitar\u00e1 una aproximaci\u00f3n al mundo creativo de Eduardo Arroyo -poli\u00e9drico creador pl\u00e1stico y, a la vez, intelectual atento a su tiempo- de forma integral.<\/p>\n\n\n\n<p>La exposici\u00f3n ha sido inaugurada este s\u00e1bado en Sandoval y en el CLA, ante una gran afluencia de p\u00fablico y con la presencia de Emilio Gancedo, coordinador del Instituto Leon\u00e9s de Cultura de la Diputaci\u00f3n Provincial; Jos\u00e9 Alberto Mart\u00ednez, alcalde en funciones de Mansilla Mayor; y Luis Garc\u00eda, director de Arte del ILC, quien ofreci\u00f3 a los asistentes un muy documentado recorrido en relaci\u00f3n con las distintas partes que componen la muestra, as\u00ed como por las claves creativas y personales de Eduardo Arroyo (1937-2018). Adem\u00e1s, acudieron varios miembros de la familia del artista, como su viuda, Isabel Azc\u00e1rate, y muchos otros familiares y amigos, como Ana Azc\u00e1rate y el tambi\u00e9n artista lacianiego Lolo Zapico.<\/p>\n\n\n\n<p>Durante el doble acto de inauguraci\u00f3n se puso de manifiesto la variedad en cuanto al origen de las obras expuestas, dado que en su mayor parte proceden de las colecciones privadas del hijo de Eduardo Arroyo, Pimpi Arroyo, y de Isabel Azc\u00e1rate, su viuda; as\u00ed como de la colecci\u00f3n del Instituto Leon\u00e9s de Cultura, concretamente la correspondiente a obra gr\u00e1fica.<\/p>\n\n\n\n<p>La muestra pretende dos objetivos fundamentales: presentar una propuesta expositiva lo m\u00e1s amplia posible partiendo de los fondos que se encontraban custodiados en la residencia y estudio de trabajo de Eduardo Arroyo, en Robles, y reivindicar la importancia y significaci\u00f3n que para este artista tuvo su entorno familiar y afectivo m\u00e1s pr\u00f3ximo.<\/p>\n\n\n\n<p>En total, 144 piezas que se complementan con los fondos propios del ILC, 27 obras, y otras 17 de artistas vinculados al artista por medio de los famosos \u2018Encuentros con Rosa Torres Pardo\u2019, una serie de eventos musicales muy destacados que ambos organizaban, cada verano, en el pueblo de Robles de Laciana. Con estas obras se hace un recorrido amplio y estructural por la trayectoria creativa y pl\u00e1stica del autor, exceptuando algunas etapas vinculadas a su pintura pol\u00edtica m\u00e1s comprometida y de dif\u00edcil acceso.<\/p>\n\n\n\n<p>Un tema de gran inter\u00e9s para Eduardo Arroyo era el mundo de la ilustraci\u00f3n editorial, que \u00e9l llevaba a cabo con t\u00e9cnicas de estampaci\u00f3n cl\u00e1sicas y digitales. En total se ofrecen seis vol\u00famenes, algunos tan significativos como los impresos en el taller de Franck Bordas, nieto de Fernand Mourlot (editor de Picasso, Mir\u00f3, Klee, Calder\u2026). En relaci\u00f3n a la escultura se muestra un amplio abanico de posibilidades t\u00e9cnicas y formales que van desde la fundici\u00f3n cl\u00e1sica del bronce con collage de otros materiales hasta la apropiaci\u00f3n de materiales industriales pasando por la fundici\u00f3n en fibra de vidrio, el trabajo de corte y soldadura en hierro y aluminio, o la talla directa y grafismo en piedra, cuesti\u00f3n que prueba la gran versatilidad creativa y t\u00e9cnica de Eduardo Arroyo. A todo ello se suma la presencia de un n\u00famero muy importante de obras en piedra de gran formato, realizadas enteramente en Robles con la colaboraci\u00f3n de Lolo Garc\u00eda.<\/p>\n\n\n\n<p>La exhibici\u00f3n aporta un conjunto amplio de pinturas al \u00f3leo que van desde peque\u00f1os formatos que reflexionan sobre el paisaje y hablan de la proximidad afectiva de Arroyo en relaci\u00f3n con la monta\u00f1a leonesa, hasta una pintura m\u00e1s narrativa e incluso secuencial de gran formato, con un d\u00edptico de algo m\u00e1s de seis metros de ancho por casi tres de alto, caso de <em>El Dorado<\/em>, o piezas de tres por tres como el <em>San Sebasti\u00e1n<\/em> (en realidad, un retrato de su hijo Pimpi).<\/p>\n\n\n\n<p>En el \u00e1mbito del dibujo, \u2018Retorno al para\u00edso de Robles de Laciana\u2019 ofrece una serie de piezas muy destacadas por la utilizaci\u00f3n de soportes diversos. De este modo, se exponen piezas litogr\u00e1ficas pertenecientes a la magn\u00edfica <em>Suite Senefelder<\/em>, pero tambi\u00e9n obras en serigraf\u00eda, dos aguafuertes y aguatintas publicadas por el editor leon\u00e9s Jos\u00e9 Sevillano, y una estampa con t\u00e9cnica digital. El artista tambi\u00e9n mantuvo una relaci\u00f3n especial con el mundo del teatro y las artes esc\u00e9nicas, as\u00ed como con la literatura y la cr\u00edtica. La muestra incluye reproducciones de escenograf\u00edas a partir de fotograf\u00edas de los montajes que realiz\u00f3 Arroyo con Klaus Michael Gr\u00fcber, uno de los directores de teatro y \u00f3pera m\u00e1s importantes a nivel mundial, y varios libros escritos por el propio Eduardo Arroyo.<\/p>\n\n\n\n<p>Tal y como recuerda Luis Garc\u00eda, Arroyo estaba intensamente vinculado a su para\u00edso de infancia y madurez, Robles de Laciana (como muy bien refleja en su libro <em>Minuta de un testamento<\/em>), donde, desde el fallecimiento de su padre, pasaba cuatro meses al a\u00f1o y en el que, con su madre, abuelos y familiares, descubri\u00f3 la libertad y la belleza de la naturaleza. \u201cEn Robles, por fin, el artista se encontr\u00f3 c\u00f3modo, recuper\u00f3 viejas amistades y gener\u00f3 un espacio donde se organizaban encuentros con artistas, intelectuales, poetas, escritores, m\u00fasicos, pol\u00edticos\u2026 siendo representativo de esta intensa actividad los famosos \u2018Encuentros\u2019 con Rosa Torres Pardo, donde asist\u00edan personalidad de gran significaci\u00f3n como Victor Manuel, Ana Bel\u00e9n, Javier Solana, Jos\u00e9 Luis Rodr\u00edguez Zapatero, Enrique de Viana, Arnoldo Liberman, Antonio Moral, Jos\u00e9 Manuel Zapata, Almudena Grandes\u2026 Tambi\u00e9n reactiv\u00f3 la vinculaci\u00f3n de la Universidad Carlos III con la Fundaci\u00f3n Sierra Pambley de Villablino.<\/p>\n\n\n\n<p>&nbsp;\u2018Retorno al para\u00edso de Robles de Laciana\u2019 podr\u00e1 contemplarse hasta finales del mes de septiembre con entrada libre en los siguientes espacios y horarios: en el edificio de la Panera del monasterio de Santa Mar\u00eda de Sandoval (Villaverde de Sandoval, municipio de Mansilla Mayor), de mi\u00e9rcoles a domingo de 10.30 a 14.30 y de 17.00 a 20.00 horas; y en el Centro Leon\u00e9s de Arte (avenida Independencia, 18, Le\u00f3n), de martes a viernes de 17.00 a 20.00 horas, s\u00e1bados de 11.00 a 14.00 y de 17.00 a 20.00 horas, y domingos y festivos de 11.00 a 14.00 horas.<\/p>\n","protected":false},"excerpt":{"rendered":"<p>M\u00e1s de 160 obras nutren esta doble exhibici\u00f3n que podr\u00e1 verse hasta el oto\u00f1o. La muestra prueba la versatilidad, amplitud y calado internacional de la huella creativa de Arroyo y la importancia que tuvo la provincia en la labor cotidiana de este ic\u00f3nico artista con or\u00edgenes lacianiegos. La Panera del monasterio de Santa Mar\u00eda de [&hellip;]<\/p>\n","protected":false},"author":1,"featured_media":1556,"comment_status":"open","ping_status":"closed","sticky":false,"template":"","format":"standard","meta":{"_monsterinsights_skip_tracking":false,"_monsterinsights_sitenote_active":false,"_monsterinsights_sitenote_note":"","_monsterinsights_sitenote_category":0,"site-container-style":"default","site-container-layout":"default","site-sidebar-layout":"default","disable-article-header":"default","disable-site-header":"default","disable-site-footer":"default","disable-content-area-spacing":"default","_jetpack_memberships_contains_paid_content":false,"footnotes":"","jetpack_publicize_message":"","jetpack_publicize_feature_enabled":true,"jetpack_social_post_already_shared":false,"jetpack_social_options":{"image_generator_settings":{"template":"highway","default_image_id":0,"font":"","enabled":false},"version":2}},"categories":[7],"tags":[],"class_list":["post-1555","post","type-post","status-publish","format-standard","has-post-thumbnail","hentry","category-notas-de-prensa"],"jetpack_publicize_connections":[],"jetpack_featured_media_url":"https:\/\/987aldia.com\/web\/wp-content\/uploads\/2023\/06\/Sin-titulo-1.jpg","jetpack_sharing_enabled":true,"_links":{"self":[{"href":"https:\/\/987aldia.com\/web\/wp-json\/wp\/v2\/posts\/1555","targetHints":{"allow":["GET"]}}],"collection":[{"href":"https:\/\/987aldia.com\/web\/wp-json\/wp\/v2\/posts"}],"about":[{"href":"https:\/\/987aldia.com\/web\/wp-json\/wp\/v2\/types\/post"}],"author":[{"embeddable":true,"href":"https:\/\/987aldia.com\/web\/wp-json\/wp\/v2\/users\/1"}],"replies":[{"embeddable":true,"href":"https:\/\/987aldia.com\/web\/wp-json\/wp\/v2\/comments?post=1555"}],"version-history":[{"count":1,"href":"https:\/\/987aldia.com\/web\/wp-json\/wp\/v2\/posts\/1555\/revisions"}],"predecessor-version":[{"id":1557,"href":"https:\/\/987aldia.com\/web\/wp-json\/wp\/v2\/posts\/1555\/revisions\/1557"}],"wp:featuredmedia":[{"embeddable":true,"href":"https:\/\/987aldia.com\/web\/wp-json\/wp\/v2\/media\/1556"}],"wp:attachment":[{"href":"https:\/\/987aldia.com\/web\/wp-json\/wp\/v2\/media?parent=1555"}],"wp:term":[{"taxonomy":"category","embeddable":true,"href":"https:\/\/987aldia.com\/web\/wp-json\/wp\/v2\/categories?post=1555"},{"taxonomy":"post_tag","embeddable":true,"href":"https:\/\/987aldia.com\/web\/wp-json\/wp\/v2\/tags?post=1555"}],"curies":[{"name":"wp","href":"https:\/\/api.w.org\/{rel}","templated":true}]}}