{"id":1558,"date":"2023-06-12T07:54:06","date_gmt":"2023-06-12T07:54:06","guid":{"rendered":"https:\/\/987aldia.com\/web\/?p=1558"},"modified":"2023-06-12T07:54:06","modified_gmt":"2023-06-12T07:54:06","slug":"la-diputacion-celebra-la-fiesta-medieval-de-los-centros-asistenciales","status":"publish","type":"post","link":"https:\/\/987aldia.com\/web\/la-diputacion-celebra-la-fiesta-medieval-de-los-centros-asistenciales\/","title":{"rendered":"La Diputaci\u00f3n celebra la fiesta medieval de los centros asistenciales"},"content":{"rendered":"\n<h2 class=\"wp-block-heading\"><strong>El presidente de la instituci\u00f3n provincial y la diputada de Derechos Sociales han inaugurado la feria este s\u00e1bado a las 18 horas<\/strong>.<\/h2>\n\n\n\n<p>El patio del Palacio de los Guzmanes acoge este fin de semana la Fiesta Medieval de los centros asistenciales de la Diputaci\u00f3n de Le\u00f3n. El presidente de la instituci\u00f3n provincial, Eduardo Mor\u00e1n, y la diputada de Derechos Sociales, Carolina L\u00f3pez, han sido los encargados de inaugurar este s\u00e1bado esta tradicional celebraci\u00f3n que tiene como protagonistas a los usuarios y usuarias de los centros de atenci\u00f3n especializada dependientes de la Diputaci\u00f3n: Colegio Sagrado Coraz\u00f3n (Le\u00f3n), Cosamai (Astorga), Nuestra Se\u00f1ora del Valle (La Ba\u00f1eza) y el Centro de Personas Mayores Santa Luisa (Le\u00f3n).<\/p>\n\n\n\n<p>Doce representantes de cada uno de los centros ataviados con vestimentas medievales dar\u00e1n vida a esta feria abierta al p\u00fablico que cuenta con puestos de comercio en los que se exponen y venden los productos de cer\u00e1mica, madera, jabones, velas, cester\u00eda, encuadernaci\u00f3n, textiles\u2026 elaborados por los residentes durante el a\u00f1o en los distintos talleres. Asimismo, hay casetas con juegos como el lanzamiento de saco o la rana y animaci\u00f3n medieval.<\/p>\n\n\n\n<p>Esta actividad est\u00e1 organizada por el grupo de Actividades Compartidas del servicio de Centros de Atenci\u00f3n Especializada de la Diputaci\u00f3n y tiene como objetivo fomentar la integraci\u00f3n de las personas con discapacidad, con una fiesta en la que los protagonistas activos son los residentes, as\u00ed como estimular las capacidades creativas, f\u00edsicas y ps\u00edquicas del colectivo.<\/p>\n\n\n\n<p>Un grupo de voluntarios de los centros de la Diputaci\u00f3n vela por el buen discurrir de este mercado medieval de car\u00e1cter socializador e integrador que pretende dar a conocer y resaltar las potencialidades de los residentes y usuarios de los centros dependientes de la instituci\u00f3n provincial. Adem\u00e1s, se trata de una actividad que tambi\u00e9n posibilita la motivaci\u00f3n y el fomento de la coordinaci\u00f3n entre los centros, las asociaciones, los profesionales, las familias y las propias personas con discapacidad. La feria estar\u00e1 abierta al p\u00fablico el s\u00e1bado de 17:00 a 21:00 horas y el domingo de 11:00 a 15:00 y de 17:00 a 21:00 horas.<\/p>\n","protected":false},"excerpt":{"rendered":"<p>El presidente de la instituci\u00f3n provincial y la diputada de Derechos Sociales han inaugurado la feria este s\u00e1bado a las 18 horas. El patio del Palacio de los Guzmanes acoge este fin de semana la Fiesta Medieval de los centros asistenciales de la Diputaci\u00f3n de Le\u00f3n. El presidente de la instituci\u00f3n provincial, Eduardo Mor\u00e1n, y [&hellip;]<\/p>\n","protected":false},"author":1,"featured_media":1559,"comment_status":"open","ping_status":"closed","sticky":false,"template":"","format":"standard","meta":{"_monsterinsights_skip_tracking":false,"_monsterinsights_sitenote_active":false,"_monsterinsights_sitenote_note":"","_monsterinsights_sitenote_category":0,"site-container-style":"default","site-container-layout":"default","site-sidebar-layout":"default","disable-article-header":"default","disable-site-header":"default","disable-site-footer":"default","disable-content-area-spacing":"default","_jetpack_memberships_contains_paid_content":false,"footnotes":"","jetpack_publicize_message":"","jetpack_publicize_feature_enabled":true,"jetpack_social_post_already_shared":false,"jetpack_social_options":{"image_generator_settings":{"template":"highway","default_image_id":0,"font":"","enabled":false},"version":2}},"categories":[7],"tags":[],"class_list":["post-1558","post","type-post","status-publish","format-standard","has-post-thumbnail","hentry","category-notas-de-prensa"],"jetpack_publicize_connections":[],"jetpack_featured_media_url":"https:\/\/987aldia.com\/web\/wp-content\/uploads\/2023\/06\/FERIA-MEDIEVAL-1.jpg","jetpack_sharing_enabled":true,"_links":{"self":[{"href":"https:\/\/987aldia.com\/web\/wp-json\/wp\/v2\/posts\/1558","targetHints":{"allow":["GET"]}}],"collection":[{"href":"https:\/\/987aldia.com\/web\/wp-json\/wp\/v2\/posts"}],"about":[{"href":"https:\/\/987aldia.com\/web\/wp-json\/wp\/v2\/types\/post"}],"author":[{"embeddable":true,"href":"https:\/\/987aldia.com\/web\/wp-json\/wp\/v2\/users\/1"}],"replies":[{"embeddable":true,"href":"https:\/\/987aldia.com\/web\/wp-json\/wp\/v2\/comments?post=1558"}],"version-history":[{"count":1,"href":"https:\/\/987aldia.com\/web\/wp-json\/wp\/v2\/posts\/1558\/revisions"}],"predecessor-version":[{"id":1560,"href":"https:\/\/987aldia.com\/web\/wp-json\/wp\/v2\/posts\/1558\/revisions\/1560"}],"wp:featuredmedia":[{"embeddable":true,"href":"https:\/\/987aldia.com\/web\/wp-json\/wp\/v2\/media\/1559"}],"wp:attachment":[{"href":"https:\/\/987aldia.com\/web\/wp-json\/wp\/v2\/media?parent=1558"}],"wp:term":[{"taxonomy":"category","embeddable":true,"href":"https:\/\/987aldia.com\/web\/wp-json\/wp\/v2\/categories?post=1558"},{"taxonomy":"post_tag","embeddable":true,"href":"https:\/\/987aldia.com\/web\/wp-json\/wp\/v2\/tags?post=1558"}],"curies":[{"name":"wp","href":"https:\/\/api.w.org\/{rel}","templated":true}]}}