{"id":1564,"date":"2023-06-12T08:04:46","date_gmt":"2023-06-12T08:04:46","guid":{"rendered":"https:\/\/987aldia.com\/web\/?p=1564"},"modified":"2023-06-12T08:04:47","modified_gmt":"2023-06-12T08:04:47","slug":"la-diputacion-recibe-una-subvencion-de-16-me-para-la-digitalizar-y-modernizar-los-ayuntamientos","status":"publish","type":"post","link":"https:\/\/987aldia.com\/web\/la-diputacion-recibe-una-subvencion-de-16-me-para-la-digitalizar-y-modernizar-los-ayuntamientos\/","title":{"rendered":"La Diputaci\u00f3n recibe una subvenci\u00f3n de 1,6 M\u20ac para la digitalizar y modernizar los ayuntamientos"},"content":{"rendered":"\n<h2 class=\"wp-block-heading\"><strong>La instituci\u00f3n ya ha puesto en marcha una plataforma de administraci\u00f3n electr\u00f3nica provincial y trabaja en infraestructuras digitales para que los municipios accedan a los servicios digitales de la Diputaci\u00f3n y la Red SARA<\/strong>.<\/h2>\n\n\n\n<p>La Diputaci\u00f3n de Le\u00f3n recibe 1.640.500 euros del Plan de Recuperaci\u00f3n, Transformaci\u00f3n y Resiliencia que destinar\u00e1 a la transformaci\u00f3n digital y modernizaci\u00f3n de las entidades locales. La instituci\u00f3n ha visto concedida estos d\u00edas la subvenci\u00f3n solicitada el pasado mes de diciembre para desarrollar una plataforma provincial de administraci\u00f3n electr\u00f3nica, en nube segura e interoperable, e infraestructuras digitales que permitan un acceso seguro, desde red corporativa y en movilidad, a los servicios electr\u00f3nicos provinciales, servicios en la Red SARA y soluciones colaborativas.<\/p>\n\n\n\n<p>El Gobierno de Espa\u00f1a ha resuelto subvencionar estos dos proyectos que tendr\u00e1n que completarse antes del pr\u00f3ximo 31 de diciembre.<\/p>\n\n\n\n<p>El primero de ellos, la plataforma de administraci\u00f3n electr\u00f3nica provincial, ha supuesto una inversi\u00f3n de 775.000 euros. Est\u00e1 ya en funcionamiento y ha asegurado la tramitaci\u00f3n de los expedientes administrativos de los ayuntamientos de menos de 20.000 habitantes adheridos a la misma, facilitando la relaci\u00f3n de ciudadanos y empresas con estos municipios por medios electr\u00f3nicos desde cualquier dispositivo, con el consiguiente ahorro en tiempos y desplazamientos.<\/p>\n\n\n\n<p>Por otra parte, la instituci\u00f3n provincial trabaja actualmente en la contrataci\u00f3n del proyecto de las infraestructuras digitales para que los ayuntamientos de la provincia dispongan de almacenamiento seguro en la nube provincial, de herramientas colaborativas que faciliten su trabajo y aumenten su productividad y de conectividad con la red SARA (red de las administraciones p\u00fablicas).<\/p>\n\n\n\n<p>Desde el servicio de Tecnolog\u00edas de la Informaci\u00f3n y las Comunicaciones (TIC) de la Diputaci\u00f3n de Le\u00f3n, que encabeza el diputado Jos\u00e9 Pellitero, destacan el importante esfuerzo de la instituci\u00f3n provincial en hacer m\u00e1s segura y confiable la administraci\u00f3n local, y m\u00e1s eficaz la respuesta en caso de posibles ataques, una necesidad que se ha hecho m\u00e1s evidente tras la pandemia. En muchos casos, las entidades locales de la provincia no cuentan con capacidades de conectividad suficientes para el adecuado acceso a los servicios digitales de la Diputaci\u00f3n y de la Red SARA, ni con capacidades colaborativas y de almacenamiento con garant\u00edas de ciberseguridad y adaptables en funci\u00f3n de necesidades.<\/p>\n\n\n\n<p>Por ello, con las infraestructuras digitales que se est\u00e1n desarrollando y que se financiar\u00e1n con cargo a esta subvenci\u00f3n se pretende dotar a los equipos de trabajo de los ayuntamientos (PCs y port\u00e1tiles) de capacidades de nueva generaci\u00f3n, mediante soluciones de conectividad y de colaboraci\u00f3n que maximicen la productividad de sus empleados p\u00fablicos y que habiliten su trabajo presencial y en movilidad, en condiciones seguras.<\/p>\n\n\n\n<p><strong>Plataforma de administraci\u00f3n electr\u00f3nica provincial<\/strong><\/p>\n\n\n\n<p>Las entidades locales de la provincia deben, por obligaci\u00f3n legal, tramitar sus expedientes en formato electr\u00f3nico y asegurar la relaci\u00f3n de las personas con estos ayuntamientos por medios electr\u00f3nicos (sede electr\u00f3nica, registro, notificaciones, carpeta ciudadana, facturas, etc\u00e9tera), as\u00ed como su propia interoperabilidad con otras administraciones.<\/p>\n\n\n\n<p>La Diputaci\u00f3n de Le\u00f3n, desde el Servicio de Asistencia a Municipios -dado que la mayor\u00eda de los ayuntamientos de la provincia carecen de recursos econ\u00f3micos y t\u00e9cnicos suficientes para cumplir con estas obligaciones- ha impulsado este proyecto para proveerlos de una plataforma integral de administraci\u00f3n electr\u00f3nica, en nube segura, que garantice, por un lado, la interoperabilidad de servicios de administraci\u00f3n digital con otras administraciones y, por otro, la digitalizaci\u00f3n de estas entidades locales.<\/p>\n","protected":false},"excerpt":{"rendered":"<p>La instituci\u00f3n ya ha puesto en marcha una plataforma de administraci\u00f3n electr\u00f3nica provincial y trabaja en infraestructuras digitales para que los municipios accedan a los servicios digitales de la Diputaci\u00f3n y la Red SARA. La Diputaci\u00f3n de Le\u00f3n recibe 1.640.500 euros del Plan de Recuperaci\u00f3n, Transformaci\u00f3n y Resiliencia que destinar\u00e1 a la transformaci\u00f3n digital y [&hellip;]<\/p>\n","protected":false},"author":1,"featured_media":1565,"comment_status":"open","ping_status":"closed","sticky":false,"template":"","format":"standard","meta":{"_monsterinsights_skip_tracking":false,"_monsterinsights_sitenote_active":false,"_monsterinsights_sitenote_note":"","_monsterinsights_sitenote_category":0,"site-container-style":"default","site-container-layout":"default","site-sidebar-layout":"default","disable-article-header":"default","disable-site-header":"default","disable-site-footer":"default","disable-content-area-spacing":"default","_jetpack_memberships_contains_paid_content":false,"footnotes":"","jetpack_publicize_message":"","jetpack_publicize_feature_enabled":true,"jetpack_social_post_already_shared":false,"jetpack_social_options":{"image_generator_settings":{"template":"highway","default_image_id":0,"font":"","enabled":false},"version":2}},"categories":[7],"tags":[],"class_list":["post-1564","post","type-post","status-publish","format-standard","has-post-thumbnail","hentry","category-notas-de-prensa"],"jetpack_publicize_connections":[],"jetpack_featured_media_url":"https:\/\/987aldia.com\/web\/wp-content\/uploads\/2023\/06\/hombre-trabajando-su-laptop.jpg","jetpack_sharing_enabled":true,"_links":{"self":[{"href":"https:\/\/987aldia.com\/web\/wp-json\/wp\/v2\/posts\/1564","targetHints":{"allow":["GET"]}}],"collection":[{"href":"https:\/\/987aldia.com\/web\/wp-json\/wp\/v2\/posts"}],"about":[{"href":"https:\/\/987aldia.com\/web\/wp-json\/wp\/v2\/types\/post"}],"author":[{"embeddable":true,"href":"https:\/\/987aldia.com\/web\/wp-json\/wp\/v2\/users\/1"}],"replies":[{"embeddable":true,"href":"https:\/\/987aldia.com\/web\/wp-json\/wp\/v2\/comments?post=1564"}],"version-history":[{"count":1,"href":"https:\/\/987aldia.com\/web\/wp-json\/wp\/v2\/posts\/1564\/revisions"}],"predecessor-version":[{"id":1566,"href":"https:\/\/987aldia.com\/web\/wp-json\/wp\/v2\/posts\/1564\/revisions\/1566"}],"wp:featuredmedia":[{"embeddable":true,"href":"https:\/\/987aldia.com\/web\/wp-json\/wp\/v2\/media\/1565"}],"wp:attachment":[{"href":"https:\/\/987aldia.com\/web\/wp-json\/wp\/v2\/media?parent=1564"}],"wp:term":[{"taxonomy":"category","embeddable":true,"href":"https:\/\/987aldia.com\/web\/wp-json\/wp\/v2\/categories?post=1564"},{"taxonomy":"post_tag","embeddable":true,"href":"https:\/\/987aldia.com\/web\/wp-json\/wp\/v2\/tags?post=1564"}],"curies":[{"name":"wp","href":"https:\/\/api.w.org\/{rel}","templated":true}]}}