{"id":1567,"date":"2023-06-12T08:07:26","date_gmt":"2023-06-12T08:07:26","guid":{"rendered":"https:\/\/987aldia.com\/web\/?p=1567"},"modified":"2023-06-12T08:07:26","modified_gmt":"2023-06-12T08:07:26","slug":"la-junta-incrementa-los-medios-y-refuerza-la-coordinacion-contra-los-incendios-forestales-ante-la-epoca-de-peligro-alto-que-comienza-el-12-de-junio","status":"publish","type":"post","link":"https:\/\/987aldia.com\/web\/la-junta-incrementa-los-medios-y-refuerza-la-coordinacion-contra-los-incendios-forestales-ante-la-epoca-de-peligro-alto-que-comienza-el-12-de-junio\/","title":{"rendered":"La Junta incrementa los medios y refuerza la coordinaci\u00f3n contra los incendios forestales ante la \u00e9poca de peligro alto que comienza el 12 de junio"},"content":{"rendered":"\n<h2 class=\"wp-block-heading\"><strong>El delegado territorial, Eloy Ruiz, ha presidido la reuni\u00f3n de coordinaci\u00f3n institucional con la Subdelegaci\u00f3n del Gobierno, la Diputaci\u00f3n de Salamanca y el Ayuntamiento de la capital. Ha destacado el refuerzo del operativo y su car\u00e1cter p\u00fablico, coordinado, regional, permanente y flexible.<\/strong><\/h2>\n\n\n\n<p>La campa\u00f1a de riesgo alto del operativo de vigilancia, prevenci\u00f3n y extinci\u00f3n de incendios forestales para 2023 comenzar\u00e1 el lunes, 12 de junio, y se prolongar\u00e1 al menos durante cuatro meses, hasta el 12 de octubre.<\/p>\n\n\n\n<p>La Junta de Castilla y Le\u00f3n refuerza los medios humanos y materiales contra el fuego e insiste en la coordinaci\u00f3n como una de las principales herramientas ante los incendios. El operativo de 2023 est\u00e1 integrado por 4.715 profesionales, entre ingenieros, agentes medioambientales, celadores, trabajadores fijos discontinuos, trabajadores de las cuadrillas helitransportadas y de tratamientos selv\u00edcolas, tripulaciones de medios a\u00e9reos y retenes de maquinaria.<\/p>\n\n\n\n<p>En cuanto a los medios materiales, en Castilla y Le\u00f3n hay 10 centros de mando \u2013nueve CPM y el auton\u00f3mico CAM-, 271 puestos y c\u00e1maras de vigilancia, 325 autobombas y veh\u00edculos pick up, 209 cuadrillas terrestres y helitransportadas y 37 retenes de maquinaria y bulldozer.<\/p>\n\n\n\n<p>Los medios a\u00e9reos disponibles para esta campa\u00f1a son 34, de los que 23 son de la Junta de Castilla y Le\u00f3n (22 helic\u00f3pteros y un avi\u00f3n) y 11 son de la Administraci\u00f3n General del Estado estacionados en territorio de Castilla y Le\u00f3n.<\/p>\n\n\n\n<p>La provincia de Salamanca cuenta con los helic\u00f3pteros de las bases El Ma\u00edllo, El Bod\u00f3n y Guadramiro; un avi\u00f3n de carga en tierra en la base de El Ma\u00edllo y dos aviones anfibios del Ministerio ubicados en la base de Matac\u00e1n.<\/p>\n\n\n\n<p><strong>Novedades del operativo para 2023<\/strong><\/p>\n\n\n\n<p>La&nbsp;principal&nbsp;novedad&nbsp; de la campa\u00f1a de 2023&nbsp;ha sido un refuerzo importante de la capacidad del operativo durante todo el a\u00f1o, que ha incluido, fuera de la \u00e9poca de riesgo alto, m\u00e1s efectivos, guardias de agentes medioambientales y t\u00e9cnicos, refuerzo de los centros provinciales y auton\u00f3micos de mando, m\u00e1s helic\u00f3pteros en servicios, nuevos veh\u00edculos autobombas y todoterreno para agentes medioambientales y t\u00e9cnicos, y otras mejoras estructurales y de medios, alcanzando dichos medios su m\u00e1ximo despliegue en la \u00e9poca de riesgo alto, que pasa de ser de tres meses m\u00ednimo a cuatro meses m\u00ednimo.<\/p>\n\n\n\n<p>En la \u00e9poca de peligro alto se incluyen m\u00e1s efectivos, m\u00e1s personal en los centros de mando, mejoras y ampliaci\u00f3n del personal de direcci\u00f3n y coordinaci\u00f3n de los incendios forestales con nuevas plazas de t\u00e9cnicos de apoyo, la incorporaci\u00f3n de analistas de planificaci\u00f3n y comportamiento del fuego para los grandes incendios forestales y un nuevo servicio de ayuda a la organizaci\u00f3n de las radiocomunicaciones. Se incorporan tambi\u00e9n nuevas plazas de Operador de Centro de Mando que, con las existentes, permitir\u00e1n dar un servicio permanente 365 y 24 horas en estos centros.<\/p>\n\n\n\n<p>Salamanca mantiene dos cuadrillas nocturnas November, con base en El Ma\u00edllo y Guadramiro, aunque har\u00e1n recorridos por toda la provincia. En el conjunto de la Comunidad se incrementan en cinco nuevas, por lo que pasan de 11 a 16.<\/p>\n\n\n\n<p>Adem\u00e1s, entran en funcionamiento, por primera vez, unas nuevas autobombas de doble cabina con una pickup auxiliar, que llevan la dotaci\u00f3n de conductor, capataz y 5 peones. Salamanca contar\u00e1 con una de estas infraestructuras, que se ubicar\u00e1 en La Fuente de San Esteban.<\/p>\n\n\n\n<p>Respecto a las autobombas, habr\u00e1 una mejora de las bases para veh\u00edculos autobomba con una inversi\u00f3n de 2,8 millones, una inversi\u00f3n de 1,58 millones en garajes de autobombas, puestos de vigilancia y otras infraestructuras. Se contin\u00faa con la renovaci\u00f3n de la flota de autobombas a\u00f1adi\u00e9ndose a las 9 adquiridas en el a\u00f1o 2022, 30 en este a\u00f1o 2023.<\/p>\n\n\n\n<p>Tambi\u00e9n se ha realizado la compra anticipada de 2 furgonetas PMA y el carrozado de los 9 veh\u00edculos comprados el a\u00f1o pasado. Junto con ello, se ha realizado la compra de 27 pick up de 5 plazas con equipo de autobomba de alta presi\u00f3n, y en junio se completar\u00e1 la renovaci\u00f3n y entrega de 575 nuevos veh\u00edculos todo terreno.<\/p>\n\n\n\n<p>Se incluyen mejoras sustanciales en los sistemas de vigilancia y detecci\u00f3n. As\u00ed, a la ampliaci\u00f3n del tiempo de trabajo del colectivo de escuchas a 6 meses, se une el incremento del n\u00famero de c\u00e1maras de videovigilancia con la implantaci\u00f3n de 21 en Salamanca. Tambi\u00e9n se renueva y mejora el software de todas las que ya est\u00e1n funcionando.<\/p>\n\n\n\n<p>Hay mejoras tambi\u00e9n en la red de comunicaciones, con la modernizaci\u00f3n de equipos de radiocomunicaciones, nuevos suministros de equipos y mejoras de la respuesta en grandes Incendios mediante la eficiencia de las comunicaciones. Se introducen mejoras en la conectividad de los CPM (Centro Provincial de Mando) y del CAM (Centro Auton\u00f3mico de Mando), con renovaci\u00f3n de los equipos y de las aplicaciones inform\u00e1ticas.<\/p>\n\n\n\n<p><strong>Coordinaci\u00f3n entre administraciones p\u00fablicas<\/strong><\/p>\n\n\n\n<p>La Junta de Castilla y Le\u00f3n cuenta con un operativo permanente, con despliegues estrat\u00e9gicos en todas las provincias, pero auton\u00f3mico y flexible, con plena coordinaci\u00f3n con otras administraciones, lo que garantiza el buen funcionamiento de las labores de prevenci\u00f3n y extinci\u00f3n de incendios forestales.<\/p>\n\n\n\n<p>Por un lado, la coordinaci\u00f3n a nivel interno. Desde el Centro Auton\u00f3mico de Mando (CAM) ubicado en Valladolid, que es el \u00f3rgano encargado de mantener la coordinaci\u00f3n interna de la propia Junta de Castilla y Le\u00f3n, estando permanentemente en coordinaci\u00f3n con la Sala de Emergencias del 112 y con los nueve Centros Provinciales de Mando (CPM) situados en las Delegaciones Territoriales de las nueve provincias mediante la coordinaci\u00f3n y apoyo de la Direcci\u00f3n General de Patrimonio Natural y Pol\u00edtica Forestal y de la Agencia de Protecci\u00f3n Civil de la Junta. A su vez, est\u00e1 en constante comunicaci\u00f3n y con el resto de administraciones, tanto la central como las auton\u00f3micas y locales.<\/p>\n\n\n\n<p>De otro lado, coordinaci\u00f3n con los medios de extinci\u00f3n de otras administraciones p\u00fablicas: con la Administraci\u00f3n del Estado (Delegaci\u00f3n y Subdelegaciones de Gobierno, a trav\u00e9s de las Fuerzas y Cuerpos de Seguridad, medios a\u00e9reos del Ministerio de Transici\u00f3n Ecol\u00f3gica y del Ministerio de Defensa con la UME); con Ayuntamientos, Mancomunidades y Diputaciones Provinciales, mediante convenios para que sus veh\u00edculos colaboren en la lucha contra los incendios forestales y acudiendo a auxiliar a estas administraciones con los medios de la Junta en el 49 % del territorio de Castilla y Le\u00f3n que no es forestal.<\/p>\n\n\n\n<p>El delegado de la Junta ha destacado durante el encuentro con los representantes institucionales la necesidad de mantener esta coordinaci\u00f3n permanente y ha agradecido a la Diputaci\u00f3n de Salamanca, al Ayuntamiento y a la Subdelegaci\u00f3n la disposici\u00f3n que siempre han mostrado y el trabajo para combatir los incendios forestales en la provincia.<\/p>\n\n\n\n<p><strong>Colaboraci\u00f3n de la poblaci\u00f3n y recomendaciones<\/strong><\/p>\n\n\n\n<p>La Junta de Castilla y Le\u00f3n insiste en pedir a la poblaci\u00f3n que extreme las precauciones a fin de prevenir imprudencias, ya que es esencial para evitar que los incendios forestales se produzcan durante todo el a\u00f1o, pero especialmente en los dif\u00edciles meses de verano en los que el riesgo de incendios es mayor. Un porcentaje muy bajo de los incendios se producen por causas naturales, en torno a un 7 %, dado que la inmensa mayor\u00eda de los incendios \u2013un 93 %- derivan de la intervenci\u00f3n humana, sea por imprudencia o por intencionalidad.<\/p>\n\n\n\n<p>Desde la Consejer\u00eda de Medio Ambiente, Vivienda y Ordenaci\u00f3n del Territorio se recomienda a la poblaci\u00f3n que evite acumulaciones de combustible en el entorno de las zonas habitadas, segando y desbrozando el entorno antes de que se agoste y retirando los restos eliminados.<\/p>\n\n\n\n<p>Es especialmente importante en los entornos periurbanos y zonas agr\u00edcolas, en general zonas fuera del \u00e1mbito de los incendios forestales y de responsabilidad de las administraciones locales. Es absolutamente importante concienciarse y que ayuntamientos, pol\u00edgonos industriales, urbanizaciones y particulares en el entorno de las zonas habitadas, y las administraciones p\u00fablicas en el entorno de las v\u00edas de comunicaci\u00f3n de su competencia, realicen labores de desbroce y eliminaci\u00f3n de vegetaci\u00f3n anual agostada creando una franja de protecci\u00f3n pasiva. A este respecto la Junta tomar\u00e1 medidas en los montes que gestiona y en carreteras pr\u00f3ximas a terrenos urbanizados, eliminando ese combustible para disminuir el riesgo.<\/p>\n\n\n\n<p>Y durante la \u00e9poca de peligro alto (EPA) se insiste en las recomendaciones habituales: prohibici\u00f3n de hacer hogueras fuera de los lugares autorizados, atenci\u00f3n en labores de apicultura en d\u00edas de viento, precauci\u00f3n en la utilizaci\u00f3n de herramientas que generan chispas en el medio natural o agr\u00edcola y m\u00e1xima atenci\u00f3n durante la cosecha del cereal, sobre todo los d\u00edas con altas temperaturas y fuertes vientos. Tambi\u00e9n se ha recomendado mucha precauci\u00f3n a los ayuntamientos cuando autoricen fuegos artificiales en sus pueblos, sobre todo en d\u00edas de temperaturas extremas como las de estos d\u00edas y con masas vegetales que puedan arder.<\/p>\n\n\n\n<p>Por otro lado, y ante un previsible aumento del turismo interior y actividades al aire libre, hay que insistir, a trav\u00e9s de la concienciaci\u00f3n y de la vigilancia, en la importancia de prevenir los incendios aumentando la precauci\u00f3n para evitar negligencias en el uso p\u00fablico del monte que puedan provocar incendios en momentos de elevado riesgo, ya que un solo gran incendio forestal (GIF) puede ser responsable de la mayor parte de la superficie afectada anual.<\/p>\n","protected":false},"excerpt":{"rendered":"<p>El delegado territorial, Eloy Ruiz, ha presidido la reuni\u00f3n de coordinaci\u00f3n institucional con la Subdelegaci\u00f3n del Gobierno, la Diputaci\u00f3n de Salamanca y el Ayuntamiento de la capital. Ha destacado el refuerzo del operativo y su car\u00e1cter p\u00fablico, coordinado, regional, permanente y flexible. La campa\u00f1a de riesgo alto del operativo de vigilancia, prevenci\u00f3n y extinci\u00f3n de [&hellip;]<\/p>\n","protected":false},"author":1,"featured_media":1395,"comment_status":"open","ping_status":"closed","sticky":false,"template":"","format":"standard","meta":{"_monsterinsights_skip_tracking":false,"_monsterinsights_sitenote_active":false,"_monsterinsights_sitenote_note":"","_monsterinsights_sitenote_category":0,"site-container-style":"default","site-container-layout":"default","site-sidebar-layout":"default","disable-article-header":"default","disable-site-header":"default","disable-site-footer":"default","disable-content-area-spacing":"default","_jetpack_memberships_contains_paid_content":false,"footnotes":"","jetpack_publicize_message":"","jetpack_publicize_feature_enabled":true,"jetpack_social_post_already_shared":false,"jetpack_social_options":{"image_generator_settings":{"template":"highway","default_image_id":0,"font":"","enabled":false},"version":2}},"categories":[10],"tags":[],"class_list":["post-1567","post","type-post","status-publish","format-standard","has-post-thumbnail","hentry","category-castilla-y-leon"],"jetpack_publicize_connections":[],"jetpack_featured_media_url":"https:\/\/987aldia.com\/web\/wp-content\/uploads\/2023\/06\/bosques-ardientes-calentamiento-global-fotografia-incendios-forestales.jpg","jetpack_sharing_enabled":true,"_links":{"self":[{"href":"https:\/\/987aldia.com\/web\/wp-json\/wp\/v2\/posts\/1567","targetHints":{"allow":["GET"]}}],"collection":[{"href":"https:\/\/987aldia.com\/web\/wp-json\/wp\/v2\/posts"}],"about":[{"href":"https:\/\/987aldia.com\/web\/wp-json\/wp\/v2\/types\/post"}],"author":[{"embeddable":true,"href":"https:\/\/987aldia.com\/web\/wp-json\/wp\/v2\/users\/1"}],"replies":[{"embeddable":true,"href":"https:\/\/987aldia.com\/web\/wp-json\/wp\/v2\/comments?post=1567"}],"version-history":[{"count":1,"href":"https:\/\/987aldia.com\/web\/wp-json\/wp\/v2\/posts\/1567\/revisions"}],"predecessor-version":[{"id":1568,"href":"https:\/\/987aldia.com\/web\/wp-json\/wp\/v2\/posts\/1567\/revisions\/1568"}],"wp:featuredmedia":[{"embeddable":true,"href":"https:\/\/987aldia.com\/web\/wp-json\/wp\/v2\/media\/1395"}],"wp:attachment":[{"href":"https:\/\/987aldia.com\/web\/wp-json\/wp\/v2\/media?parent=1567"}],"wp:term":[{"taxonomy":"category","embeddable":true,"href":"https:\/\/987aldia.com\/web\/wp-json\/wp\/v2\/categories?post=1567"},{"taxonomy":"post_tag","embeddable":true,"href":"https:\/\/987aldia.com\/web\/wp-json\/wp\/v2\/tags?post=1567"}],"curies":[{"name":"wp","href":"https:\/\/api.w.org\/{rel}","templated":true}]}}