{"id":1569,"date":"2023-06-12T08:08:11","date_gmt":"2023-06-12T08:08:11","guid":{"rendered":"https:\/\/987aldia.com\/web\/?p=1569"},"modified":"2023-06-12T08:08:42","modified_gmt":"2023-06-12T08:08:42","slug":"el-archivo-historico-provincial-de-segovia-organiza-la-primera-edicion-del-open-internacional-de-ajedrez","status":"publish","type":"post","link":"https:\/\/987aldia.com\/web\/el-archivo-historico-provincial-de-segovia-organiza-la-primera-edicion-del-open-internacional-de-ajedrez\/","title":{"rendered":"El Archivo Hist\u00f3rico Provincial de Segovia organiza la primera edici\u00f3n del Open Internacional de Ajedrez"},"content":{"rendered":"\n<h2 class=\"wp-block-heading\"><strong>Se trata de un torneo que se llevar\u00e1 a cabo mediante el sistema suizo de juego, que constituye el modelo competici\u00f3n m\u00e1s usado en el mundo del ajedrez, tanto en las modalidades individuales como en las de equipos. Esta actividad est\u00e1 convocada para el pr\u00f3ximo 11 de junio en horario de 10.00 a 14.00 horas en la sede del Archivo Hist\u00f3rico.<\/strong><\/h2>\n\n\n\n<p>El Archivo Hist\u00f3rico Provincial de Segovia, centro de la Junta de Castilla y Le\u00f3n, organiza el pr\u00f3ximo domingo, 11 de junio, en colaboraci\u00f3n con el Club \u2018Alfilxh7\u2019\u2013 Escuela de Ajedrez y la Delegaci\u00f3n en Segovia de la Federaci\u00f3n Castellano y Leonesa de Ajedrez, la primera edici\u00f3n del Open Internacional de Ajedrez \u2018Archivo Hist\u00f3rico Provincial\u2019, una actividad que se enmarca en el programa preparado por el centro cultural para la conmemoraci\u00f3n de la Semana Internacional de los Archivos.<\/p>\n\n\n\n<p>En este a\u00f1o 2023, los ajedrecistas de Segovia y el Archivo Hist\u00f3rico Provincial renuevan su colaboraci\u00f3n en torno a la organizaci\u00f3n de un torneo abierto a todo el que quiera participar. Es la tercera ocasi\u00f3n en que el centro y el club ajedrecista de Segovia convocan una competici\u00f3n, aunque la de este a\u00f1o es la primera de car\u00e1cter internacional. El torneo se llevar\u00e1 a cabo mediante el sistema suizo del juego, el modelo de competici\u00f3n m\u00e1s utilizado en el mundo de los torneos de ajedrez, tanto en sus modalidades individuales como en las de por equipos. Una t\u00e9cnica propia para integrar en un mismo evento a profesionales del m\u00e1s alto nivel con aficionados de cualquier fuerza, gracias a sus caracter\u00edsticas que, desde esa perspectiva, se considera una herramienta poderosa en la difusi\u00f3n del ajedrez.<\/p>\n\n\n\n<p>Con esta actividad, se pretende poner de manifiesto el car\u00e1cter cultural del ajedrez, tambi\u00e9n conocido como el deporte-ciencia, as\u00ed como su proyecci\u00f3n hist\u00f3rica, ya que sus or\u00edgenes se remontan a la antig\u00fcedad. Para todos los jugadores de ajedrez, la importancia de este juego evoca a la dama sobre un tablero, la pieza m\u00e1s fuerte que domina y se mueve con soltura. El movimiento de la dama ha sido comparado con la reina Isabel la Cat\u00f3lica, una sobre el tablero de ajedrez, y la otra sobre el tablero pol\u00edtico de Europa en el principio de la Edad Moderna. Tal y como aparecen descritas las reglas del ajedrez en la obra de Alfonso X el Sabio a finales del siglo XIII, su bagaje hist\u00f3rico se relaciona con el de los archivos, el razonamiento y la memoria convertidos en un juego.<\/p>\n\n\n\n<p><strong>Sistema suizo<\/strong><\/p>\n\n\n\n<p>En el sistema suizo, atribuido al Dr. Julius M\u00fcller, de Brugg (Suiza) y que fue implantado por primera vez en el torneo de Z\u00farich en junio de 1895, es determinante la designaci\u00f3n del rival en cada ronda, que depende fundamentalmente de la puntuaci\u00f3n que se obtenga en ese momento. En este sentido, la idea principal es producir un efecto de filtraje, en el que el n\u00famero total de rondas casi siempre es relativamente reducido. As\u00ed, es habitual la celebraci\u00f3n de torneos suizos con m\u00e1s de 100 participantes y solo 7 0 9 rondas.<\/p>\n\n\n\n<p>Este sistema ya fue utilizado en el Campeonato Open de Estados Unidos en 1947, aunque se prob\u00f3 el a\u00f1o anterior en la Fase Preliminar de esa competici\u00f3n, y en 1942 en el Campeonato de Texas. Asimismo, dirigi\u00f3 el Campeonato de Pensilvania en 1943. Tras estos torneos, inmediatamente despu\u00e9s fue acogido por otros pa\u00edses, especialmente en Europa occidental, aunque en Espa\u00f1a hasta 1968 no se celebr\u00f3 el primer campeonato nacional siguiendo el sistema suizo, que fue convocado por la Federaci\u00f3n Espa\u00f1ola de Ajedrez.<\/p>\n\n\n\n<p>En Segovia, el Open \u2018Archivo Hist\u00f3rico Provincial\u2019 est\u00e1 convocado para el pr\u00f3ximo domingo 11 de junio, en horario de 10.00 a 14.00 horas, en la sede del mismo, donde se desarrollar\u00e1 en un total de 7 rondas. Durante esta jornada internacional de ajedrez, abierta a todo el que quiera formar parte, podr\u00e1n participar todos los jugadores federados tanto de la provincia como de otros lugares, permitiendo la entrada al evento de todos aquellos interesados hasta completar el aforo. As\u00ed, se admiten inscripciones hasta 30 minutos antes de que d\u00e9 comienzo el campeonato.<\/p>\n","protected":false},"excerpt":{"rendered":"<p>Se trata de un torneo que se llevar\u00e1 a cabo mediante el sistema suizo de juego, que constituye el modelo competici\u00f3n m\u00e1s usado en el mundo del ajedrez, tanto en las modalidades individuales como en las de equipos. Esta actividad est\u00e1 convocada para el pr\u00f3ximo 11 de junio en horario de 10.00 a 14.00 horas [&hellip;]<\/p>\n","protected":false},"author":1,"featured_media":1343,"comment_status":"open","ping_status":"closed","sticky":false,"template":"","format":"standard","meta":{"_monsterinsights_skip_tracking":false,"_monsterinsights_sitenote_active":false,"_monsterinsights_sitenote_note":"","_monsterinsights_sitenote_category":0,"site-container-style":"default","site-container-layout":"default","site-sidebar-layout":"default","disable-article-header":"default","disable-site-header":"default","disable-site-footer":"default","disable-content-area-spacing":"default","_jetpack_memberships_contains_paid_content":false,"footnotes":"","jetpack_publicize_message":"","jetpack_publicize_feature_enabled":true,"jetpack_social_post_already_shared":false,"jetpack_social_options":{"image_generator_settings":{"template":"highway","default_image_id":0,"font":"","enabled":false},"version":2}},"categories":[10],"tags":[],"class_list":["post-1569","post","type-post","status-publish","format-standard","has-post-thumbnail","hentry","category-castilla-y-leon"],"jetpack_publicize_connections":[],"jetpack_featured_media_url":"https:\/\/987aldia.com\/web\/wp-content\/uploads\/2023\/06\/joven-estudiante-busca-libro-biblioteca.jpg","jetpack_sharing_enabled":true,"_links":{"self":[{"href":"https:\/\/987aldia.com\/web\/wp-json\/wp\/v2\/posts\/1569","targetHints":{"allow":["GET"]}}],"collection":[{"href":"https:\/\/987aldia.com\/web\/wp-json\/wp\/v2\/posts"}],"about":[{"href":"https:\/\/987aldia.com\/web\/wp-json\/wp\/v2\/types\/post"}],"author":[{"embeddable":true,"href":"https:\/\/987aldia.com\/web\/wp-json\/wp\/v2\/users\/1"}],"replies":[{"embeddable":true,"href":"https:\/\/987aldia.com\/web\/wp-json\/wp\/v2\/comments?post=1569"}],"version-history":[{"count":1,"href":"https:\/\/987aldia.com\/web\/wp-json\/wp\/v2\/posts\/1569\/revisions"}],"predecessor-version":[{"id":1570,"href":"https:\/\/987aldia.com\/web\/wp-json\/wp\/v2\/posts\/1569\/revisions\/1570"}],"wp:featuredmedia":[{"embeddable":true,"href":"https:\/\/987aldia.com\/web\/wp-json\/wp\/v2\/media\/1343"}],"wp:attachment":[{"href":"https:\/\/987aldia.com\/web\/wp-json\/wp\/v2\/media?parent=1569"}],"wp:term":[{"taxonomy":"category","embeddable":true,"href":"https:\/\/987aldia.com\/web\/wp-json\/wp\/v2\/categories?post=1569"},{"taxonomy":"post_tag","embeddable":true,"href":"https:\/\/987aldia.com\/web\/wp-json\/wp\/v2\/tags?post=1569"}],"curies":[{"name":"wp","href":"https:\/\/api.w.org\/{rel}","templated":true}]}}