{"id":1571,"date":"2023-06-09T09:00:00","date_gmt":"2023-06-09T09:00:00","guid":{"rendered":"https:\/\/987aldia.com\/web\/?p=1571"},"modified":"2023-06-13T07:47:25","modified_gmt":"2023-06-13T07:47:25","slug":"la-junta-colabora-en-la-presentacion-del-v-dia-nacional-de-la-seguridad-en-la-montana-y-la-ii-jornada-sobre-la-seguridad-en-deportes-de-montana","status":"publish","type":"post","link":"https:\/\/987aldia.com\/web\/la-junta-colabora-en-la-presentacion-del-v-dia-nacional-de-la-seguridad-en-la-montana-y-la-ii-jornada-sobre-la-seguridad-en-deportes-de-montana\/","title":{"rendered":"La Junta colabora en la presentaci\u00f3n del V D\u00eda Nacional de la Seguridad en la Monta\u00f1a y la II Jornada sobre la Seguridad en Deportes de Monta\u00f1a"},"content":{"rendered":"\n<h2 class=\"wp-block-heading\"><strong>La Consejer\u00eda de Medio Ambiente, Vivienda y Ordenaci\u00f3n del Territorio ha colaborado con la Federaci\u00f3n de Deportes de Monta\u00f1a, Escalada y Senderismo de Castilla y Le\u00f3n (FDMESCYL) en la organizaci\u00f3n del V D\u00eda Nacional de la Seguridad en Monta\u00f1a y las II Jornadas sobre la Seguridad en Deportes de Monta\u00f1a de Castilla y Le\u00f3n que se realizar\u00e1 en las Instalaciones de la Roca en Palencia.<\/strong><\/h2>\n\n\n\n<p>La directora de la Agencia de Protecci\u00f3n Civil y Emergencias, Irene Cort\u00e9s, ha presentado hoy el V D\u00eda Nacional de la Seguridad en Monta\u00f1a Garmin y las II Jornadas sobre la Seguridad en Deportes de Monta\u00f1a de Castilla y Le\u00f3n,&nbsp;que se van a desarrollar en del 9 al 11 de junio en Palencia en las instalaciones de La Roca. All\u00ed&nbsp;ha resaltado lo fundamental de estas jornadas para dar a conocer las buenas pr\u00e1cticas en las&nbsp;actividades al aire libre y sobre todo en el entorno de Monta\u00f1a.<\/p>\n\n\n\n<p>Estas jornadas tienen como objetivo poner de manifiesto la importancia que tiene la \u2018Gesti\u00f3n de Riesgos\u2019 para disminuir los accidentes en la monta\u00f1a. Est\u00e1n destinadas principalmente a deportistas, responsables de clubes y t\u00e9cnicos deportivos de monta\u00f1a<\/p>\n\n\n\n<p>Las jornadas se realizar\u00e1n desde la tarde del viernes d\u00eda 9 hasta el domingo d\u00eda 11 de junio en el Complejo Juvenil Castilla &#8211; La Roca, donde dos conferencias dar\u00e1n el comienzo, una a cargo de Protecci\u00f3n Civil de la Junta de Castilla que versara sobre El Operativo de b\u00fasqueda y rescate en Castilla y Le\u00f3n y otra a cargo del Comit\u00e9 de Seguridad de la FEDME sobre Accidentes de Monta\u00f1a.<\/p>\n\n\n\n<p>El s\u00e1bado por la ma\u00f1ana se realizar\u00e1n diferentes talleres de seguridad en las instalaciones de La Roca y en la zona del Monte el Viejo, d\u00f3nde cabe destacar el simulacro de rescate en monta\u00f1a que correr\u00e1 a cargo del Grupo de Rescate de la Junta de Castilla y Le\u00f3n.<\/p>\n\n\n\n<p>Durante estas jornadas est\u00e1 programado un taller sobre prevenci\u00f3n y tratamiento de la hipotermia y un curso sobre prevenci\u00f3n de riesgos en monta\u00f1a.<\/p>\n\n\n\n<p>Tambi\u00e9n estar\u00e1 presente durante el s\u00e1bado el &#8216;espacio m\u00f3vil&#8217;&nbsp;del Plan de Promoci\u00f3n de la Autoprotecci\u00f3n de Castilla y Le\u00f3n que ha puesto en marcha la Consejer\u00eda de Medio Ambiente, Vivienda y Ordenaci\u00f3n de Territorio a trav\u00e9s de la Agencia de Protecci\u00f3n Civil y Emergencias, para llevar la cultura de la autoprotecci\u00f3n a todos los rincones de la Comunidad, gracias al apoyo del Fondo europeo FEDER REACT UE. En este espacio se realizar\u00e1n visitas divulgativas para los asistentes a las jornadas.<\/p>\n\n\n\n<p><strong>Participaci\u00f3n del Grupo de Rescate de la Junta de Castilla y Le\u00f3n<\/strong><\/p>\n\n\n\n<p>Castilla y Le\u00f3n cuenta&nbsp;con un grupo de rescate (GRS)&nbsp;para atender las emergencias de esta tipolog\u00eda que se produzcan principalmente en el \u00e1mbito territorial de Castilla y Le\u00f3n.&nbsp;De forma puntual&nbsp;el GRS podr\u00e1 ser requerido para actuar en el territorio de las comunidades aut\u00f3nomas adyacentes. Estas actuaciones se fundamentaran en los principios de urgencia, reciprocidad y colaboraci\u00f3n entre administraciones e idoneidad del recurso de emergencia utilizado. El GRS actuar\u00e1 fuera del territorio de la Comunidad de Castilla y Le\u00f3n cuando los recursos de emergencia propios de otras comunidades aut\u00f3nomas no est\u00e9n disponibles, o sea un recurso mucho m\u00e1s adecuado para la resoluci\u00f3n de la emergencia o cuando otras circunstancias as\u00ed lo requieran.<\/p>\n\n\n\n<p>El GRS est\u00e1 dotado con una tripulaci\u00f3n formada por: un piloto, un operador de gr\u00faa, un rescatador y rescatador-DUE (enfermero), haciendo especial esfuerzo en la sanitarizaci\u00f3n del propio rescate con un enfermero integrado en el equipo de rescate. Opera desde una base centrada geogr\u00e1ficamente en Castilla y Le\u00f3n, en el Municipio de Alcazar\u00e9n (Valladolid). Su disponibilidad para intervenir es&nbsp;inmediata durante todos los d\u00edas del a\u00f1o. La salida del GRS se realiza en un tiempo medio de 5 minutos. Su jornada operativa, con car\u00e1cter general, se extiende desde las 10:00 horas hasta el ocaso.<\/p>\n\n\n\n<p>Es importante la participaci\u00f3n del Grupo de Rescate&nbsp;en este tipo de jornadas para impulsar la coordinaci\u00f3n por parte de la Junta de Castilla y Le\u00f3n con federaciones de monta\u00f1a, clubes de monta\u00f1a&nbsp;en el \u00e1mbito de la prevenci\u00f3n. La estad\u00edstica demuestra un incremento de este tipo de accidentes, tal y como queda reflejado en el incremento de salidas del GRS, principalmente por la gravedad de los mismos.<\/p>\n","protected":false},"excerpt":{"rendered":"<p>La Consejer\u00eda de Medio Ambiente, Vivienda y Ordenaci\u00f3n del Territorio ha colaborado con la Federaci\u00f3n de Deportes de Monta\u00f1a, Escalada y Senderismo de Castilla y Le\u00f3n (FDMESCYL) en la organizaci\u00f3n del V D\u00eda Nacional de la Seguridad en Monta\u00f1a y las II Jornadas sobre la Seguridad en Deportes de Monta\u00f1a de Castilla y Le\u00f3n que [&hellip;]<\/p>\n","protected":false},"author":1,"featured_media":1572,"comment_status":"open","ping_status":"closed","sticky":false,"template":"","format":"standard","meta":{"_monsterinsights_skip_tracking":false,"_monsterinsights_sitenote_active":false,"_monsterinsights_sitenote_note":"","_monsterinsights_sitenote_category":0,"site-container-style":"default","site-container-layout":"default","site-sidebar-layout":"default","disable-article-header":"default","disable-site-header":"default","disable-site-footer":"default","disable-content-area-spacing":"default","_jetpack_memberships_contains_paid_content":false,"footnotes":"","jetpack_publicize_message":"","jetpack_publicize_feature_enabled":true,"jetpack_social_post_already_shared":false,"jetpack_social_options":{"image_generator_settings":{"template":"highway","default_image_id":0,"font":"","enabled":false},"version":2}},"categories":[10],"tags":[],"class_list":["post-1571","post","type-post","status-publish","format-standard","has-post-thumbnail","hentry","category-castilla-y-leon"],"jetpack_publicize_connections":[],"jetpack_featured_media_url":"https:\/\/987aldia.com\/web\/wp-content\/uploads\/2023\/06\/vista-cerca-escalador.jpg","jetpack_sharing_enabled":true,"_links":{"self":[{"href":"https:\/\/987aldia.com\/web\/wp-json\/wp\/v2\/posts\/1571","targetHints":{"allow":["GET"]}}],"collection":[{"href":"https:\/\/987aldia.com\/web\/wp-json\/wp\/v2\/posts"}],"about":[{"href":"https:\/\/987aldia.com\/web\/wp-json\/wp\/v2\/types\/post"}],"author":[{"embeddable":true,"href":"https:\/\/987aldia.com\/web\/wp-json\/wp\/v2\/users\/1"}],"replies":[{"embeddable":true,"href":"https:\/\/987aldia.com\/web\/wp-json\/wp\/v2\/comments?post=1571"}],"version-history":[{"count":1,"href":"https:\/\/987aldia.com\/web\/wp-json\/wp\/v2\/posts\/1571\/revisions"}],"predecessor-version":[{"id":1573,"href":"https:\/\/987aldia.com\/web\/wp-json\/wp\/v2\/posts\/1571\/revisions\/1573"}],"wp:featuredmedia":[{"embeddable":true,"href":"https:\/\/987aldia.com\/web\/wp-json\/wp\/v2\/media\/1572"}],"wp:attachment":[{"href":"https:\/\/987aldia.com\/web\/wp-json\/wp\/v2\/media?parent=1571"}],"wp:term":[{"taxonomy":"category","embeddable":true,"href":"https:\/\/987aldia.com\/web\/wp-json\/wp\/v2\/categories?post=1571"},{"taxonomy":"post_tag","embeddable":true,"href":"https:\/\/987aldia.com\/web\/wp-json\/wp\/v2\/tags?post=1571"}],"curies":[{"name":"wp","href":"https:\/\/api.w.org\/{rel}","templated":true}]}}