{"id":1574,"date":"2023-06-13T00:00:00","date_gmt":"2023-06-13T00:00:00","guid":{"rendered":"https:\/\/987aldia.com\/web\/?p=1574"},"modified":"2023-06-12T08:13:32","modified_gmt":"2023-06-12T08:13:32","slug":"la-consejeria-de-medio-ambiente-vivienda-y-ordenacion-del-territorio-inicia-la-tramitacion-del-plan-regional-para-ampliar-en-casi-70-hectareas-el-poligono-de-vicolozano-en-avila","status":"publish","type":"post","link":"https:\/\/987aldia.com\/web\/la-consejeria-de-medio-ambiente-vivienda-y-ordenacion-del-territorio-inicia-la-tramitacion-del-plan-regional-para-ampliar-en-casi-70-hectareas-el-poligono-de-vicolozano-en-avila\/","title":{"rendered":"La Consejer\u00eda de Medio Ambiente, Vivienda y Ordenaci\u00f3n del Territorio inicia la tramitaci\u00f3n del Plan Regional para ampliar en casi 70 hect\u00e1reas el pol\u00edgono de Vicolozano en \u00c1vila"},"content":{"rendered":"\n<h2 class=\"wp-block-heading\"><strong>Este Plan Regional se encuentra dentro del Programa Territorial de Fomento para \u00c1vila y su entorno 2020-2024 y se inicia con la apertura de un periodo de exposici\u00f3n p\u00fablica durante 45 d\u00edas.<\/strong><\/h2>\n\n\n\n<p>La Consejer\u00eda de Medio Ambiente, Vivienda y Ordenaci\u00f3n ha promovido la tramitaci\u00f3n del Plan Regional de \u00e1mbito territorial para el desarrollo de la UA 3 del Sector PP 19 Vicolozano II, en \u00c1vila, de conformidad con lo dispuesto en el art\u00edculo 20.3 de la Ley 10\/1998, de 5 de diciembre, de Ordenaci\u00f3n del Territorio de la Comunidad de Castilla y Le\u00f3n.<\/p>\n\n\n\n<p>Este Plan Regional se inscribe en el marco del Programa Territorial de Fomento para \u00c1vila y su entorno 2020-2024, con vigencia hasta el 31 de diciembre de 2024.<\/p>\n\n\n\n<p>El Plan Regional incrementar\u00e1 la disponibilidad de suelo p\u00fablico para su destino a actividades productivas y empresariales en \u00c1vila y en el suroeste de la Comunidad Aut\u00f3noma, a fin de que las empresas interesadas no se vean obligadas a buscar otras ubicaciones por la falta de disponibilidad de parcelas en el municipio.<\/p>\n\n\n\n<p>Para ello, se han reconsiderado las condiciones de ordenaci\u00f3n urban\u00edstica de la Unidad de Actuaci\u00f3n UA 3 del sector PP-19 Vicolozano II con el objeto de generar una oferta de suelo p\u00fablico con destino a la implantaci\u00f3n de actividades industriales y log\u00edsticas, que incremente la capacidad del ya colmatado pol\u00edgono Vicolozano I y de las dos unidades de actuaci\u00f3n ya urbanizadas de Vicolozano II.<\/p>\n\n\n\n<p>Adem\u00e1s del establecimiento de las condiciones de ordenaci\u00f3n, general y detallada, dentro de su \u00e1mbito de actuaci\u00f3n, el Plan Regional incorpora las determinaciones de actuaci\u00f3n, incluyendo las condiciones completas de reparcelaci\u00f3n para la Unidad de Actuaci\u00f3n UA3, permitiendo de este modo, tras su aprobaci\u00f3n, el inicio de las actuaciones de desarrollo urban\u00edstico del \u00e1rea industrial.<\/p>\n\n\n\n<p>La aprobaci\u00f3n de este Plan Regional comportar\u00e1 la declaraci\u00f3n de utilidad p\u00fablica e inter\u00e9s social y la necesidad de urgente ocupaci\u00f3n de los bienes y derechos que resulten necesarios para su ejecuci\u00f3n, de conformidad con lo dispuesto en el art\u00edculo 22 de la Ley 10\/1998, de 5 de diciembre, de Ordenaci\u00f3n del Territorio de la Comunidad de Castilla y Le\u00f3n.<\/p>\n\n\n\n<p>La tramitaci\u00f3n del Plan Regional se inicia con la apertura de un periodo de exposici\u00f3n p\u00fablica para alegaciones e informes que se inicia con su publicaci\u00f3n en el Bocyl de hoy.<\/p>\n\n\n\n<p>El Plan Regional ordena en esta UA 3 una superficie total de 696.936,10 m\u00b2, de los que 150.473,34 m\u00b2 corresponden a Sistemas Generales, y 341.464,18 m\u00b2 de suelo industrial, con una edificabilidad de 278.774,44 m\u00b2.<\/p>\n\n\n\n<p>La Sociedad P\u00fablica de Infraestructuras y Medio Ambiente de Castilla y Le\u00f3n (SOMACyL), dependiente de la Consejer\u00eda de Medio Ambiente, Vivienda y Ordenaci\u00f3n del Territorio, es propietaria mayoritaria del terreno, con un 79,9 %, y el Ayuntamiento de \u00c1vila, del restante 20,1 %. Con fecha 20 de abril de 2023, se firm\u00f3<strong>&nbsp;<\/strong>un Protocolo de actuaci\u00f3n coordinada entre la Junta de Castilla y Le\u00f3n y el Ayuntamiento de \u00c1vila, que regula la participaci\u00f3n de dichas administraciones y la titularidad de los derechos urban\u00edsticos finalistas, que corresponder\u00e1n a SOMACyL en su condici\u00f3n de promotor y agente urbanizador.<\/p>\n\n\n\n<p>Los objetivos y el inter\u00e9s para la Comunidad del Plan Regional para el desarrollo de la Unidad de Actuaci\u00f3n UA 3 del Pol\u00edgono Industrial de Vicolozano se inscriben en las pol\u00edticas regionales de desarrollo de suelo industrial y espec\u00edficamente en el marco de las se\u00f1aladas en el citado Programa Territorial de Fomento para \u00c1vila y su entorno 2020-2024 y las Medidas para la Reactivaci\u00f3n del suelo industrial de Castilla y Le\u00f3n, gestionadas por el Instituto de Competitividad Empresarial (ICE).<\/p>\n","protected":false},"excerpt":{"rendered":"<p>Este Plan Regional se encuentra dentro del Programa Territorial de Fomento para \u00c1vila y su entorno 2020-2024 y se inicia con la apertura de un periodo de exposici\u00f3n p\u00fablica durante 45 d\u00edas. La Consejer\u00eda de Medio Ambiente, Vivienda y Ordenaci\u00f3n ha promovido la tramitaci\u00f3n del Plan Regional de \u00e1mbito territorial para el desarrollo de la [&hellip;]<\/p>\n","protected":false},"author":1,"featured_media":1575,"comment_status":"open","ping_status":"closed","sticky":false,"template":"","format":"standard","meta":{"_monsterinsights_skip_tracking":false,"_monsterinsights_sitenote_active":false,"_monsterinsights_sitenote_note":"","_monsterinsights_sitenote_category":0,"site-container-style":"default","site-container-layout":"default","site-sidebar-layout":"default","disable-article-header":"default","disable-site-header":"default","disable-site-footer":"default","disable-content-area-spacing":"default","_jetpack_memberships_contains_paid_content":false,"footnotes":"","jetpack_publicize_message":"","jetpack_publicize_feature_enabled":true,"jetpack_social_post_already_shared":false,"jetpack_social_options":{"image_generator_settings":{"template":"highway","default_image_id":0,"font":"","enabled":false},"version":2}},"categories":[10],"tags":[],"class_list":["post-1574","post","type-post","status-publish","format-standard","has-post-thumbnail","hentry","category-castilla-y-leon"],"jetpack_publicize_connections":[],"jetpack_featured_media_url":"https:\/\/987aldia.com\/web\/wp-content\/uploads\/2023\/06\/Avila_001.jpg","jetpack_sharing_enabled":true,"_links":{"self":[{"href":"https:\/\/987aldia.com\/web\/wp-json\/wp\/v2\/posts\/1574","targetHints":{"allow":["GET"]}}],"collection":[{"href":"https:\/\/987aldia.com\/web\/wp-json\/wp\/v2\/posts"}],"about":[{"href":"https:\/\/987aldia.com\/web\/wp-json\/wp\/v2\/types\/post"}],"author":[{"embeddable":true,"href":"https:\/\/987aldia.com\/web\/wp-json\/wp\/v2\/users\/1"}],"replies":[{"embeddable":true,"href":"https:\/\/987aldia.com\/web\/wp-json\/wp\/v2\/comments?post=1574"}],"version-history":[{"count":1,"href":"https:\/\/987aldia.com\/web\/wp-json\/wp\/v2\/posts\/1574\/revisions"}],"predecessor-version":[{"id":1576,"href":"https:\/\/987aldia.com\/web\/wp-json\/wp\/v2\/posts\/1574\/revisions\/1576"}],"wp:featuredmedia":[{"embeddable":true,"href":"https:\/\/987aldia.com\/web\/wp-json\/wp\/v2\/media\/1575"}],"wp:attachment":[{"href":"https:\/\/987aldia.com\/web\/wp-json\/wp\/v2\/media?parent=1574"}],"wp:term":[{"taxonomy":"category","embeddable":true,"href":"https:\/\/987aldia.com\/web\/wp-json\/wp\/v2\/categories?post=1574"},{"taxonomy":"post_tag","embeddable":true,"href":"https:\/\/987aldia.com\/web\/wp-json\/wp\/v2\/tags?post=1574"}],"curies":[{"name":"wp","href":"https:\/\/api.w.org\/{rel}","templated":true}]}}