{"id":1583,"date":"2023-06-13T18:00:00","date_gmt":"2023-06-13T18:00:00","guid":{"rendered":"https:\/\/987aldia.com\/web\/?p=1583"},"modified":"2023-06-12T08:20:27","modified_gmt":"2023-06-12T08:20:27","slug":"las-cuentas-del-collar-de-un-ajuar-funerario-hallado-en-el-dolmen-de-santa-ines-son-la-pieza-del-mes-de-junio-del-museo-de-segovia","status":"publish","type":"post","link":"https:\/\/987aldia.com\/web\/las-cuentas-del-collar-de-un-ajuar-funerario-hallado-en-el-dolmen-de-santa-ines-son-la-pieza-del-mes-de-junio-del-museo-de-segovia\/","title":{"rendered":"Las cuentas del collar de un ajuar funerario hallado en el dolmen de Santa In\u00e9s son la &#8216;pieza del mes&#8217; de junio del Museo de Segovia"},"content":{"rendered":"\n<h2 class=\"wp-block-heading\"><strong>Las cuentas est\u00e1n elaboradas con variscita, una vistosa roca de color verde azulado muy apreciada en la Prehistoria reciente por su rareza y exotismo. El dolmen de Santa In\u00e9s, ubicado en el municipio de Bernardos, es un monumental sepulcro colectivo cuya construcci\u00f3n se inici\u00f3 coincidiendo con las fases finales del Neol\u00edtico en la cuenca del Duero, hacia el IV milenio a.C.<\/strong><\/h2>\n\n\n\n<p>El Museo de Segovia, centro dependiente de la Junta de Castilla y Le\u00f3n, dedica este mes de junio su actividad divulgativa \u2018pieza del mes\u2019 a un conjunto de cuentas de variscita que fueron halladas en el yacimiento arqueol\u00f3gico del dolmen de Santa In\u00e9s, en Bernardos, y que presumiblemente corresponden a un collar que era parte de un ajuar funerario.<\/p>\n\n\n\n<p>La variscita es una roca de color verde azulado que era muy apreciada en la Prehistoria por su escasez y exotismo y por la dificultad de su extracci\u00f3n y posterior transformaci\u00f3n en abalorio. Tal es su rareza que, en la pen\u00ednsula ib\u00e9rica, se registran apenas tres minas prehist\u00f3ricas de este mineral: Can Tintorer (Gava, Barcelona), Pico Centeno (Encinasola, Huelva) y en la comarca zamorana de Aliste. El hallazgo de alhajas de este material en multitud de yacimientos de la geograf\u00eda peninsular revela la existencia de redes de distribuci\u00f3n durante el Neol\u00edtico y la Edad del Cobre.<\/p>\n\n\n\n<p>Las joyas de variscita de Santa In\u00e9s muestran morfolog\u00edas cil\u00edndricas, pulidas al extremo y con una perforaci\u00f3n central. Otras, m\u00e1s escasas y excepcionales, se asemejan a un cubilete, siendo de un tama\u00f1o ligeramente mayor que las anteriores. Esta variedad, nos permite suponer que las piezas ir\u00edan engarzadas de forma alterna, configurando as\u00ed m\u00faltiples dise\u00f1os.<\/p>\n\n\n\n<p><strong>Un monumental sepulcro colectivo del Neol\u00edtico<\/strong><\/p>\n\n\n\n<p>Los d\u00f3lmenes son grandes monumentos funerarios que se comenzaron a erigir por las primeras comunidades agr\u00edcolas hace 6.000 a\u00f1os. Eran tumbas levantadas para la eternidad, donde rend\u00edan honores a los antepasados a la vez que serv\u00edan tambi\u00e9n como lugares de reuni\u00f3n y celebraci\u00f3n de ritos ancestrales. Estos sepulcros se localizan en buena parte del continente europeo y tuvieron un especial arraigo en la pen\u00ednsula ib\u00e9rica.<\/p>\n\n\n\n<p>El dolmen de Santa&nbsp;In\u00e9s de Bernardos es una sepultura de corredor&nbsp;que cuenta con un peristilo de aproximadamente 30 metros de di\u00e1metro y una c\u00e1mara funeraria que supera los tres metros. Est\u00e1 construido con lajas de pizarra, al igual que su coraza, que ejercen de contrafuerte a la b\u00f3veda que ten\u00eda la c\u00e1mara funeraria, y pertenece al periodo del Neol\u00edtico, en torno al a\u00f1o 3.500 a.C.<\/p>\n\n\n\n<p>Las campa\u00f1as de excavaci\u00f3n desarrolladas en este yacimiento han proporcionado interesantes datos sobre el sistema constructivo del monumento, su estructura interna y sus posibles fases, a la vez que han permitido constatar la presencia de signos grabados en varios lugares de la c\u00e1mara funeraria: \u2018arte megal\u00edtico\u2019, en suma, que aporta un importante valor a\u00f1adido a la investigaci\u00f3n de este dolmen de corredor.<\/p>\n\n\n\n<p>En las distintas investigaciones se recuperaron diversos restos cer\u00e1micos y p\u00e9treos, cuya procedencia, tanto a nivel material y tipol\u00f3gico como en el plano de las influencias culturales, evidencian la existencia de un desarrollado sistema de comunicaciones y relaciones entre grupos humanos y sociedades a larga distancia. La \u2018pieza del mes\u2019 es una actividad con la que el Museo de Segovia pretende promover el conocimiento de aquellos fondos singulares y poco divulgados que no suelen estar incluidos en la exposici\u00f3n permanente del centro.\u00a0<\/p>\n","protected":false},"excerpt":{"rendered":"<p>Las cuentas est\u00e1n elaboradas con variscita, una vistosa roca de color verde azulado muy apreciada en la Prehistoria reciente por su rareza y exotismo. El dolmen de Santa In\u00e9s, ubicado en el municipio de Bernardos, es un monumental sepulcro colectivo cuya construcci\u00f3n se inici\u00f3 coincidiendo con las fases finales del Neol\u00edtico en la cuenca del [&hellip;]<\/p>\n","protected":false},"author":1,"featured_media":1584,"comment_status":"open","ping_status":"closed","sticky":false,"template":"","format":"standard","meta":{"_monsterinsights_skip_tracking":false,"_monsterinsights_sitenote_active":false,"_monsterinsights_sitenote_note":"","_monsterinsights_sitenote_category":0,"site-container-style":"default","site-container-layout":"default","site-sidebar-layout":"default","disable-article-header":"default","disable-site-header":"default","disable-site-footer":"default","disable-content-area-spacing":"default","_jetpack_memberships_contains_paid_content":false,"footnotes":"","jetpack_publicize_message":"","jetpack_publicize_feature_enabled":true,"jetpack_social_post_already_shared":false,"jetpack_social_options":{"image_generator_settings":{"template":"highway","default_image_id":0,"font":"","enabled":false},"version":2}},"categories":[10],"tags":[],"class_list":["post-1583","post","type-post","status-publish","format-standard","has-post-thumbnail","hentry","category-castilla-y-leon"],"jetpack_publicize_connections":[],"jetpack_featured_media_url":"https:\/\/987aldia.com\/web\/wp-content\/uploads\/2023\/06\/GESTORCuentasdecollardeldolmendeSantaInes.jpg","jetpack_sharing_enabled":true,"_links":{"self":[{"href":"https:\/\/987aldia.com\/web\/wp-json\/wp\/v2\/posts\/1583","targetHints":{"allow":["GET"]}}],"collection":[{"href":"https:\/\/987aldia.com\/web\/wp-json\/wp\/v2\/posts"}],"about":[{"href":"https:\/\/987aldia.com\/web\/wp-json\/wp\/v2\/types\/post"}],"author":[{"embeddable":true,"href":"https:\/\/987aldia.com\/web\/wp-json\/wp\/v2\/users\/1"}],"replies":[{"embeddable":true,"href":"https:\/\/987aldia.com\/web\/wp-json\/wp\/v2\/comments?post=1583"}],"version-history":[{"count":1,"href":"https:\/\/987aldia.com\/web\/wp-json\/wp\/v2\/posts\/1583\/revisions"}],"predecessor-version":[{"id":1585,"href":"https:\/\/987aldia.com\/web\/wp-json\/wp\/v2\/posts\/1583\/revisions\/1585"}],"wp:featuredmedia":[{"embeddable":true,"href":"https:\/\/987aldia.com\/web\/wp-json\/wp\/v2\/media\/1584"}],"wp:attachment":[{"href":"https:\/\/987aldia.com\/web\/wp-json\/wp\/v2\/media?parent=1583"}],"wp:term":[{"taxonomy":"category","embeddable":true,"href":"https:\/\/987aldia.com\/web\/wp-json\/wp\/v2\/categories?post=1583"},{"taxonomy":"post_tag","embeddable":true,"href":"https:\/\/987aldia.com\/web\/wp-json\/wp\/v2\/tags?post=1583"}],"curies":[{"name":"wp","href":"https:\/\/api.w.org\/{rel}","templated":true}]}}