{"id":1586,"date":"2023-06-12T11:59:00","date_gmt":"2023-06-12T11:59:00","guid":{"rendered":"https:\/\/987aldia.com\/web\/?p=1586"},"modified":"2023-06-12T08:23:03","modified_gmt":"2023-06-12T08:23:03","slug":"la-orquesta-sinfonica-de-castilla-y-leon-presenta-la-nueva-temporada-2023-24-que-apuesta-por-nuevos-desafios-artisticos-y-una-mayor-proyeccion-internacional","status":"publish","type":"post","link":"https:\/\/987aldia.com\/web\/la-orquesta-sinfonica-de-castilla-y-leon-presenta-la-nueva-temporada-2023-24-que-apuesta-por-nuevos-desafios-artisticos-y-una-mayor-proyeccion-internacional\/","title":{"rendered":"La Orquesta Sinf\u00f3nica de Castilla y Le\u00f3n presenta la nueva Temporada 2023\/24 que apuesta por nuevos desaf\u00edos art\u00edsticos y una mayor proyecci\u00f3n internacional"},"content":{"rendered":"\n<h2 class=\"wp-block-heading\"><strong>La Consejer\u00eda de Cultura, Turismo y Deporte presenta el ciclo de 19 programas de abono de la OSCyL para la temporada de Abono 2023-24 que contar\u00e1 con Thierry Fischer como director titular, Vasily Petrenko y Elim Chan como directores asociados, adem\u00e1s de tres nuevos artistas en residencia.<\/strong><\/h2>\n\n\n\n<p>La viceconsejera de Acci\u00f3n Cultural, Mar Sancho, acompa\u00f1ada del gerente de la Orquesta Sinf\u00f3nica de Castilla y Le\u00f3n, Jes\u00fas Herrera, y de su director titular, Thierry Fischer, ha presentado hoy la nueva programaci\u00f3n&nbsp; de la temporada 2023\/24, que se desarrollar\u00e1 entre los meses de octubre y junio, consolidando y reforzando el equipo art\u00edstico de la OSCyL y apostando por una mayor proyecci\u00f3n internacional.<\/p>\n\n\n\n<p>Sancho ha anunciado \u201cimportantes novedades en el proyecto art\u00edstico que se inici\u00f3 el pasado a\u00f1o en la Orquesta regional, con el nombramiento del nuevo director titular, Thierry Fischer, al que se sum\u00f3 el director asociado Vasily Petrenko que continuar\u00e1 hasta la temporada 2024\/25 presentado adem\u00e1s cada temporada a un solista espa\u00f1ol emergente, e incorporando este a\u00f1o a la brillante Elim Chan, hasta la temporada 2025\/26, la cual colaborar\u00e1 en la presente temporada con la OSCyL Joven, como gran proyecto de futuro y de promoci\u00f3n del talento musical en Castilla y Le\u00f3n\u201d.<\/p>\n\n\n\n<p>Adem\u00e1s, la viceconsejera ha destacado que \u201ctras el \u00e9xito y gran acogida de la residencia de Javier Perianes en la temporada que ahora finaliza, se ampl\u00eda este marco de colaboraci\u00f3n con la incorporaci\u00f3n de tres artistas en residencia, figuras de referencia internacional, como son el \u2018Cuarteto Casals\u2019, el director y clarinetista Martin Fr\u00f6st y la compositora Anna Clyne, que van a incorporar todo su extraordinario talento y experiencia al crecimiento art\u00edstico y posicionamiento internacional de la OSCyL\u201d.<\/p>\n\n\n\n<p><strong>Nuevos desaf\u00edos art\u00edsticos<\/strong><\/p>\n\n\n\n<p>La pr\u00f3xima temporada 2023\/24 estar\u00e1 conformada por 19 programas de variada tem\u00e1tica y un concierto extraordinario, que se desarrollar\u00e1n desde octubre de 2023 hasta junio de 2024. Una programaci\u00f3n que, tal y como ha indicado la viceconsejera \u201cse plantea como la m\u00e1s completa, equilibrada y con un gran nivel, contando con un repertorio cuidadosamente seleccionado para proporcionar una amplia oferta al p\u00fablico\u201d.<\/p>\n\n\n\n<p>Para ello, a lo largo de los 19 programas se contar\u00e1 con solistas y directores invitados reconocidos internacionalmente y con artistas espa\u00f1oles, tanto consagrados como emergentes, todos ellos de una gran calidad art\u00edstica. Entre las principales novedades, el director titular Thierry Fischer propone un viaje de tres a\u00f1os por una de las obras cumbres del sinfonismo, como es la integral de las sinfon\u00edas de Ludwig van Beethoven, con la programaci\u00f3n de las tres primeras sinfon\u00edas en la pr\u00f3xima temporada de abono.<\/p>\n\n\n\n<p>En la programaci\u00f3n de la temporada 2023\/24 Thierry Fischer tambi\u00e9n plantea un viaje que incluye obras del clasicismo y del romanticismo, adem\u00e1s de un recorrido de la mano de los compositores rusos, franceses, americanos y, como no pod\u00eda ser de otra forma, la m\u00fasica espa\u00f1ola, con la obra del salmantino Tom\u00e1s Bret\u00f3n en el centenario de su fallecimiento. La temporada se completa con otros contrastantes programas presentados por directores invitados como los asiduos a la orquesta Josep Pons y Roberto Gonz\u00e1lez-Monjas (quien act\u00faa por primera vez con la orquesta como solista-director), el regreso de Hugh Wolff y Christoph Koncz, as\u00ed como los debuts con la orquesta de Elena Schwarz, Pablo Rus Broseta y Ryan Bancroft.<\/p>\n\n\n\n<p>En cuanto a los solistas, se cuenta con figuras de la talla de las violinistas Vilde Frang y Hilary Hahn, el pianista Sir Stephen Hough, los violonchelistas Jean-Guihen Queyras y Steven Isserlis, el flautista Emmanuel Pahud, el tenor Ian Bostridge y grandes solistas espa\u00f1oles como la obo\u00edsta Cristina G\u00f3mez Godoy, la violinista Leticia Moreno, el pianista Mart\u00edn Garc\u00eda Garc\u00eda, la soprano Alicia Amo y la cantaora Mar\u00eda Toledo, entre otros.<\/p>\n\n\n\n<p>La OSCyL, comprometida con la creaci\u00f3n musical, plantea importantes estrenos en su repertorio. De esta forma, se propone la creaci\u00f3n de nuevas composiciones, como el estreno mundial de Albert Guinovart en su \u2018Concierto para flauta n\u00ba 2\u2019 obra escrita por iniciativa de la OSCyL y encargada por la Asociaci\u00f3n Espa\u00f1ola de Orquestas Sinf\u00f3nicas y la Sociedad General de Autores. Adem\u00e1s, la OSCyL presentar\u00e1 otros seis estrenos nacionales: la obra \u2018A Sea Poem\u2019 de la compositora irlandesa Ina Boyle; la nueva orquestaci\u00f3n de Francisco Coll de la \u2018Fantas\u00eda B\u00e6tica\u2019 de Manuel de Falla; los conciertos \u2018Weathered\u2019 y \u2018Glasslands\u2019 de Anna Clyde, siendo este \u00faltimo un co-encargo de la OSCyL junto con instituciones como la Sinf\u00f3nica de Detroit, BBC Radio 3, Filarm\u00f3nica de Naples y Centro Nacional de las Artes de Canad\u00e1; el \u2018Divertimento\u2019 para cuerdas de la compositora polaca Grazyna Bacewicz o las \u2018Piezas L\u00edricas\u2019 del noruego \u00d8rjan Matre.<\/p>\n\n\n\n<p><strong>Proyecci\u00f3n de la OSCyL<\/strong><\/p>\n\n\n\n<p>Entre los principales objetivos de la Consejer\u00eda est\u00e1 el impulso de la proyecci\u00f3n de la OSCyL a trav\u00e9s de la colaboraci\u00f3n y el intercambio con otras formaciones sinf\u00f3nicas, favoreciendo la apertura a mercados de referencia internacional, como ser\u00e1 la participaci\u00f3n de la OSCyL dentro de la programaci\u00f3n del Concertgebouw de Amsterdam (Paises Bajos) y del Konserthus de Stavanger (Noruega) en el mes de agosto.<\/p>\n\n\n\n<p>Durante la presente temporada, el Centro Cultural Miguel Delibes recibir\u00e1 a la Orquesta Sinf\u00f3nica de Stavanger (Noruega) y a la Orquesta Nacional de Espa\u00f1a, bajo la batuta de su director titular David Afkham. Tambi\u00e9n se podr\u00e1 disfrutar de la participaci\u00f3n de la Orquesta Sinf\u00f3nica de RTVE, dirigida por su nuevo director titular Christoph K\u00f6nig en un concierto extraordinario y la OSCyL ofrecer\u00e1 un concierto en el Teatro Monumental de Madrid.<\/p>\n\n\n\n<p>Adem\u00e1s, con el objetivo de mantener el apoyo a los j\u00f3venes m\u00fasicos y apuntalar el talento emergente, la \u2018OSCyL Joven\u2019 participar\u00e1 junto a los miembros de la OSCyL en un concierto que una a ambas formaciones en el programa 6 de la temporada de abono.<\/p>\n\n\n\n<p><strong>Nuevos abonos a la venta<\/strong><\/p>\n\n\n\n<p>Durante la pr\u00f3xima temporada 2023\/24, la Orquesta Sinf\u00f3nica de Castilla y Le\u00f3n mantendr\u00e1 su compromiso con todo el territorio de la comunidad, acercando su propuesta musical por las nueve provincias y facilitando la participaci\u00f3n de los vecinos a trav\u00e9s del \u2018Abono de Proximidad\u2019, que se ampl\u00eda, pasando de 15 a 17 rutas, y llegando hasta 23 localidades, favoreciendo el acceso de los ciudadanos a una selecci\u00f3n de seis conciertos de repertorio variado. Una modalidad de abono que se ha triplicado en la presente temporada, pasando de 323 a 1.000.<\/p>\n\n\n\n<p>En este sentido, hay que destacar los datos globales del n\u00famero de abonos de la OSCyL durante la temporada que ahora finaliza, con un incremento notable en cada uno de los abonos que comprende la programaci\u00f3n de la OSCYL, pasando en su conjunto de 2.238 a 3.237, lo que supone un crecimiento del 44,6%.<\/p>\n\n\n\n<p>Adem\u00e1s de los \u2018Abonos de Proximidad\u2019 y con el objetivo de ampliar y acercar la m\u00fasica cl\u00e1sica a los nuevos p\u00fablicos, la pr\u00f3xima temporada 2023\/24 ofrece otras modalidades de abono, como son el \u2018Abono Bienvenida\u2019 con ocho conciertos precedidos de una breve explicaci\u00f3n con algunos de sus protagonistas; el \u2018Abono S\u00e1bado\u2019 que incluye una selecci\u00f3n de siete conciertos siempre en s\u00e1bado; y el \u2018Abono Historias Musicales\u2019 que propone ocho conciertos que incluyen obras basadas en relatos de la literatura, la propia imaginaci\u00f3n de los compositores o la vida real.<\/p>\n\n\n\n<p>Los abonados que deseen renovar su \u2018Abono de Temporada\u2019 podr\u00e1n hacerlo, conservando su butaca actual, del 19 al 26 de junio. Para quienes deseen cambiar su localidad, podr\u00e1n renovar su abono los d\u00edas 28 y 29 de junio. Las personas que deseen adquirir su \u2018Abono de Temporada\u2019 por primera vez, lo podr\u00e1n hacer a partir del 30 de junio.<\/p>\n\n\n\n<p>Se ha establecido un periodo preferente de renovaci\u00f3n de los \u2018Abonos Bienvenida\u2019, \u2018Historias Musicales\u2019 y \u2018S\u00e1bado\u2019 del 7 al 10 de julio y nuevos abonos a partir del 11 de julio. Para la renovaci\u00f3n del \u2018Abono de Proximidad\u2019 se ha fijado del 17 al 19 de julio y nuevos abonados a partir del 20 de julio.<\/p>\n\n\n\n<p>Los precios se mantienen sin variaciones con respecto a la temporada que ahora finaliza, ajust\u00e1ndose al n\u00famero de programas y con descuentos para mayores de 65 a\u00f1os, personas con&nbsp;necesidades especiales, j\u00f3venes y personas desempleadas, a los que se suma como novedad un descuento para familias numerosas y Amigos del Patrimonio de Castilla y Le\u00f3n.<\/p>\n","protected":false},"excerpt":{"rendered":"<p>La Consejer\u00eda de Cultura, Turismo y Deporte presenta el ciclo de 19 programas de abono de la OSCyL para la temporada de Abono 2023-24 que contar\u00e1 con Thierry Fischer como director titular, Vasily Petrenko y Elim Chan como directores asociados, adem\u00e1s de tres nuevos artistas en residencia. La viceconsejera de Acci\u00f3n Cultural, Mar Sancho, acompa\u00f1ada [&hellip;]<\/p>\n","protected":false},"author":1,"featured_media":1587,"comment_status":"open","ping_status":"closed","sticky":false,"template":"","format":"standard","meta":{"_monsterinsights_skip_tracking":false,"_monsterinsights_sitenote_active":false,"_monsterinsights_sitenote_note":"","_monsterinsights_sitenote_category":0,"site-container-style":"default","site-container-layout":"default","site-sidebar-layout":"default","disable-article-header":"default","disable-site-header":"default","disable-site-footer":"default","disable-content-area-spacing":"default","_jetpack_memberships_contains_paid_content":false,"footnotes":"","jetpack_publicize_message":"","jetpack_publicize_feature_enabled":true,"jetpack_social_post_already_shared":false,"jetpack_social_options":{"image_generator_settings":{"template":"highway","default_image_id":0,"font":"","enabled":false},"version":2}},"categories":[10],"tags":[],"class_list":["post-1586","post","type-post","status-publish","format-standard","has-post-thumbnail","hentry","category-castilla-y-leon"],"jetpack_publicize_connections":[],"jetpack_featured_media_url":"https:\/\/987aldia.com\/web\/wp-content\/uploads\/2023\/06\/estudiante-tocando-violin.jpg","jetpack_sharing_enabled":true,"_links":{"self":[{"href":"https:\/\/987aldia.com\/web\/wp-json\/wp\/v2\/posts\/1586","targetHints":{"allow":["GET"]}}],"collection":[{"href":"https:\/\/987aldia.com\/web\/wp-json\/wp\/v2\/posts"}],"about":[{"href":"https:\/\/987aldia.com\/web\/wp-json\/wp\/v2\/types\/post"}],"author":[{"embeddable":true,"href":"https:\/\/987aldia.com\/web\/wp-json\/wp\/v2\/users\/1"}],"replies":[{"embeddable":true,"href":"https:\/\/987aldia.com\/web\/wp-json\/wp\/v2\/comments?post=1586"}],"version-history":[{"count":1,"href":"https:\/\/987aldia.com\/web\/wp-json\/wp\/v2\/posts\/1586\/revisions"}],"predecessor-version":[{"id":1588,"href":"https:\/\/987aldia.com\/web\/wp-json\/wp\/v2\/posts\/1586\/revisions\/1588"}],"wp:featuredmedia":[{"embeddable":true,"href":"https:\/\/987aldia.com\/web\/wp-json\/wp\/v2\/media\/1587"}],"wp:attachment":[{"href":"https:\/\/987aldia.com\/web\/wp-json\/wp\/v2\/media?parent=1586"}],"wp:term":[{"taxonomy":"category","embeddable":true,"href":"https:\/\/987aldia.com\/web\/wp-json\/wp\/v2\/categories?post=1586"},{"taxonomy":"post_tag","embeddable":true,"href":"https:\/\/987aldia.com\/web\/wp-json\/wp\/v2\/tags?post=1586"}],"curies":[{"name":"wp","href":"https:\/\/api.w.org\/{rel}","templated":true}]}}