{"id":1592,"date":"2023-06-12T18:00:00","date_gmt":"2023-06-12T18:00:00","guid":{"rendered":"https:\/\/987aldia.com\/web\/?p=1592"},"modified":"2023-06-12T08:28:58","modified_gmt":"2023-06-12T08:28:58","slug":"la-junta-coordina-la-campana-de-prevencion-y-extincion-de-incendios-forestales-en-soria","status":"publish","type":"post","link":"https:\/\/987aldia.com\/web\/la-junta-coordina-la-campana-de-prevencion-y-extincion-de-incendios-forestales-en-soria\/","title":{"rendered":"La Junta coordina la campa\u00f1a de prevenci\u00f3n y extinci\u00f3n de incendios forestales en Soria"},"content":{"rendered":"\n<ul class=\"wp-block-list\">\n<li>Soria cuenta con m\u00e1s de 540 profesionales forestales, 32 puestos de vigilancia, 22 c\u00e1maras de vigilancia, 19 autobombas o 16 cuadrillas, medios que se coordinan y complementan con con el operativo regional a trav\u00e9s del Centro Auton\u00f3mico de Mando<\/li>\n\n\n\n<li>La Delegaci\u00f3n Territorial ha planificado cualquier necesidad de evacuaci\u00f3n de poblaci\u00f3n y solicita extremar la prudencia en una campa\u00f1a que se prev\u00e9 complicada a pesar de las \u00faltimas lluvias.<\/li>\n\n\n\n<li>La Consejer\u00eda de Medio Ambiente, Vivienda y Ordenaci\u00f3n del Territorio ha publicado hoy en el Bocyl la Orden por la se fija la \u00e9poca de \u00e9poca de peligro alto de incendios forestales en la Comunidad del 12 de junio al 12 de octubre.<\/li>\n<\/ul>\n\n\n\n<p>La Junta de Castilla y Le\u00f3n coordina los medios que integran el Operativo de lucha contra los incendios forestales 2023. El Gobierno regional cuenta con un operativo permanente, con despliegues estrat\u00e9gicos en todas las provincias, pero auton\u00f3mico y flexible, con plena coordinaci\u00f3n con otras administraciones, lo que garantiza el buen funcionamiento de las labores de prevenci\u00f3n y extinci\u00f3n de incendios forestales.<\/p>\n\n\n\n<p>La delegada territorial, Yolanda de Gregorio, ha presidido esta ma\u00f1ana una comisi\u00f3n de coordinaci\u00f3n con los representantes pol\u00edticos y t\u00e9cnicos de la Diputaci\u00f3n Provincial de Soria, la Subdelegaci\u00f3n del Gobierno y el Ayuntamiento de Soria, adem\u00e1s de responsables del Parque de Bomberos de Soria y la Comandancia de la Guardia Civil de Soria. Han asistido, adem\u00e1s, t\u00e9cnicos del Servicio Territorial de Medio Ambiente y responsables del Operativo en Soria, as\u00ed como de Protecci\u00f3n Civil de la Junta y el resto de administraciones.<\/p>\n\n\n\n<p>Tal y como ha manifestado la delegada, el objetivo de la reuni\u00f3n ha sido analizar distintos aspectos para maximizar la coordinaci\u00f3n del Operativo 2023 de vigilancia, prevenci\u00f3n y extinci\u00f3n de incendios forestales en la provincia durante la \u00e9poca de peligro alto, declarada inicialmente, tal como publica hoy la Consejer\u00eda de Medio Ambiente, Vivienda y Ordenaci\u00f3n del Territorio en el Bocyl, entre el 12 de junio y el 12 de octubre.<\/p>\n\n\n\n<p>El Centro Auton\u00f3mico de Mando (CAM), ubicado en Valladolid, es el \u00f3rgano encargado de mantener la coordinaci\u00f3n interna de la propia Junta de Castilla y Le\u00f3n, estando permanentemente en coordinaci\u00f3n con la Sala de Emergencias del 112 y con los nueve Centros Provinciales de Mando (CPM) situados en las delegaciones territoriales de las nueve provincias, mediante la coordinaci\u00f3n y apoyo de la Direcci\u00f3n General de Patrimonio Natural y Pol\u00edtica Forestal y de la Agencia de Protecci\u00f3n Civil de la Junta a las nueve provincias. A su vez, est\u00e1 en constante comunicaci\u00f3n con el resto de administraciones: central, auton\u00f3micas y locales. La delegada territorial, Yolanda de Gregorio, ha agradecido \u201cla buena coordinaci\u00f3n con el Gobierno de Espa\u00f1a (Subdelegaci\u00f3n del Gobierno, Fuerzas y Cuerpos de Seguridad, medios a\u00e9reos del Ministerio de Transici\u00f3n Ecol\u00f3gica y del Ministerio de Defensa con la UME), la Diputaci\u00f3n Provincial, ayuntamientos y mancomunidades de la provincia, siempre atentos a todas las necesidades que puedan surgir y dispuestos a colaborar con todos los medios disponibles\u201d.<\/p>\n\n\n\n<p><strong>M\u00e1s de 530 profesionales en Soria para defender el bosque<\/strong><\/p>\n\n\n\n<p>La principal novedad que implementa el operativo de la campa\u00f1a de 2023 ha sido un refuerzo importante de en su capacidad durante todo el a\u00f1o, que incluye, fuera de la \u00e9poca de riesgo alto, m\u00e1s efectivos, guardias de agentes medioambientales y t\u00e9cnicos, refuerzo del CPM, y otras mejoras estructurales y de medios, alcanzando los medios su m\u00e1ximo despliegue en la \u00e9poca de riesgo alto, que pasa de ser de tres meses m\u00ednimo a cuatro meses m\u00ednimo.<\/p>\n\n\n\n<p>Don novedades relevantes a destacar: la incorporaci\u00f3n de nuevos t\u00e9cnicos de apoyo y operadores durante todo el a\u00f1o va a permitir que el Centro Provincial de Mando (CPM) de un servicio permanente de 24 horas los 365 d\u00edas del a\u00f1o; y la incorporaci\u00f3n de una nueva cuadrilla nocturna, que tendr\u00e1 su ubicaci\u00f3n en la base de Garray, as\u00ed como una nueva cuadrilla de tierra (por lo que se pasar\u00e1 de 12 a 14).<\/p>\n\n\n\n<p>El despliegue del operativo para este verano en Soria estar\u00e1 integrado por 541 profesionales forestales: 22 ingenieros, 99 agentes medioambientales, forestales y celadores; 186 trabajadores fijos, fijos discontinuos y otros; 70 trabajadores de cuadrillas helitransportadas; 146 trabajadores de cuadrillas de tratamientos silv\u00edcolas; y 18 profesionales de tripulaci\u00f3n de medios a\u00e9reos y retenes de maquinaria. Del total, unos 50 trabajadores y 4 tripulantes los aporta el Miteco (BRIF de Lubia).<\/p>\n\n\n\n<p>Los medios materiales con los que contar\u00e1 este a\u00f1o la provincia son 31 puestos de vigilancia y 22 c\u00e1maras de vigilancia (19 t\u00e9rmicas, 1 de detecci\u00f3n por humo y 2 de detecci\u00f3n visible), adem\u00e1s de 15 torres de telecomunicaciones; 19 autobombas (12 propias \u2013m\u00e1s dos dotaciones nocturnas-, y cinco conveniadas con los ayuntamientos), a las que hay que sumar cinco m\u00e1s, fruto del convenio con los cinco parques de bomberos de la Diputaci\u00f3n Provincial; 16 cuadrillas (dos de ellas helitransportadas y una nocturna), adem\u00e1s de la BRIF de Lubia que aporta el Miteco (de despacho autom\u00e1tico en la provincia, dependiendo de su disponibilidad); un ret\u00e9n de maquinaria y un buld\u00f3cer en limpieza de cortafuegos; y un helic\u00f3ptero de la Junta (Base de Garray) y dos helic\u00f3pteros del MAPA (BRIF de Lubia), a los que se suman el resto de medios a\u00e9reos de la Comunidad Aut\u00f3noma que dan cobertura a la provincia en caso de necesidad y el resto de medios del Estado de cobertura nacional.<\/p>\n\n\n\n<p>En cuanto a infraestructuras, la Junta est\u00e1 invirtiendo m\u00e1s de 455.650 euros en obras de acondicionamiento de las bases de autobombas de Vinuesa, Almarza, Almaz\u00e1n y San Pedro Manrique, as\u00ed como en las obras de ampliaci\u00f3n y reforma del edificio de la base de Garray y en la construcci\u00f3n de una nave para autobomba forestal en Matalabreras. Por otro lado, est\u00e1n presupuestados 50.000 euros para la construcci\u00f3n de sendas bases para autobombas en Covaleda y El Burgo de Osma.<\/p>\n\n\n\n<p>Dentro de las mejoras, tambi\u00e9n se han invertido 35.695 euros en la adjudicaci\u00f3n de los trabajos de mantenimiento del sistema de vigilancia, detecci\u00f3n y seguimiento de incendios y sistema de comunicaciones en \u00e1reas forestales de la provincia de Soria 2023.<\/p>\n\n\n\n<p>Est\u00e1 totalmente operativa y actualizada la aplicaci\u00f3n p\u00fablica para dispositivos m\u00f3viles \u2018Incendios Castilla y Le\u00f3n\u2019, desarrollada por la Junta de Castilla y Le\u00f3n y el Centro de Servicios y Promoci\u00f3n Forestal y de su Industria de Castilla y Le\u00f3n (Cesefor), para facilitar al ciudadano informaci\u00f3n pr\u00e1ctica y actualizada durante la campa\u00f1a de incendios forestales.<\/p>\n\n\n\n<p><strong>Planificaci\u00f3n en caso de evacuaci\u00f3n<\/strong><\/p>\n\n\n\n<p>Previo a la reuni\u00f3n de hoy, la delegada territorial se reuni\u00f3 esta semana con representantes de los servicios territoriales de Agricultura, Fomento, Industria, Medio Ambiente y Cultura, as\u00ed como con la Direcci\u00f3n Provincial de Educaci\u00f3n y la Gerencia de Servicios Sociales para abordar asuntos de Protecci\u00f3n Civil y coordinar la acci\u00f3n de todas las \u00e1reas de la Delegaci\u00f3n ante cualquier emergencia que se pueda producir.<\/p>\n\n\n\n<p>La delegada territorial ha transmitido a las entidades y administraciones presentes esta ma\u00f1ana las conclusiones de esta reuni\u00f3n en la que se trat\u00f3 el procedimiento a seguir en caso de necesidad de evacuaci\u00f3n de localidades a causa de incendios. De Gregorio se ha referido a los recursos de los que dispone la Junta de Castilla y Le\u00f3n para el realojo de ciudadanos y familias en caso de incendio masivo en las localidades de Soria, Almaz\u00e1n, San Esteban de Gormaz, Navaleno y El Burgo de Osma.<\/p>\n\n\n\n<p>Si fuera necesario evacuar personas de algunas localidades, estas podr\u00edan reubicarse en recursos propios de la Junta, como el CEE Santa Isabel y las residencias juveniles de Soria, el CIFP Almaz\u00e1n, la Escuela Hogar de San Esteban de Gormaz o el CRIE de Navaleno. En el caso de El Burgo de Osma, se ha llegado a un acuerdo con el Seminario Diocesano Santo Domingo de Guzm\u00e1n para que cumpla esta misma funci\u00f3n, puesto que la Junta no dispone de ning\u00fan alojamiento en este municipio.<\/p>\n\n\n\n<p>La delegada tambi\u00e9n ha se\u00f1alado que la Gerencia de Servicios Sociales se encargar\u00eda de la protecci\u00f3n de las personas mayores que pudieran verse afectadas por estas evacuaciones mediante el intercambio de usuarios entre las residencias de ancianos dependientes de la Junta de Castilla y Le\u00f3n. En el caso de personas enfermas, ser\u00edan trasladadas a centros hospitalarios o de asistencia sanitaria.<\/p>\n\n\n\n<p>Asimismo, De Gregorio ha destacado los convenios que la Delegaci\u00f3n Territorial de Soria ha suscrito con empresas del sector transportes, como FECALBUS, para la colaboraci\u00f3n en la reubicaci\u00f3n de las personas evacuadas; y con empresas de hosteler\u00eda y distribuci\u00f3n, como E. Leclerc, Lupa o Eroski, para garantizar el abastecimiento de alimentos y de comidas para los realojados y para los operativos de lucha contra los incendios.<\/p>\n\n\n\n<p><strong>Colaboraci\u00f3n de la poblaci\u00f3n y recomendaciones<\/strong><\/p>\n\n\n\n<p>La delegada territorial ha avanzado que las previsiones apuntan a que las condiciones climatol\u00f3gicas de este verano pueden complicar la campa\u00f1a, ya que se prev\u00e9n unas temperaturas muy altas y escasas precipitaciones. De Gregorio ha destacado que Soria no sufri\u00f3 ning\u00fan incendio de magnitud el a\u00f1o pasado, pero ha advertido sobre la necesidad de estar preparados ante una posible emergencia.<\/p>\n\n\n\n<p>A 31 de mayo, en este a\u00f1o 2023 se han contabilizado en la provincia de Soria un total de 18 conatos (menos de una hect\u00e1rea) y 3 incendios forestales (m\u00e1s de una hect\u00e1rea), con una superficie forestal afectada de 13,3 hect\u00e1reas, de las que 0,05 son arboladas.<\/p>\n\n\n\n<p>En 2022, el balance en la provincia de Soria fue de 108 conatos y 22 incendios (130 en total), que arrojaron una superficie afectada de 295,66 hect\u00e1reas: 214,98 hect\u00e1reas forestales (22,16 arboladas, 51,49 de pasto y 138,33 de matorral) y 80,68 no forestales (agr\u00edcola).<\/p>\n\n\n\n<p>Por ello, ha insistido en la importancia de la colaboraci\u00f3n de la poblaci\u00f3n para que extreme las precauciones y evite imprudencias, algo esencial para prevenir la producci\u00f3n de incendios durante todo el a\u00f1o, pero especialmente en los meses de verano en los que el riesgo es mayor. Adem\u00e1s, ha recordado que la inmensa mayor\u00eda de incendios se deben a la intervenci\u00f3n humana.<\/p>\n\n\n\n<p>La delegada ha subrayado la importancia de que la poblaci\u00f3n observe las normas establecidas y adopte las medidas preventivas de seguridad, y tambi\u00e9n de que colabore en la denuncia de los actos de riesgo, para que las fuerzas y cuerpos de seguridad puedan identificar y, en su caso, detener a los presuntos responsables.<\/p>\n\n\n\n<p>Entre las recomendaciones a la poblaci\u00f3n, la delegada ha aconsejado evitar acumulaciones de combustible en el entorno de las zonas habitadas, segando y desbrozando antes de que se agoste, y retirando los restos eliminados. Esto es especialmente importante en los entornos periurbanos y zonas agr\u00edcolas, en general fuera del \u00e1mbito de los incendios forestales y de responsabilidad de las administraciones locales.<\/p>\n\n\n\n<p>Es absolutamente importante tomar conciencia y que ayuntamientos, pol\u00edgonos industriales, urbanizaciones, y particulares en el entorno de las zonas habitadas y las administraciones p\u00fablicas en el entorno de las v\u00edas de comunicaci\u00f3n de su competencia realicen labores de desbroce y eliminaci\u00f3n de vegetaci\u00f3n anual agostada creando una franja de protecci\u00f3n pasiva.<\/p>\n\n\n\n<p>Y durante la \u00e9poca de peligro alto (EPA), ha insistido en las recomendaciones habituales: prohibici\u00f3n de hacer hogueras fuera de los lugares autorizados, atenci\u00f3n en labores de apicultura en d\u00edas de viento, precauci\u00f3n en la utilizaci\u00f3n de herramientas que generan chispas en el medio natural o agr\u00edcola y m\u00e1xima atenci\u00f3n durante la cosecha del cereal, sobre todo los d\u00edas con altas temperaturas y fuertes vientos. Tambi\u00e9n ha recomendado mucha precauci\u00f3n a los ayuntamientos cuando autoricen fuegos artificiales en sus pueblos, sobre todo en d\u00edas de temperaturas extremas como las de estos d\u00edas y con masas vegetales que puedan arder.<\/p>\n","protected":false},"excerpt":{"rendered":"<p>La Junta de Castilla y Le\u00f3n coordina los medios que integran el Operativo de lucha contra los incendios forestales 2023. El Gobierno regional cuenta con un operativo permanente, con despliegues estrat\u00e9gicos en todas las provincias, pero auton\u00f3mico y flexible, con plena coordinaci\u00f3n con otras administraciones, lo que garantiza el buen funcionamiento de las labores de [&hellip;]<\/p>\n","protected":false},"author":1,"featured_media":1593,"comment_status":"open","ping_status":"closed","sticky":false,"template":"","format":"standard","meta":{"_monsterinsights_skip_tracking":false,"_monsterinsights_sitenote_active":false,"_monsterinsights_sitenote_note":"","_monsterinsights_sitenote_category":0,"site-container-style":"default","site-container-layout":"default","site-sidebar-layout":"default","disable-article-header":"default","disable-site-header":"default","disable-site-footer":"default","disable-content-area-spacing":"default","_jetpack_memberships_contains_paid_content":false,"footnotes":"","jetpack_publicize_message":"","jetpack_publicize_feature_enabled":true,"jetpack_social_post_already_shared":false,"jetpack_social_options":{"image_generator_settings":{"template":"highway","default_image_id":0,"font":"","enabled":false},"version":2}},"categories":[10],"tags":[],"class_list":["post-1592","post","type-post","status-publish","format-standard","has-post-thumbnail","hentry","category-castilla-y-leon"],"jetpack_publicize_connections":[],"jetpack_featured_media_url":"https:\/\/987aldia.com\/web\/wp-content\/uploads\/2023\/06\/forest-fire-62971_1280.jpg","jetpack_sharing_enabled":true,"_links":{"self":[{"href":"https:\/\/987aldia.com\/web\/wp-json\/wp\/v2\/posts\/1592","targetHints":{"allow":["GET"]}}],"collection":[{"href":"https:\/\/987aldia.com\/web\/wp-json\/wp\/v2\/posts"}],"about":[{"href":"https:\/\/987aldia.com\/web\/wp-json\/wp\/v2\/types\/post"}],"author":[{"embeddable":true,"href":"https:\/\/987aldia.com\/web\/wp-json\/wp\/v2\/users\/1"}],"replies":[{"embeddable":true,"href":"https:\/\/987aldia.com\/web\/wp-json\/wp\/v2\/comments?post=1592"}],"version-history":[{"count":1,"href":"https:\/\/987aldia.com\/web\/wp-json\/wp\/v2\/posts\/1592\/revisions"}],"predecessor-version":[{"id":1594,"href":"https:\/\/987aldia.com\/web\/wp-json\/wp\/v2\/posts\/1592\/revisions\/1594"}],"wp:featuredmedia":[{"embeddable":true,"href":"https:\/\/987aldia.com\/web\/wp-json\/wp\/v2\/media\/1593"}],"wp:attachment":[{"href":"https:\/\/987aldia.com\/web\/wp-json\/wp\/v2\/media?parent=1592"}],"wp:term":[{"taxonomy":"category","embeddable":true,"href":"https:\/\/987aldia.com\/web\/wp-json\/wp\/v2\/categories?post=1592"},{"taxonomy":"post_tag","embeddable":true,"href":"https:\/\/987aldia.com\/web\/wp-json\/wp\/v2\/tags?post=1592"}],"curies":[{"name":"wp","href":"https:\/\/api.w.org\/{rel}","templated":true}]}}