{"id":1595,"date":"2023-06-14T09:00:00","date_gmt":"2023-06-14T09:00:00","guid":{"rendered":"https:\/\/987aldia.com\/web\/?p=1595"},"modified":"2023-06-12T08:32:26","modified_gmt":"2023-06-12T08:32:26","slug":"garcia-gallardo-asegura-en-una-jornada-sobre-la-normativa-euro-7-que-castilla-y-leon-no-puede-renunciar-a-la-mitad-de-su-empleo-en-la-industria-automovil-y-aboga-por-una-tra","status":"publish","type":"post","link":"https:\/\/987aldia.com\/web\/garcia-gallardo-asegura-en-una-jornada-sobre-la-normativa-euro-7-que-castilla-y-leon-no-puede-renunciar-a-la-mitad-de-su-empleo-en-la-industria-automovil-y-aboga-por-una-tra\/","title":{"rendered":"Garc\u00eda-Gallardo asegura en una jornada sobre la normativa Euro 7 que Castilla y Le\u00f3n \u201cno puede renunciar a la mitad de su empleo en la industria autom\u00f3vil\u201d y aboga por una \u201ctransici\u00f3n serena y sosegada\u201d hacia nuevas formas de movilidad"},"content":{"rendered":"\n<ul class=\"wp-block-list\">\n<li>El vicepresidente de la Junta de Castilla y Le\u00f3n ha participado esta ma\u00f1ana en Arroyo de la Encomienda en la jornada \u2018Euro 7 y Combusti\u00f3n Neutra 2035\u2019, organizada por Castilla y Le\u00f3n Econ\u00f3mica<\/li>\n\n\n\n<li>\u201c35.000 trabajadores de las f\u00e1bricas de Nissan, de Renault y de Iveco miran con preocupaci\u00f3n esta normativa Euro 7. La industria no va a ser capaz de adaptarse en los tiempos que est\u00e1n previstos\u201d, ha criticado Garc\u00eda-Gallardo<\/li>\n<\/ul>\n\n\n\n<p>El vicepresidente de la Junta de Castilla y Le\u00f3n, Juan Garc\u00eda-Gallardo, ha participado esta ma\u00f1ana en la jornada \u2018Euro 7 y Combusti\u00f3n Neutra 2035\u2019, un encuentro organizado por Castilla y Le\u00f3n Econ\u00f3mica en el Edificio de Soluciones Empresariales de Arroyo de la Encomienda para analizar las implicaciones, oportunidades y amenazas de esta norma para la industria de Castilla y Le\u00f3n.<\/p>\n\n\n\n<p>Durante su intervenci\u00f3n, Garc\u00eda-Gallardo ha advertido de que \u201cno hay tiempo\u201d para aplicar esta normativa comunitaria como la Uni\u00f3n Europea tiene previsto, por lo que la ha catalogado como \u201cuna normativa que nace condenada al fracaso\u201d.<\/p>\n\n\n\n<p>Ante esta situaci\u00f3n, el vicepresidente \u2013que ha recordado que la industria del autom\u00f3vil en Castilla y Le\u00f3n emplea a m\u00e1s de 35.000 personas\u2014 ha asegurado que la postura del Gobierno de Castilla y Le\u00f3n pasa por \u201cdefender los intereses de la industria, de los trabajadores y, por qu\u00e9 no decirlo, tambi\u00e9n de los consumidores frente a normas que consideramos perjudiciales para nuestra Comunidad\u201d y ha garantizado que la apuesta de la Junta es la de una \u201ctransici\u00f3n serena, sosegada y dulce\u201d hacia nuevas formas de movilidad, pero dejando que \u201ctodas las tecnolog\u00edas compitan\u201d.<\/p>\n\n\n\n<p>\u201cVamos a defender a todos los habitantes de Castilla y Le\u00f3n frente a unas normativas imposibles, unas normativas liberticidas que lo que condenan es a Castilla y Le\u00f3n, a Espa\u00f1a y al resto de la Uni\u00f3n Europea a un futuro de pobreza y ausencia de prosperidad\u201d, ha apuntado.<\/p>\n\n\n\n<p>A rengl\u00f3n seguido, el vicepresidente ha criticado que la industria europea del autom\u00f3vil, la industria del autom\u00f3vil de Castilla y Le\u00f3n, \u201cno tiene la culpa del deterioro del medio ambiente a nivel mundial\u201d. Ha expresado, asimismo, su preocupaci\u00f3n por el hecho de que se sigan pidiendo \u201cesfuerzos a las clases medias europeas\u201d mientras en la India \u201cse arrojan toneladas de pl\u00e1stico al mar\u201d o mientras en China \u201cse quema carb\u00f3n sin control\u201d.<\/p>\n\n\n\n<p>\u201cEstamos completamente de acuerdo, y eso nadie lo debe poner en duda, en que debemos respetar el medio ambiente. Espa\u00f1a ya ha hecho un esfuerzo ingente para reducir sus emisiones de CO2 y otro tipo de gases que pueden afectar al medio ambiente; ahora toca el turno para que lo hagan desde otros lugares del mundo\u201d, ha defendido.<\/p>\n\n\n\n<p>Por \u00faltimo, Garc\u00eda-Gallardo ha garantizado que desde la Junta \u201cvamos a seguir empe\u00f1ados en erigirnos como defensores de los intereses de la industria, de los consumidores y de los trabajadores\u201d, y ha enfatizado en que lo que necesita Castilla y Le\u00f3n son pol\u00edticas \u201cpara atraer nuevas inversiones y para fomentar el crecimiento de las empresas\u201d para que as\u00ed \u201ccada vez tengamos m\u00e1s gente en una sociedad envejecida\u201d.<\/p>\n\n\n\n<p>Las conclusiones de esta jornada han corrido a cargo del consejero de Industria, Comercio y Empleo, Mariano Veganzones.<\/p>\n","protected":false},"excerpt":{"rendered":"<p>El vicepresidente de la Junta de Castilla y Le\u00f3n, Juan Garc\u00eda-Gallardo, ha participado esta ma\u00f1ana en la jornada \u2018Euro 7 y Combusti\u00f3n Neutra 2035\u2019, un encuentro organizado por Castilla y Le\u00f3n Econ\u00f3mica en el Edificio de Soluciones Empresariales de Arroyo de la Encomienda para analizar las implicaciones, oportunidades y amenazas de esta norma para la [&hellip;]<\/p>\n","protected":false},"author":1,"featured_media":1596,"comment_status":"open","ping_status":"closed","sticky":false,"template":"","format":"standard","meta":{"_monsterinsights_skip_tracking":false,"_monsterinsights_sitenote_active":false,"_monsterinsights_sitenote_note":"","_monsterinsights_sitenote_category":0,"site-container-style":"default","site-container-layout":"default","site-sidebar-layout":"default","disable-article-header":"default","disable-site-header":"default","disable-site-footer":"default","disable-content-area-spacing":"default","_jetpack_memberships_contains_paid_content":false,"footnotes":"","jetpack_publicize_message":"","jetpack_publicize_feature_enabled":true,"jetpack_social_post_already_shared":false,"jetpack_social_options":{"image_generator_settings":{"template":"highway","default_image_id":0,"font":"","enabled":false},"version":2}},"categories":[10],"tags":[],"class_list":["post-1595","post","type-post","status-publish","format-standard","has-post-thumbnail","hentry","category-castilla-y-leon"],"jetpack_publicize_connections":[],"jetpack_featured_media_url":"https:\/\/987aldia.com\/web\/wp-content\/uploads\/2023\/06\/ciclista-irreconocible-andar-bicicleta-carril-bici-traves-calle-ciudad.jpg","jetpack_sharing_enabled":true,"_links":{"self":[{"href":"https:\/\/987aldia.com\/web\/wp-json\/wp\/v2\/posts\/1595","targetHints":{"allow":["GET"]}}],"collection":[{"href":"https:\/\/987aldia.com\/web\/wp-json\/wp\/v2\/posts"}],"about":[{"href":"https:\/\/987aldia.com\/web\/wp-json\/wp\/v2\/types\/post"}],"author":[{"embeddable":true,"href":"https:\/\/987aldia.com\/web\/wp-json\/wp\/v2\/users\/1"}],"replies":[{"embeddable":true,"href":"https:\/\/987aldia.com\/web\/wp-json\/wp\/v2\/comments?post=1595"}],"version-history":[{"count":1,"href":"https:\/\/987aldia.com\/web\/wp-json\/wp\/v2\/posts\/1595\/revisions"}],"predecessor-version":[{"id":1597,"href":"https:\/\/987aldia.com\/web\/wp-json\/wp\/v2\/posts\/1595\/revisions\/1597"}],"wp:featuredmedia":[{"embeddable":true,"href":"https:\/\/987aldia.com\/web\/wp-json\/wp\/v2\/media\/1596"}],"wp:attachment":[{"href":"https:\/\/987aldia.com\/web\/wp-json\/wp\/v2\/media?parent=1595"}],"wp:term":[{"taxonomy":"category","embeddable":true,"href":"https:\/\/987aldia.com\/web\/wp-json\/wp\/v2\/categories?post=1595"},{"taxonomy":"post_tag","embeddable":true,"href":"https:\/\/987aldia.com\/web\/wp-json\/wp\/v2\/tags?post=1595"}],"curies":[{"name":"wp","href":"https:\/\/api.w.org\/{rel}","templated":true}]}}