{"id":1617,"date":"2023-06-15T18:00:00","date_gmt":"2023-06-15T18:00:00","guid":{"rendered":"https:\/\/987aldia.com\/web\/?p=1617"},"modified":"2023-06-13T07:13:06","modified_gmt":"2023-06-13T07:13:06","slug":"el-palacio-de-exposiciones-de-leon-acogera-del-22-al-25-de-junio-la-4a-feria-del-vehiculo-nuevo-y-kilometro-0","status":"publish","type":"post","link":"https:\/\/987aldia.com\/web\/el-palacio-de-exposiciones-de-leon-acogera-del-22-al-25-de-junio-la-4a-feria-del-vehiculo-nuevo-y-kilometro-0\/","title":{"rendered":"El Palacio de Exposiciones de Le\u00f3n acoger\u00e1 del 22 al 25 de junio la 4\u00aa Feria del Veh\u00edculo Nuevo y Kil\u00f3metro 0"},"content":{"rendered":"\n<h2 class=\"wp-block-heading\"><strong>Un certamen que cuenta con la participaci\u00f3n de los 16 concesionarios oficiales de ACOLE -que engloban 30 marcas- y la colaboraci\u00f3n del Ayuntamiento de Le\u00f3n, donde se pondr\u00e1n a la venta 350 unidades y las novedades del mundo del motor<\/strong>.<\/h2>\n\n\n\n<figure class=\"wp-block-image size-full\"><img fetchpriority=\"high\" decoding=\"async\" width=\"800\" height=\"400\" src=\"https:\/\/987aldia.com\/web\/wp-content\/uploads\/2023\/06\/1686563421297.jpg\" alt=\"\" class=\"wp-image-1619\" srcset=\"https:\/\/987aldia.com\/web\/wp-content\/uploads\/2023\/06\/1686563421297.jpg 800w, https:\/\/987aldia.com\/web\/wp-content\/uploads\/2023\/06\/1686563421297-300x150.jpg 300w, https:\/\/987aldia.com\/web\/wp-content\/uploads\/2023\/06\/1686563421297-768x384.jpg 768w\" sizes=\"(max-width: 800px) 100vw, 800px\" \/><figcaption class=\"wp-element-caption\">De izda. a dcha.: Julio C\u00e9sar \u00c1lvarez, presidente del CEL; Jos\u00e9 Antonio Diez, alcalde en funciones de Le\u00f3n y Francisco Fern\u00e1ndez y Julio Cabanas, representantes de ACOLE<\/figcaption><\/figure>\n\n\n\n<p>La Asociaci\u00f3n de Concesionarios Oficiales de Le\u00f3n, el C\u00edrculo Empresarial Leon\u00e9s y el alcalde en funciones del Ayuntamiento de Le\u00f3n, Jos\u00e9 Antonio Diez han presentado esta ma\u00f1ana en el Consistorio de San Marcelo la <strong>4\u00aa Feria del Veh\u00edculo Nuevo y Kil\u00f3metro 0 ACOLE-CEL <\/strong>que <strong>se celebrar\u00e1 del 22 al 25 de junio en el Palacio de Exposiciones de Le\u00f3n en horario de 10 a 20 horas<\/strong>.<\/p>\n\n\n\n<p>Tras las tres exitosas ediciones anteriores vuelve el Sal\u00f3n del Autom\u00f3vil repleto de novedades y lo hace en plenas fiestas de San Juan para llegar a todo tipo de p\u00fablico que podr\u00e1 ver un <strong>amplio muestrario de 350 unidades<\/strong>, entre veh\u00edculos nuevos, kil\u00f3metros cero, coches el\u00e9ctricos, h\u00edbridos, de gerencia y de etiqueta eco y cero en una superficie de exposici\u00f3n de 10.000m2.<\/p>\n\n\n\n<p>El <strong>alcalde en funciones del Ayuntamiento de Le\u00f3n<\/strong>, Jos\u00e9 Antonio Diez, mostr\u00f3 el apoyo del Consistorio leon\u00e9s a esta cita que espera sea un \u00e9xito como en ediciones anteriores y que mostrar\u00e1 el trabajo de ACOLE, asociaci\u00f3n adscrita a CEL que engloba a 16 concesionarios oficiales, da empleo a 890 trabajadores y factura 257 millones de euros.<\/p>\n\n\n\n<p>Por su parte, el <strong>presidente de CEL<\/strong>, Julio C\u00e9sar \u00c1lvarez, puso en valor el trabajo en equipo y la colaboraci\u00f3n p\u00fablico-privada para organizar y celebrar un Sal\u00f3n del autom\u00f3vil que pretende revitalizar el mercado y la econom\u00eda de la ciudad y facilitar a los clientes un muestrario con todas las novedades para que puedan ver, comparar y adquirir la mejor opci\u00f3n de movilidad. <em>\u201cEste Sal\u00f3n es ya un referente en las Fiestas de Le\u00f3n y llega con importantes descuentos, por lo que animo al p\u00fablico a visitarlo y comprar\u201d.<\/em><\/p>\n\n\n\n<p>El <strong>representante de ACOLE<\/strong>, Francisco Fern\u00e1ndez, (La Serna 4&#215;4) se refiri\u00f3 a la situaci\u00f3n actual del mercado y del sector <em>\u201cque va viendo la luz tras la pandemia y los tropiezos como la escasez de chips el\u00e9ctricos\u201d.<\/em> En Le\u00f3n, las ventas de turismos acumularon entre enero y abril cifras positivas con un total de 1.435 unidades vendidas. <em>\u201cAhora el problema al que se enfrenta el sector es log\u00edstico y de falta de personal cualificado\u201d<\/em>, explic\u00f3 Fern\u00e1ndez, lo que impide estabilizar la demanda tras una \u00e9poca negativa por el covid y la falta de componentes que ya parece revertirse.<\/p>\n\n\n\n<figure class=\"wp-block-image size-large\"><img decoding=\"async\" width=\"724\" height=\"1024\" src=\"https:\/\/987aldia.com\/web\/wp-content\/uploads\/2023\/06\/Cartel-IV-Feria-Acole-724x1024.jpeg\" alt=\"\" class=\"wp-image-1618\" srcset=\"https:\/\/987aldia.com\/web\/wp-content\/uploads\/2023\/06\/Cartel-IV-Feria-Acole-724x1024.jpeg 724w, https:\/\/987aldia.com\/web\/wp-content\/uploads\/2023\/06\/Cartel-IV-Feria-Acole-212x300.jpeg 212w, https:\/\/987aldia.com\/web\/wp-content\/uploads\/2023\/06\/Cartel-IV-Feria-Acole-768x1086.jpeg 768w, https:\/\/987aldia.com\/web\/wp-content\/uploads\/2023\/06\/Cartel-IV-Feria-Acole-1086x1536.jpeg 1086w, https:\/\/987aldia.com\/web\/wp-content\/uploads\/2023\/06\/Cartel-IV-Feria-Acole.jpeg 1131w\" sizes=\"(max-width: 724px) 100vw, 724px\" \/><\/figure>\n","protected":false},"excerpt":{"rendered":"<p>Un certamen que cuenta con la participaci\u00f3n de los 16 concesionarios oficiales de ACOLE -que engloban 30 marcas- y la colaboraci\u00f3n del Ayuntamiento de Le\u00f3n, donde se pondr\u00e1n a la venta 350 unidades y las novedades del mundo del motor. La Asociaci\u00f3n de Concesionarios Oficiales de Le\u00f3n, el C\u00edrculo Empresarial Leon\u00e9s y el alcalde en [&hellip;]<\/p>\n","protected":false},"author":1,"featured_media":1620,"comment_status":"open","ping_status":"closed","sticky":false,"template":"","format":"standard","meta":{"_monsterinsights_skip_tracking":false,"_monsterinsights_sitenote_active":false,"_monsterinsights_sitenote_note":"","_monsterinsights_sitenote_category":0,"site-container-style":"default","site-container-layout":"default","site-sidebar-layout":"default","disable-article-header":"default","disable-site-header":"default","disable-site-footer":"default","disable-content-area-spacing":"default","_jetpack_memberships_contains_paid_content":false,"footnotes":"","jetpack_publicize_message":"","jetpack_publicize_feature_enabled":true,"jetpack_social_post_already_shared":false,"jetpack_social_options":{"image_generator_settings":{"template":"highway","default_image_id":0,"font":"","enabled":false},"version":2}},"categories":[7],"tags":[],"class_list":["post-1617","post","type-post","status-publish","format-standard","has-post-thumbnail","hentry","category-notas-de-prensa"],"jetpack_publicize_connections":[],"jetpack_featured_media_url":"https:\/\/987aldia.com\/web\/wp-content\/uploads\/2023\/06\/1686563421253.jpg","jetpack_sharing_enabled":true,"_links":{"self":[{"href":"https:\/\/987aldia.com\/web\/wp-json\/wp\/v2\/posts\/1617","targetHints":{"allow":["GET"]}}],"collection":[{"href":"https:\/\/987aldia.com\/web\/wp-json\/wp\/v2\/posts"}],"about":[{"href":"https:\/\/987aldia.com\/web\/wp-json\/wp\/v2\/types\/post"}],"author":[{"embeddable":true,"href":"https:\/\/987aldia.com\/web\/wp-json\/wp\/v2\/users\/1"}],"replies":[{"embeddable":true,"href":"https:\/\/987aldia.com\/web\/wp-json\/wp\/v2\/comments?post=1617"}],"version-history":[{"count":1,"href":"https:\/\/987aldia.com\/web\/wp-json\/wp\/v2\/posts\/1617\/revisions"}],"predecessor-version":[{"id":1621,"href":"https:\/\/987aldia.com\/web\/wp-json\/wp\/v2\/posts\/1617\/revisions\/1621"}],"wp:featuredmedia":[{"embeddable":true,"href":"https:\/\/987aldia.com\/web\/wp-json\/wp\/v2\/media\/1620"}],"wp:attachment":[{"href":"https:\/\/987aldia.com\/web\/wp-json\/wp\/v2\/media?parent=1617"}],"wp:term":[{"taxonomy":"category","embeddable":true,"href":"https:\/\/987aldia.com\/web\/wp-json\/wp\/v2\/categories?post=1617"},{"taxonomy":"post_tag","embeddable":true,"href":"https:\/\/987aldia.com\/web\/wp-json\/wp\/v2\/tags?post=1617"}],"curies":[{"name":"wp","href":"https:\/\/api.w.org\/{rel}","templated":true}]}}