{"id":1625,"date":"2023-06-16T09:00:00","date_gmt":"2023-06-16T09:00:00","guid":{"rendered":"https:\/\/987aldia.com\/web\/?p=1625"},"modified":"2023-06-13T07:19:33","modified_gmt":"2023-06-13T07:19:33","slug":"arte-verde-y-juegos-durante-este-verano","status":"publish","type":"post","link":"https:\/\/987aldia.com\/web\/arte-verde-y-juegos-durante-este-verano\/","title":{"rendered":"Arte verde y juegos durante este verano"},"content":{"rendered":"\n<h2 class=\"wp-block-heading\">El Ayuntamiento organiza varios campamentos estivales para ni\u00f1os y ni\u00f1as de entre 5 y 12 a\u00f1os.<\/h2>\n\n\n\n<p>El Ayuntamiento de San Andr\u00e9s del Rabanedo ha organizado para este verano dos talleres y campamentos estivales con el objetivo de que se puedan apuntar ni\u00f1os y ni\u00f1as de entre 5 y 12 a\u00f1os.<\/p>\n\n\n\n<p>El primero de ellos lleva el nombre de \u2018Programa arte verde\u2019 y tiene como objetivo desarrollar diferentes habilidades art\u00edsticas para aprovechar tanto los elementos naturales y urban\u00edsticos de la zona de actuaci\u00f3n, que es el parque Gran Capit\u00e1n, como de decorar y pintar la tela que se colocar\u00e1 para dar sombra en algunos espacios.<\/p>\n\n\n\n<p>Son por tanto talleres medioambientales destinados a ni\u00f1os y ni\u00f1as de entre 9 y 15 a\u00f1os, con un coste de 20 euros por turno (uno por semana, de entre el 27 de junio y el 27 de julio), y que se celebrar\u00e1n los d\u00edas martes, mi\u00e9rcoles y jueves de 9 a 14 horas.<\/p>\n\n\n\n<p>Las inscripciones se pueden realizar ya en <a href=\"mailto:cij@aytosanandres.es\">cij@aytosanandres.es<\/a> o en el tel\u00e9fono 647450929. Por otra parte, la iniciativa \u2018Vente a jugar al pueblo\u2019 se celebrar\u00e1 en las cuatro localidades (San Andr\u00e9s, Ferral del Bernesga, Trobajo y Villabalter) en sus respectivas casas de Cultura, en concreto del 26 al 30 de junio; del 3 al 7 de julio; del 10 al 14 de julio; y del 17 al 21 de julio, respectivamente. El coste es de 25 euros por semana. Las inscripciones se pueden realizar ya en <a href=\"mailto:asociacionjuvenilpuzzles@gmail.com\">asociacionjuvenilpuzzles@gmail.com<\/a> o en los tel\u00e9fonos 691855474 o 647723641.<\/p>\n\n\n\n<figure class=\"wp-block-image size-full is-resized\"><img fetchpriority=\"high\" decoding=\"async\" src=\"https:\/\/987aldia.com\/web\/wp-content\/uploads\/2023\/06\/Arte-verde-2023.jpeg\" alt=\"\" class=\"wp-image-1626\" width=\"767\" height=\"1024\" srcset=\"https:\/\/987aldia.com\/web\/wp-content\/uploads\/2023\/06\/Arte-verde-2023.jpeg 767w, https:\/\/987aldia.com\/web\/wp-content\/uploads\/2023\/06\/Arte-verde-2023-225x300.jpeg 225w\" sizes=\"(max-width: 767px) 100vw, 767px\" \/><\/figure>\n\n\n\n<figure class=\"wp-block-image size-full\"><img decoding=\"async\" width=\"724\" height=\"1024\" src=\"https:\/\/987aldia.com\/web\/wp-content\/uploads\/2023\/06\/Vente-al-pueblo-2023.jpeg\" alt=\"\" class=\"wp-image-1627\" srcset=\"https:\/\/987aldia.com\/web\/wp-content\/uploads\/2023\/06\/Vente-al-pueblo-2023.jpeg 724w, https:\/\/987aldia.com\/web\/wp-content\/uploads\/2023\/06\/Vente-al-pueblo-2023-212x300.jpeg 212w\" sizes=\"(max-width: 724px) 100vw, 724px\" \/><\/figure>\n","protected":false},"excerpt":{"rendered":"<p>El Ayuntamiento organiza varios campamentos estivales para ni\u00f1os y ni\u00f1as de entre 5 y 12 a\u00f1os. El Ayuntamiento de San Andr\u00e9s del Rabanedo ha organizado para este verano dos talleres y campamentos estivales con el objetivo de que se puedan apuntar ni\u00f1os y ni\u00f1as de entre 5 y 12 a\u00f1os. El primero de ellos lleva [&hellip;]<\/p>\n","protected":false},"author":1,"featured_media":1628,"comment_status":"open","ping_status":"closed","sticky":false,"template":"","format":"standard","meta":{"_monsterinsights_skip_tracking":false,"_monsterinsights_sitenote_active":false,"_monsterinsights_sitenote_note":"","_monsterinsights_sitenote_category":0,"site-container-style":"default","site-container-layout":"default","site-sidebar-layout":"default","disable-article-header":"default","disable-site-header":"default","disable-site-footer":"default","disable-content-area-spacing":"default","_jetpack_memberships_contains_paid_content":false,"footnotes":"","jetpack_publicize_message":"","jetpack_publicize_feature_enabled":true,"jetpack_social_post_already_shared":false,"jetpack_social_options":{"image_generator_settings":{"template":"highway","default_image_id":0,"font":"","enabled":false},"version":2}},"categories":[7],"tags":[],"class_list":["post-1625","post","type-post","status-publish","format-standard","has-post-thumbnail","hentry","category-notas-de-prensa"],"jetpack_publicize_connections":[],"jetpack_featured_media_url":"https:\/\/987aldia.com\/web\/wp-content\/uploads\/2023\/06\/grupo-amigos-ninos-armar-sesion-juntos.jpg","jetpack_sharing_enabled":true,"_links":{"self":[{"href":"https:\/\/987aldia.com\/web\/wp-json\/wp\/v2\/posts\/1625","targetHints":{"allow":["GET"]}}],"collection":[{"href":"https:\/\/987aldia.com\/web\/wp-json\/wp\/v2\/posts"}],"about":[{"href":"https:\/\/987aldia.com\/web\/wp-json\/wp\/v2\/types\/post"}],"author":[{"embeddable":true,"href":"https:\/\/987aldia.com\/web\/wp-json\/wp\/v2\/users\/1"}],"replies":[{"embeddable":true,"href":"https:\/\/987aldia.com\/web\/wp-json\/wp\/v2\/comments?post=1625"}],"version-history":[{"count":1,"href":"https:\/\/987aldia.com\/web\/wp-json\/wp\/v2\/posts\/1625\/revisions"}],"predecessor-version":[{"id":1629,"href":"https:\/\/987aldia.com\/web\/wp-json\/wp\/v2\/posts\/1625\/revisions\/1629"}],"wp:featuredmedia":[{"embeddable":true,"href":"https:\/\/987aldia.com\/web\/wp-json\/wp\/v2\/media\/1628"}],"wp:attachment":[{"href":"https:\/\/987aldia.com\/web\/wp-json\/wp\/v2\/media?parent=1625"}],"wp:term":[{"taxonomy":"category","embeddable":true,"href":"https:\/\/987aldia.com\/web\/wp-json\/wp\/v2\/categories?post=1625"},{"taxonomy":"post_tag","embeddable":true,"href":"https:\/\/987aldia.com\/web\/wp-json\/wp\/v2\/tags?post=1625"}],"curies":[{"name":"wp","href":"https:\/\/api.w.org\/{rel}","templated":true}]}}