{"id":1640,"date":"2023-06-12T11:59:00","date_gmt":"2023-06-12T11:59:00","guid":{"rendered":"https:\/\/987aldia.com\/web\/?p=1640"},"modified":"2023-06-13T07:46:54","modified_gmt":"2023-06-13T07:46:54","slug":"la-consejeria-de-industria-comercio-y-empleo-apuesta-por-la-formacion-en-consumo-responsable-y-el-impulso-de-la-cultura-preventiva-laboral-en-edades-tempranas","status":"publish","type":"post","link":"https:\/\/987aldia.com\/web\/la-consejeria-de-industria-comercio-y-empleo-apuesta-por-la-formacion-en-consumo-responsable-y-el-impulso-de-la-cultura-preventiva-laboral-en-edades-tempranas\/","title":{"rendered":"La Consejer\u00eda de Industria, Comercio y Empleo apuesta por la formaci\u00f3n en consumo responsable y el impulso de la cultura preventiva laboral en edades tempranas"},"content":{"rendered":"\n<ul class=\"wp-block-list\">\n<li>El consejero de Industria, Comercio y Empleo, Mariano Veganzones, ha entregado hoy los premios escolares para fomentar el consumo responsable y local destacando la importancia de educar en valores cr\u00edticos desde edades tempranas<\/li>\n\n\n\n<li>Veganzones ha entregado tambi\u00e9n los premios escolares de prevenci\u00f3n de riesgos laborales con el objetivo de construir cultura preventiva en todas las etapas de formaci\u00f3n<\/li>\n<\/ul>\n\n\n\n<p>La Consejer\u00eda de Industria, Comercio y Empleo ha entregado hoy en Valladolid los premios de los concursos escolares dirigidos por un lado al fomento del consumo responsable y, por otro, a la prevenci\u00f3n de riesgos laborales con el objetivo de impulsar la cultura preventiva laboral desde edades tempranas.<\/p>\n\n\n\n<p>Este a\u00f1o, la Consejer\u00eda ha querido unir la entrega de estos dos premios para poder generar un espacio de encuentro entre centros educativos que han participado en ambas convocatorias para que puedan compartir vivencias y experiencias para pr\u00f3ximas ediciones.<\/p>\n\n\n\n<p>El consejero ha agradecido la asistencia y la participaci\u00f3n a todos los centros educativos. Durante su discurso se ha dirigido a los estudiantes en materia de consumo haciendo alusi\u00f3n a la tem\u00e1tica del concurso \u201cConsum\u00f3polis\u201d que celebraba hoy su 18 edici\u00f3n bajo el t\u00edtulo \u201cInternet, \u00bfte crees todo lo que ves?\u201d. Veganzones ha incidido en lo importante que es \u201cser cr\u00edticos\u201d a la hora de consumir cualquier tipo de producto sin olvidar que se trata del \u201cp\u00fablico m\u00e1s vulnerable, por este hecho, ha destacado la importancia de \u201ceducar en criterios que los responsabilicen a la hora de consumir desde edades tempranas\u201d y se les inculque un \u201cconsumo responsable y local\u201d.<\/p>\n\n\n\n<p>En materia de Prevenci\u00f3n de Riesgos Laborales, el consejero ha resaltado el objetivo de la Consejer\u00eda de fomentar \u201ccultura preventiva laboral en las distintas etapas educativas\u201d para que \u201cse configure la prevenci\u00f3n como un \u00abvalor\u00bb y la identificaci\u00f3n y la evitaci\u00f3n o control de riesgos como un \u00abh\u00e1bito de conducta\u00bb segura y saludable\u201d<\/p>\n\n\n\n<p>Entre los dos concursos han participado m\u00e1s de 1.200 alumnos de m\u00e1s de 70 centros resultando premiados:<\/p>\n\n\n\n<p><strong>Consum\u00f3polis18:<\/strong><\/p>\n\n\n\n<p>NIVEL 1: Quinto y sexto cursos de Educaci\u00f3n Primaria.<\/p>\n\n\n\n<p>Centro docente: Colegio La Anunciata, de San Andr\u00e9s de Rabanedo (Le\u00f3n).<\/p>\n\n\n\n<p>NIVEL 2: Primer y segundo cursos de Educaci\u00f3n Secundaria Obligatoria.<\/p>\n\n\n\n<p>Centro docente: Colegio Diocesano Asunci\u00f3n de Nuestra Se\u00f1ora de \u00c1vila.<\/p>\n\n\n\n<p>NIVEL 3: Tercer y cuarto cursos de Educaci\u00f3n Secundaria Obligatoria o Formaci\u00f3n Profesional B\u00e1sica.<\/p>\n\n\n\n<p>Centro docente: Colegio La Anunciata, de San Andr\u00e9s de Rabanedo (Le\u00f3n).&nbsp;<\/p>\n\n\n\n<p><strong>Concurso Escolar de Prevenci\u00f3n de Riesgos Laborales:<\/strong><\/p>\n\n\n\n<p>CATEGOR\u00cdA A: alumnado matriculado en Educaci\u00f3n Primaria.<\/p>\n\n\n\n<p>Colegio Rural Agrupado Valle del Boeza-Folgoso de la Ribera (Le\u00f3n), juego \u201cEl laberinto de los oficios\u201d.<\/p>\n\n\n\n<p>CATEGOR\u00cdA B: alumnado matriculado en ESO, F.P. B\u00e1sica y F.P. grado medio.<\/p>\n\n\n\n<p>Centro P\u00fablico Integrado de Formaci\u00f3n Profesional de \u00c1vila, juego \u201cPartiestetic\u201d.<\/p>\n\n\n\n<p>CATEGORIA D: alumnado matriculado en F.P. Grado Superior o cursos de especializaci\u00f3n.<\/p>\n\n\n\n<p>Centro de Formaci\u00f3n Profesional Temat Escuela T\u00e9cnica \u2013 Valladolid, juego \u201cTu riesgo no es un juego\u201d.<\/p>\n\n\n\n<p>CATEGORIA F: Mejor iniciativa desarrollada por el centro educativo en la celebraci\u00f3n del D\u00eda Mundial de la Seguridad y Salud en el Trabajo (28 de abril) en el a\u00f1o 2022.<\/p>\n\n\n\n<p>Instituto de Educaci\u00f3n Secundaria Ram\u00f3n y Cajal \u2013 Valladolid, \u201cEscape room preventivo\u201d.<\/p>\n","protected":false},"excerpt":{"rendered":"<p>La Consejer\u00eda de Industria, Comercio y Empleo ha entregado hoy en Valladolid los premios de los concursos escolares dirigidos por un lado al fomento del consumo responsable y, por otro, a la prevenci\u00f3n de riesgos laborales con el objetivo de impulsar la cultura preventiva laboral desde edades tempranas. Este a\u00f1o, la Consejer\u00eda ha querido unir [&hellip;]<\/p>\n","protected":false},"author":1,"featured_media":1641,"comment_status":"open","ping_status":"closed","sticky":false,"template":"","format":"standard","meta":{"_monsterinsights_skip_tracking":false,"_monsterinsights_sitenote_active":false,"_monsterinsights_sitenote_note":"","_monsterinsights_sitenote_category":0,"site-container-style":"default","site-container-layout":"default","site-sidebar-layout":"default","disable-article-header":"default","disable-site-header":"default","disable-site-footer":"default","disable-content-area-spacing":"default","_jetpack_memberships_contains_paid_content":false,"footnotes":"","jetpack_publicize_message":"","jetpack_publicize_feature_enabled":true,"jetpack_social_post_already_shared":false,"jetpack_social_options":{"image_generator_settings":{"template":"highway","default_image_id":0,"font":"","enabled":false},"version":2}},"categories":[10],"tags":[],"class_list":["post-1640","post","type-post","status-publish","format-standard","has-post-thumbnail","hentry","category-castilla-y-leon"],"jetpack_publicize_connections":[],"jetpack_featured_media_url":"https:\/\/987aldia.com\/web\/wp-content\/uploads\/2023\/06\/kimberly-farmer-lUaaKCUANVI-unsplash.jpg","jetpack_sharing_enabled":true,"_links":{"self":[{"href":"https:\/\/987aldia.com\/web\/wp-json\/wp\/v2\/posts\/1640","targetHints":{"allow":["GET"]}}],"collection":[{"href":"https:\/\/987aldia.com\/web\/wp-json\/wp\/v2\/posts"}],"about":[{"href":"https:\/\/987aldia.com\/web\/wp-json\/wp\/v2\/types\/post"}],"author":[{"embeddable":true,"href":"https:\/\/987aldia.com\/web\/wp-json\/wp\/v2\/users\/1"}],"replies":[{"embeddable":true,"href":"https:\/\/987aldia.com\/web\/wp-json\/wp\/v2\/comments?post=1640"}],"version-history":[{"count":1,"href":"https:\/\/987aldia.com\/web\/wp-json\/wp\/v2\/posts\/1640\/revisions"}],"predecessor-version":[{"id":1642,"href":"https:\/\/987aldia.com\/web\/wp-json\/wp\/v2\/posts\/1640\/revisions\/1642"}],"wp:featuredmedia":[{"embeddable":true,"href":"https:\/\/987aldia.com\/web\/wp-json\/wp\/v2\/media\/1641"}],"wp:attachment":[{"href":"https:\/\/987aldia.com\/web\/wp-json\/wp\/v2\/media?parent=1640"}],"wp:term":[{"taxonomy":"category","embeddable":true,"href":"https:\/\/987aldia.com\/web\/wp-json\/wp\/v2\/categories?post=1640"},{"taxonomy":"post_tag","embeddable":true,"href":"https:\/\/987aldia.com\/web\/wp-json\/wp\/v2\/tags?post=1640"}],"curies":[{"name":"wp","href":"https:\/\/api.w.org\/{rel}","templated":true}]}}