{"id":1648,"date":"2023-06-14T07:10:28","date_gmt":"2023-06-14T07:10:28","guid":{"rendered":"https:\/\/987aldia.com\/web\/?p=1648"},"modified":"2023-06-14T07:10:29","modified_gmt":"2023-06-14T07:10:29","slug":"asele-celebra-este-miercoles-cuatro-anos-defendiendo-y-representando-a-las-mujeres-empresarias-y-directivas-leonesas","status":"publish","type":"post","link":"https:\/\/987aldia.com\/web\/asele-celebra-este-miercoles-cuatro-anos-defendiendo-y-representando-a-las-mujeres-empresarias-y-directivas-leonesas\/","title":{"rendered":"ASELE celebra este mi\u00e9rcoles cuatro a\u00f1os defendiendo y representando a las mujeres empresarias y directivas leonesas"},"content":{"rendered":"\n<h2 class=\"wp-block-heading\"><strong>Un acto de aniversario que coincide con la celebraci\u00f3n de la Asamblea General y Electoral de la asociaci\u00f3n y en la que Noelia Rodr\u00edguez revalidar\u00e1 su cargo de presidenta<\/strong>.<\/h2>\n\n\n\n<p>La Asociaci\u00f3n de Mujeres Empresarias y Directivas de Le\u00f3n (ASELE), integrada en la Federaci\u00f3n Leonesa de Empresarios (FELE), celebra este mi\u00e9rcoles, 14 de junio, en el Club Pe\u00f1alba Casino de Le\u00f3n, su Asamblea General y Asamblea Electoral en la que revalidar\u00e1 su cargo Noelia Rodr\u00edguez como presidenta, as\u00ed como el resto de miembros de Junta Directiva. Se trata de un acto que cuenta con el apoyo de Caja Rural y la C\u00e1mara de Comercio de Le\u00f3n.<\/p>\n\n\n\n<p>Una cita en la que participar\u00e1n m\u00e1s de medio centenar de personas y que contar\u00e1, para el acto de clausura a partir de las 21.30 horas, con el alcalde de Le\u00f3n en funciones, Jos\u00e9 Antonio Diez; el consejero de Medio Ambiente, Juan Carlos Su\u00e1rez Qui\u00f1ones; el presidente de FELE, Juan Mar\u00eda Vallejo o el presidente de la C\u00e1mara de Comercio, Javier Vega, entre otros representantes institucionales.<\/p>\n\n\n\n<p>Una fecha que coincide con la celebraci\u00f3n del cuarto aniversario de ASELE, la&nbsp;asociaci\u00f3n de mujeres empresarias y directivas representativa de la provincia de Le\u00f3n, que naci\u00f3 con el objetivo de&nbsp;lograr la visibilidad del colectivo y trabajar por el liderazgo femenino y la corresponsabilidad. Son la voz de las mujeres empresarias y directivas leonesas en diversos foros locales, regionales y nacionales y cuenta, en la actualidad, con m\u00e1s de un centenar de asociadas de diversos sectores de actividad.<\/p>\n","protected":false},"excerpt":{"rendered":"<p>Un acto de aniversario que coincide con la celebraci\u00f3n de la Asamblea General y Electoral de la asociaci\u00f3n y en la que Noelia Rodr\u00edguez revalidar\u00e1 su cargo de presidenta. La Asociaci\u00f3n de Mujeres Empresarias y Directivas de Le\u00f3n (ASELE), integrada en la Federaci\u00f3n Leonesa de Empresarios (FELE), celebra este mi\u00e9rcoles, 14 de junio, en el [&hellip;]<\/p>\n","protected":false},"author":1,"featured_media":1649,"comment_status":"open","ping_status":"closed","sticky":false,"template":"","format":"standard","meta":{"_monsterinsights_skip_tracking":false,"_monsterinsights_sitenote_active":false,"_monsterinsights_sitenote_note":"","_monsterinsights_sitenote_category":0,"site-container-style":"default","site-container-layout":"default","site-sidebar-layout":"default","disable-article-header":"default","disable-site-header":"default","disable-site-footer":"default","disable-content-area-spacing":"default","_jetpack_memberships_contains_paid_content":false,"footnotes":"","jetpack_publicize_message":"","jetpack_publicize_feature_enabled":true,"jetpack_social_post_already_shared":false,"jetpack_social_options":{"image_generator_settings":{"template":"highway","default_image_id":0,"font":"","enabled":false},"version":2}},"categories":[7],"tags":[],"class_list":["post-1648","post","type-post","status-publish","format-standard","has-post-thumbnail","hentry","category-notas-de-prensa"],"jetpack_publicize_connections":[],"jetpack_featured_media_url":"https:\/\/987aldia.com\/web\/wp-content\/uploads\/2023\/06\/reunion-mujeres-negocios-primer-plano.jpg","jetpack_sharing_enabled":true,"_links":{"self":[{"href":"https:\/\/987aldia.com\/web\/wp-json\/wp\/v2\/posts\/1648","targetHints":{"allow":["GET"]}}],"collection":[{"href":"https:\/\/987aldia.com\/web\/wp-json\/wp\/v2\/posts"}],"about":[{"href":"https:\/\/987aldia.com\/web\/wp-json\/wp\/v2\/types\/post"}],"author":[{"embeddable":true,"href":"https:\/\/987aldia.com\/web\/wp-json\/wp\/v2\/users\/1"}],"replies":[{"embeddable":true,"href":"https:\/\/987aldia.com\/web\/wp-json\/wp\/v2\/comments?post=1648"}],"version-history":[{"count":1,"href":"https:\/\/987aldia.com\/web\/wp-json\/wp\/v2\/posts\/1648\/revisions"}],"predecessor-version":[{"id":1650,"href":"https:\/\/987aldia.com\/web\/wp-json\/wp\/v2\/posts\/1648\/revisions\/1650"}],"wp:featuredmedia":[{"embeddable":true,"href":"https:\/\/987aldia.com\/web\/wp-json\/wp\/v2\/media\/1649"}],"wp:attachment":[{"href":"https:\/\/987aldia.com\/web\/wp-json\/wp\/v2\/media?parent=1648"}],"wp:term":[{"taxonomy":"category","embeddable":true,"href":"https:\/\/987aldia.com\/web\/wp-json\/wp\/v2\/categories?post=1648"},{"taxonomy":"post_tag","embeddable":true,"href":"https:\/\/987aldia.com\/web\/wp-json\/wp\/v2\/tags?post=1648"}],"curies":[{"name":"wp","href":"https:\/\/api.w.org\/{rel}","templated":true}]}}