{"id":1704,"date":"2023-06-23T15:00:00","date_gmt":"2023-06-23T15:00:00","guid":{"rendered":"https:\/\/987aldia.com\/web\/?p=1704"},"modified":"2023-06-15T09:49:51","modified_gmt":"2023-06-15T09:49:51","slug":"la-junta-licita-la-redaccion-del-proyecto-para-viviendas-colaborativas-destinadas-a-alquiler-para-jovenes-en-avila","status":"publish","type":"post","link":"https:\/\/987aldia.com\/web\/la-junta-licita-la-redaccion-del-proyecto-para-viviendas-colaborativas-destinadas-a-alquiler-para-jovenes-en-avila\/","title":{"rendered":"La Junta licita la redacci\u00f3n del proyecto para viviendas colaborativas destinadas a alquiler para j\u00f3venes en \u00c1vila"},"content":{"rendered":"\n<h2 class=\"wp-block-heading\"><strong>Se trata de una modalidad de alojamiento en la que los residentes comparten zonas y servicios.<\/strong><\/h2>\n\n\n\n<p>La Consejer\u00eda de Medio Ambiente, Vivienda y Ordenaci\u00f3n del Territorio, a trav\u00e9s de la Sociedad P\u00fablica de Infraestructuras y Medio Ambiente (SOMACYL), licita la redacci\u00f3n del proyecto b\u00e1sico para la construcci\u00f3n de 40 viviendas colaborativas en r\u00e9gimen de alquiler joven, en la parcela situada en calle Cal\u00e9ndula de \u00c1vila, tal y como ha publicado la Plataforma de contrataci\u00f3n del sector p\u00fablico.<\/p>\n\n\n\n<p>Con un presupuesto de 58.588,20 euros y financiaci\u00f3n parcial por la Uni\u00f3n Europea con fondos Next Generation EU, el plazo de ejecuci\u00f3n de esta redacci\u00f3n ser\u00e1 de dos meses tras su adjudicaci\u00f3n.<\/p>\n\n\n\n<p>Las viviendas colaborativas son una modalidad de alojamiento en la que los residentes comparten zonas y servicios. El objeto es facilitar la emancipaci\u00f3n de los j\u00f3venes, as\u00ed como fomentar la convivencia y la interacci\u00f3n compartiendo un espacio com\u00fan que les apoye en el desarrollo como ciudadanos de una manera f\u00e1cil y econ\u00f3mica.<\/p>\n\n\n\n<p>Se realizar\u00e1n unas 40 viviendas con una superficie \u00fatil de 60 m2, con dos dormitorios y dos ba\u00f1os. Adem\u00e1s, el edificio contar\u00e1 con unas zonas comunes destinadas a lavander\u00eda y coworking, existir\u00e1 una zona reservada para aparcamiento de bicicletas y la cubierta ser\u00e1 de uso comunitario para ocio y esparcimiento.<\/p>\n\n\n\n<p>Una vez ejecutadas, estas viviendas estar\u00e1n en disposici\u00f3n de formar parte del parque p\u00fablico de viviendas en alquiler que gestiona SOMACYL, destin\u00e1ndose principalmente a j\u00f3venes de hasta 35 a\u00f1os.<\/p>\n\n\n\n<p>SOMACYL est\u00e1 gestionando la construcci\u00f3n de un total de 1.085 viviendas en alquiler joven en los principales municipios de Castilla y Le\u00f3n, dentro del programa TUYA del Plan de Vivienda Joven de la Junta de Castilla y Le\u00f3n.<\/p>\n","protected":false},"excerpt":{"rendered":"<p>Se trata de una modalidad de alojamiento en la que los residentes comparten zonas y servicios. La Consejer\u00eda de Medio Ambiente, Vivienda y Ordenaci\u00f3n del Territorio, a trav\u00e9s de la Sociedad P\u00fablica de Infraestructuras y Medio Ambiente (SOMACYL), licita la redacci\u00f3n del proyecto b\u00e1sico para la construcci\u00f3n de 40 viviendas colaborativas en r\u00e9gimen de alquiler [&hellip;]<\/p>\n","protected":false},"author":1,"featured_media":1705,"comment_status":"open","ping_status":"closed","sticky":false,"template":"","format":"standard","meta":{"_monsterinsights_skip_tracking":false,"_monsterinsights_sitenote_active":false,"_monsterinsights_sitenote_note":"","_monsterinsights_sitenote_category":0,"site-container-style":"default","site-container-layout":"default","site-sidebar-layout":"default","disable-article-header":"default","disable-site-header":"default","disable-site-footer":"default","disable-content-area-spacing":"default","_jetpack_memberships_contains_paid_content":false,"footnotes":"","jetpack_publicize_message":"","jetpack_publicize_feature_enabled":true,"jetpack_social_post_already_shared":false,"jetpack_social_options":{"image_generator_settings":{"template":"highway","default_image_id":0,"font":"","enabled":false},"version":2}},"categories":[10],"tags":[],"class_list":["post-1704","post","type-post","status-publish","format-standard","has-post-thumbnail","hentry","category-castilla-y-leon"],"jetpack_publicize_connections":[],"jetpack_featured_media_url":"https:\/\/987aldia.com\/web\/wp-content\/uploads\/2023\/06\/jozsef-hocza-y5N2HDwagVw-unsplash.jpg","jetpack_sharing_enabled":true,"_links":{"self":[{"href":"https:\/\/987aldia.com\/web\/wp-json\/wp\/v2\/posts\/1704","targetHints":{"allow":["GET"]}}],"collection":[{"href":"https:\/\/987aldia.com\/web\/wp-json\/wp\/v2\/posts"}],"about":[{"href":"https:\/\/987aldia.com\/web\/wp-json\/wp\/v2\/types\/post"}],"author":[{"embeddable":true,"href":"https:\/\/987aldia.com\/web\/wp-json\/wp\/v2\/users\/1"}],"replies":[{"embeddable":true,"href":"https:\/\/987aldia.com\/web\/wp-json\/wp\/v2\/comments?post=1704"}],"version-history":[{"count":1,"href":"https:\/\/987aldia.com\/web\/wp-json\/wp\/v2\/posts\/1704\/revisions"}],"predecessor-version":[{"id":1706,"href":"https:\/\/987aldia.com\/web\/wp-json\/wp\/v2\/posts\/1704\/revisions\/1706"}],"wp:featuredmedia":[{"embeddable":true,"href":"https:\/\/987aldia.com\/web\/wp-json\/wp\/v2\/media\/1705"}],"wp:attachment":[{"href":"https:\/\/987aldia.com\/web\/wp-json\/wp\/v2\/media?parent=1704"}],"wp:term":[{"taxonomy":"category","embeddable":true,"href":"https:\/\/987aldia.com\/web\/wp-json\/wp\/v2\/categories?post=1704"},{"taxonomy":"post_tag","embeddable":true,"href":"https:\/\/987aldia.com\/web\/wp-json\/wp\/v2\/tags?post=1704"}],"curies":[{"name":"wp","href":"https:\/\/api.w.org\/{rel}","templated":true}]}}