{"id":1707,"date":"2023-06-26T09:00:00","date_gmt":"2023-06-26T09:00:00","guid":{"rendered":"https:\/\/987aldia.com\/web\/?p=1707"},"modified":"2023-06-15T09:54:45","modified_gmt":"2023-06-15T09:54:45","slug":"noelia-rodriguez-reelegida-por-unanimidad-presidenta-de-la-asociacion-de-mujeres-empresarias-y-directivas-de-leon-asele","status":"publish","type":"post","link":"https:\/\/987aldia.com\/web\/noelia-rodriguez-reelegida-por-unanimidad-presidenta-de-la-asociacion-de-mujeres-empresarias-y-directivas-de-leon-asele\/","title":{"rendered":"Noelia Rodr\u00edguez, reelegida por unanimidad presidenta de la Asociaci\u00f3n de Mujeres Empresarias y Directivas de Le\u00f3n (ASELE)"},"content":{"rendered":"\n<p>La Asociaci\u00f3n de Mujeres Empresarias y Directivas de Le\u00f3n (ASELE), integrada en la Federaci\u00f3n Leonesa de Empresarios (FELE), ha dado su apoyo un\u00e1nime a Noelia Rodr\u00edguez de Celis como presidenta de la asociaci\u00f3n por cuatro a\u00f1os m\u00e1s en la Asamblea General y Electoral celebrada este mi\u00e9rcoles. ASELE ha aprobado tambi\u00e9n el nuevo equipo de Junta Directiva que acompa\u00f1ara a la presidenta. Diez empresarias y directivas que representan a diversos sectores de la econom\u00eda leonesa. <\/p>\n\n\n\n<p>Noelia Rodr\u00edguez, en su discurso tras ser reelegida presidenta, ha agradecido el apoyo de sus asociadas para seguir liderando ASELE y ha reiterado el compromiso de la asociaci\u00f3n con el colectivo de mujeres empresarias y directivas: \u201cLas que formamos parte de ASELE hemos tenido la suerte de desarrollarnos profesionalmente y cumplir metas y sue\u00f1os. Pero nos sentimos comprometidas con otras mujeres que no lo tienen tan f\u00e1cil, as\u00ed como con las mujeres del futuro para que cada vez se encuentren con menos obst\u00e1culos\u201d. <\/p>\n\n\n\n<p>Tambi\u00e9n ha hecho hincapi\u00e9 en las principales se\u00f1as de identidad de la asociaci\u00f3n, como son la defensa del talento sin g\u00e9nero y la de normalizar la presencia de las mujeres en el \u00e1mbito empresarial y en todos los niveles de responsabilidad. \u201cNo tratamos de diferenciarnos del hombre. Formamos parte de FELE, donde todos somos empresarios y empresarias, que cada d\u00eda nos levantamos con un objetivo com\u00fan, contribuir al desarrollo del tejido empresarial de nuestra provincia. A\u00fan existe desigualdad, sobre todo a la hora de ocupar cargos de responsabilidad, y por eso es importante que asociaciones como la nuestra existan, cuenten, se nos escuche\u201d, ha defendido. <\/p>\n\n\n\n<p>Adem\u00e1s de la Asamblea Electoral, ASELE ha celebrado Asamblea General en la que se ha hecho balance del \u00faltimo a\u00f1o de trabajo. Entre los principales asuntos tratados destaca la aprobaci\u00f3n de las cuentas del pasado ejercicio, as\u00ed como el presupuesto y la aprobaci\u00f3n de la memoria de actividades de la organizaci\u00f3n.<br><br>De cara a los pr\u00f3ximos a\u00f1os, la nueva Junta Directiva ha avanzado que comenzar\u00e1 a trabajar en la elaboraci\u00f3n de un Plan Estrat\u00e9gico 2023-2027 basado en cuatro l\u00edneas principales: econ\u00f3mica, con el objetivo de optimizar recursos; funcionamiento interno, para implantar protocolos de actuaci\u00f3n que les permita ser m\u00e1s eficaces; asociadas, para incrementar su n\u00famero y dar m\u00e1s visibilidad a todas ellas y una \u00faltima l\u00ednea de colaboraci\u00f3n y crecimiento. <\/p>\n\n\n\n<p>Cerca de un centenar de personas han acompa\u00f1ado a las mujeres empresarias y directivas en esta cita que ha contado con el apoyo de la C\u00e1mara de Comercio de Le\u00f3n y Caja Rural as\u00ed como de diversos representantes institucionales como con el alcalde de Le\u00f3n en funciones, Jos\u00e9 Antonio Diez; el presidente de las Cortes de Castilla y Le\u00f3n, Carlos Poll\u00e1n; el consejero de Medio Ambiente, Juan Carlos Su\u00e1rez Qui\u00f1ones; el presidente de FELE, Juan Mar\u00eda Vallejo; el presidente de la C\u00e1mara de Comercio, Javier Vega o el presidente del Consejo Social de la Universidad de Le\u00f3n, Javier Cepedano. <\/p>\n\n\n\n<p>Durante el acto de clausura, el presidente de FELE, Juan Mar\u00eda Vallejo, ha felicitado a todas las mujeres empresarias y directivas que forman parte de ASELE por los cuatro a\u00f1os de actividad siendo un referente en la provincia. \u201cVuestra dedicaci\u00f3n, pasi\u00f3n y determinaci\u00f3n han sido fundamentales para el \u00e9xito colectivo. Hab\u00e9is demostrado que no hay l\u00edmites para lograr todo lo que os propong\u00e1is\u201d. Asimismo, ha mostrado el compromiso y apoyo de FELE con todas ellas y ha llamado a avanzar \u201ccon determinaci\u00f3n, hombres y mujeres, para crear un futuro en el que el talento y el liderazgo femenino sean reconocidos y valorados en igual medida\u201d.<\/p>\n\n\n\n<p><\/p>\n\n\n\n<p><strong>JUNTA DIRECTIVA ASELE 2023 \u2013 2027<\/strong><\/p>\n\n\n\n<p><br><strong>Presidenta:<\/strong> Noelia Rodr\u00edguez de Celis.<\/p>\n\n\n\n<p><strong>Vicepresidenta:<\/strong> Ylenia P\u00e9rez Garc\u00eda y Mar\u00eda Mart\u00edn Chaguaceda.<\/p>\n\n\n\n<p><strong>Tesorera:<\/strong> M\u00f3nica Mart\u00ednez Mac\u00edas.<\/p>\n\n\n\n<p><strong>Vocales:<\/strong> Luisa Amoedo Otero, Nuria Garc\u00eda Campos, Esther \u00c1lvarez Fern\u00e1ndez, Elisa Chamorro Moro, Iris Fern\u00e1ndez Barros, Almudena Cabalgante Morales y Patricia Garc\u00eda Berruguete.<\/p>\n","protected":false},"excerpt":{"rendered":"<p>La Asociaci\u00f3n de Mujeres Empresarias y Directivas de Le\u00f3n (ASELE), integrada en la Federaci\u00f3n Leonesa de Empresarios (FELE), ha dado su apoyo un\u00e1nime a Noelia Rodr\u00edguez de Celis como presidenta de la asociaci\u00f3n por cuatro a\u00f1os m\u00e1s en la Asamblea General y Electoral celebrada este mi\u00e9rcoles. ASELE ha aprobado tambi\u00e9n el nuevo equipo de Junta [&hellip;]<\/p>\n","protected":false},"author":1,"featured_media":1708,"comment_status":"open","ping_status":"closed","sticky":false,"template":"","format":"standard","meta":{"_monsterinsights_skip_tracking":false,"_monsterinsights_sitenote_active":false,"_monsterinsights_sitenote_note":"","_monsterinsights_sitenote_category":0,"site-container-style":"default","site-container-layout":"default","site-sidebar-layout":"default","disable-article-header":"default","disable-site-header":"default","disable-site-footer":"default","disable-content-area-spacing":"default","_jetpack_memberships_contains_paid_content":false,"footnotes":"","jetpack_publicize_message":"","jetpack_publicize_feature_enabled":true,"jetpack_social_post_already_shared":false,"jetpack_social_options":{"image_generator_settings":{"template":"highway","default_image_id":0,"font":"","enabled":false},"version":2}},"categories":[7],"tags":[],"class_list":["post-1707","post","type-post","status-publish","format-standard","has-post-thumbnail","hentry","category-notas-de-prensa"],"jetpack_publicize_connections":[],"jetpack_featured_media_url":"https:\/\/987aldia.com\/web\/wp-content\/uploads\/2023\/06\/IMG_Nueva-Junta-Directiva-ASELE-1.jpg","jetpack_sharing_enabled":true,"_links":{"self":[{"href":"https:\/\/987aldia.com\/web\/wp-json\/wp\/v2\/posts\/1707","targetHints":{"allow":["GET"]}}],"collection":[{"href":"https:\/\/987aldia.com\/web\/wp-json\/wp\/v2\/posts"}],"about":[{"href":"https:\/\/987aldia.com\/web\/wp-json\/wp\/v2\/types\/post"}],"author":[{"embeddable":true,"href":"https:\/\/987aldia.com\/web\/wp-json\/wp\/v2\/users\/1"}],"replies":[{"embeddable":true,"href":"https:\/\/987aldia.com\/web\/wp-json\/wp\/v2\/comments?post=1707"}],"version-history":[{"count":1,"href":"https:\/\/987aldia.com\/web\/wp-json\/wp\/v2\/posts\/1707\/revisions"}],"predecessor-version":[{"id":1709,"href":"https:\/\/987aldia.com\/web\/wp-json\/wp\/v2\/posts\/1707\/revisions\/1709"}],"wp:featuredmedia":[{"embeddable":true,"href":"https:\/\/987aldia.com\/web\/wp-json\/wp\/v2\/media\/1708"}],"wp:attachment":[{"href":"https:\/\/987aldia.com\/web\/wp-json\/wp\/v2\/media?parent=1707"}],"wp:term":[{"taxonomy":"category","embeddable":true,"href":"https:\/\/987aldia.com\/web\/wp-json\/wp\/v2\/categories?post=1707"},{"taxonomy":"post_tag","embeddable":true,"href":"https:\/\/987aldia.com\/web\/wp-json\/wp\/v2\/tags?post=1707"}],"curies":[{"name":"wp","href":"https:\/\/api.w.org\/{rel}","templated":true}]}}