{"id":1711,"date":"2023-06-26T11:59:00","date_gmt":"2023-06-26T11:59:00","guid":{"rendered":"https:\/\/987aldia.com\/web\/?p=1711"},"modified":"2023-06-16T07:45:27","modified_gmt":"2023-06-16T07:45:27","slug":"la-diputacion-reanuda-las-obras-de-construccion-de-los-parques-de-bomberos-de-cistierna-y-celada","status":"publish","type":"post","link":"https:\/\/987aldia.com\/web\/la-diputacion-reanuda-las-obras-de-construccion-de-los-parques-de-bomberos-de-cistierna-y-celada\/","title":{"rendered":"La Diputaci\u00f3n reanuda las obras de construcci\u00f3n de los parques de bomberos de Cistierna y Celada"},"content":{"rendered":"\n<h2 class=\"wp-block-heading\"><strong>El servicio est\u00e1 ya operativo desde abril con sendos equipos de 16 personas y ubicaciones provisionales a la espera de que concluyan los trabajos en oto\u00f1o<\/strong><\/h2>\n\n\n\n<p>La Diputaci\u00f3n de Le\u00f3n ha reanudado las obras de construcci\u00f3n de los parques de bomberos de Cistierna y Celada que estaban paralizadas por la renuncia de las empresas adjudicatarias. Esta misma semana se han retomado los trabajos para culminar las instalaciones de estos parques cuyos profesionales, no obstante, ya est\u00e1n prestando servicio desde abril con base en ubicaciones provisionales habilitadas por la instituci\u00f3n provincial.<\/p>\n\n\n\n<p>El diputado responsable del Servicio de Prevenci\u00f3n, Extinci\u00f3n de Incendios y Salvamento (SEPEIS), Marcelo Alonso, ha comprobado la puesta en marcha de nuevo de las obras de construcci\u00f3n en ambas localizaciones acompa\u00f1ado de t\u00e9cnicos de la instituci\u00f3n provincial, responsables de la empresa constructora y representantes municipales.<\/p>\n\n\n\n<p>La renuncia de las dos empresas adjudicatarias de estas dos obras abr\u00eda un proceso administrativo que ha culminado con la encomienda a Tragsa, sociedad de capital p\u00fablico, para dar continuidad a los trabajos con la mayor celeridad posible. La previsi\u00f3n es que ambos parques est\u00e9n terminados en el pr\u00f3ximo oto\u00f1o.<\/p>\n\n\n\n<p>En ambos casos se trabaja ya en la conexi\u00f3n a las redes de saneamiento, las cubiertas y los cerramientos&nbsp;interiores.<\/p>\n\n\n\n<p><strong>Red provincial<\/strong><\/p>\n\n\n\n<p>El Sepeis cuenta ya con una plantilla de 40 bomberos y 20 cabos que ya operan en las instalaciones de Villablino y Valencia de Don Juan, y en las ubicaciones alternativas que la instituci\u00f3n provincial ha habilitado en Astorga y Cistierna. Esta red provincial da cobertura, en menos de media hora, al 95% de la poblaci\u00f3n de la provincia, junto con los parques de Le\u00f3n y Ponferrada, con cuyos ayuntamientos la Diputaci\u00f3n de Le\u00f3n ha formalizado sendos convenios valorados en 1,6 millones de euros anuales.<\/p>\n\n\n\n<p>La red de los cuatro parques tipo 2 est\u00e1 dotada de 64 trabajadores: cuatro sargentos, 40 bomberos y 20 cabos, es decir, diez bomberos, cinco cabos y un sargento en cada uno de los parques para poder garantizar la existencia de un responsable en cada turno. Estos cuatro parques, denominados de tipo 2, se caracterizan por tener atenci\u00f3n presencial 24 horas de al menos tres profesionales por turno. A ellos, se ir\u00e1n sumando progresivamente los denominados de tipo 3A y 3B, en otros puntos de la provincia. El objetivo que se busca con la progresiva puesta en marcha del servicio es alcanzar el 100% de n\u00facleos, poblaci\u00f3n y superficie con tiempos de intervenci\u00f3n inferiores a los 30 minutos.<\/p>\n","protected":false},"excerpt":{"rendered":"<p>El servicio est\u00e1 ya operativo desde abril con sendos equipos de 16 personas y ubicaciones provisionales a la espera de que concluyan los trabajos en oto\u00f1o La Diputaci\u00f3n de Le\u00f3n ha reanudado las obras de construcci\u00f3n de los parques de bomberos de Cistierna y Celada que estaban paralizadas por la renuncia de las empresas adjudicatarias. [&hellip;]<\/p>\n","protected":false},"author":1,"featured_media":1712,"comment_status":"open","ping_status":"closed","sticky":false,"template":"","format":"standard","meta":{"_monsterinsights_skip_tracking":false,"_monsterinsights_sitenote_active":false,"_monsterinsights_sitenote_note":"","_monsterinsights_sitenote_category":0,"site-container-style":"default","site-container-layout":"default","site-sidebar-layout":"default","disable-article-header":"default","disable-site-header":"default","disable-site-footer":"default","disable-content-area-spacing":"default","_jetpack_memberships_contains_paid_content":false,"footnotes":"","jetpack_publicize_message":"","jetpack_publicize_feature_enabled":true,"jetpack_social_post_already_shared":false,"jetpack_social_options":{"image_generator_settings":{"template":"highway","default_image_id":0,"font":"","enabled":false},"version":2}},"categories":[7],"tags":[],"class_list":["post-1711","post","type-post","status-publish","format-standard","has-post-thumbnail","hentry","category-notas-de-prensa"],"jetpack_publicize_connections":[],"jetpack_featured_media_url":"https:\/\/987aldia.com\/web\/wp-content\/uploads\/2023\/06\/FOTO-CELADA-3.jpg","jetpack_sharing_enabled":true,"_links":{"self":[{"href":"https:\/\/987aldia.com\/web\/wp-json\/wp\/v2\/posts\/1711","targetHints":{"allow":["GET"]}}],"collection":[{"href":"https:\/\/987aldia.com\/web\/wp-json\/wp\/v2\/posts"}],"about":[{"href":"https:\/\/987aldia.com\/web\/wp-json\/wp\/v2\/types\/post"}],"author":[{"embeddable":true,"href":"https:\/\/987aldia.com\/web\/wp-json\/wp\/v2\/users\/1"}],"replies":[{"embeddable":true,"href":"https:\/\/987aldia.com\/web\/wp-json\/wp\/v2\/comments?post=1711"}],"version-history":[{"count":1,"href":"https:\/\/987aldia.com\/web\/wp-json\/wp\/v2\/posts\/1711\/revisions"}],"predecessor-version":[{"id":1713,"href":"https:\/\/987aldia.com\/web\/wp-json\/wp\/v2\/posts\/1711\/revisions\/1713"}],"wp:featuredmedia":[{"embeddable":true,"href":"https:\/\/987aldia.com\/web\/wp-json\/wp\/v2\/media\/1712"}],"wp:attachment":[{"href":"https:\/\/987aldia.com\/web\/wp-json\/wp\/v2\/media?parent=1711"}],"wp:term":[{"taxonomy":"category","embeddable":true,"href":"https:\/\/987aldia.com\/web\/wp-json\/wp\/v2\/categories?post=1711"},{"taxonomy":"post_tag","embeddable":true,"href":"https:\/\/987aldia.com\/web\/wp-json\/wp\/v2\/tags?post=1711"}],"curies":[{"name":"wp","href":"https:\/\/api.w.org\/{rel}","templated":true}]}}