{"id":1714,"date":"2023-06-16T07:49:19","date_gmt":"2023-06-16T07:49:19","guid":{"rendered":"https:\/\/987aldia.com\/web\/?p=1714"},"modified":"2023-06-16T07:49:20","modified_gmt":"2023-06-16T07:49:20","slug":"san-andres-celebra-este-domingo-su-i-open-de-marcha-nordica","status":"publish","type":"post","link":"https:\/\/987aldia.com\/web\/san-andres-celebra-este-domingo-su-i-open-de-marcha-nordica\/","title":{"rendered":"San Andr\u00e9s celebra este domingo su I Open de Marcha N\u00f3rdica"},"content":{"rendered":"\n<h2 class=\"wp-block-heading\">Se ofrecen tres posibilidades, tanto para federados, puntuable tambi\u00e9n para la I Copa de Castilla y Le\u00f3n, como para no federados as\u00ed como para ni\u00f1os y ni\u00f1as desde los cinco a\u00f1os<\/h2>\n\n\n\n<p>San Andr\u00e9s del Rabanedo acoge este domingo, 18 de junio, el I Open de Marcha N\u00f3rdica, que supone adem\u00e1s la segunda prueba de la I Copa de Castilla y Le\u00f3n de esta disciplina. Se trata de una competici\u00f3n que por primera vez se celebra en la localidad y que llega despu\u00e9s de que se hayan celebrado varias exhibiciones por las calles y caminos del municipio, tal y como han recordado en la presentaci\u00f3n de esta prueba tanto la alcaldesa, Camino Caba\u00f1as, como la concejala de Deportes, Esperanza Crespo, y \u00c1lvaro Villarroel, de Avonordic, que organiza la prueba junto a la Federaci\u00f3n de Deportes de Monta\u00f1a, Escalada y Senderismo de Castilla y Le\u00f3n.<\/p>\n\n\n\n<p>\u201cHemos trabajado mucho tiempo para hacer realidad esta prueba de marcha n\u00f3rdica en San Andr\u00e9s del Rabanedo, que adem\u00e1s est\u00e1 de moda, que adem\u00e1s aqu\u00ed es la segunda prueba de la I Copa Castilla y Le\u00f3n, por eso estamos especialmente encantados\u201d, ha apuntado Camino Caba\u00f1as, quien ha resaltado que esta especialidad servir\u00e1 tambi\u00e9n para promocionar las zonas m\u00e1s rurales y verdes del municipio, ya que el Ayuntamiento \u201ctiene lo mejor de los dos mundos\u201d.<\/p>\n\n\n\n<p>\u201cPoco a poco en Castilla y Le\u00f3n se va viendo la marcha n\u00f3rdica, hace tres a\u00f1os no hab\u00eda nada y desde hace dos a\u00f1os empieza a haber competici\u00f3n\u201d, ha apuntado \u00c1lvaro Villarroel, que ha resaltado que hay 104 inscritos que podr\u00e1n tomar parte en diferentes modalidades pero siempre con el \u201centorno natural y tierra firme\u201d como grandes protagonistas.<\/p>\n\n\n\n<p>As\u00ed, esta prueba se celebrar\u00e1 con tres distancias diferentes en el mismo circuito, que comenzar\u00e1 en el Parque Antonio Garc\u00eda Valladares de San Andr\u00e9s. En primer lugar, la segunda prueba de la I Copa de Castilla y Le\u00f3n y I Open con 12,26 kil\u00f3metros. En segundo lugar, otra distancia de 6,32 kil\u00f3metros, donde ya podr\u00e1n tomar parte personas que no tengan licencia federativa. Por \u00faltimo, las categor\u00edas desde prebenjam\u00edn hasta cadete, es decir, desde los 5 a\u00f1os, podr\u00e1n disfrutar de esta disciplina en 1 y 3,36 kil\u00f3metros, sin que sea competitiva, aunque con obsequio para todos los participantes. El recorrido tiene un trazado circular de 2,97 km, m\u00e1s 200 metros de tramo de entrada y salida, y discurre en parte por la ruta PR-LE 82 Entrevalles as\u00ed como por zonas de Villabalter.<\/p>\n\n\n\n<figure class=\"wp-block-image size-large\"><img fetchpriority=\"high\" decoding=\"async\" width=\"724\" height=\"1024\" src=\"https:\/\/987aldia.com\/web\/wp-content\/uploads\/2023\/06\/Cartel-Open-Marcha-724x1024.jpg\" alt=\"\" class=\"wp-image-1715\" srcset=\"https:\/\/987aldia.com\/web\/wp-content\/uploads\/2023\/06\/Cartel-Open-Marcha-724x1024.jpg 724w, https:\/\/987aldia.com\/web\/wp-content\/uploads\/2023\/06\/Cartel-Open-Marcha-212x300.jpg 212w, https:\/\/987aldia.com\/web\/wp-content\/uploads\/2023\/06\/Cartel-Open-Marcha-768x1086.jpg 768w, https:\/\/987aldia.com\/web\/wp-content\/uploads\/2023\/06\/Cartel-Open-Marcha-1086x1536.jpg 1086w, https:\/\/987aldia.com\/web\/wp-content\/uploads\/2023\/06\/Cartel-Open-Marcha-1448x2048.jpg 1448w, https:\/\/987aldia.com\/web\/wp-content\/uploads\/2023\/06\/Cartel-Open-Marcha-scaled.jpg 1810w\" sizes=\"(max-width: 724px) 100vw, 724px\" \/><\/figure>\n","protected":false},"excerpt":{"rendered":"<p>Se ofrecen tres posibilidades, tanto para federados, puntuable tambi\u00e9n para la I Copa de Castilla y Le\u00f3n, como para no federados as\u00ed como para ni\u00f1os y ni\u00f1as desde los cinco a\u00f1os San Andr\u00e9s del Rabanedo acoge este domingo, 18 de junio, el I Open de Marcha N\u00f3rdica, que supone adem\u00e1s la segunda prueba de la [&hellip;]<\/p>\n","protected":false},"author":1,"featured_media":1716,"comment_status":"open","ping_status":"closed","sticky":false,"template":"","format":"standard","meta":{"_monsterinsights_skip_tracking":false,"_monsterinsights_sitenote_active":false,"_monsterinsights_sitenote_note":"","_monsterinsights_sitenote_category":0,"site-container-style":"default","site-container-layout":"default","site-sidebar-layout":"default","disable-article-header":"default","disable-site-header":"default","disable-site-footer":"default","disable-content-area-spacing":"default","_jetpack_memberships_contains_paid_content":false,"footnotes":"","jetpack_publicize_message":"","jetpack_publicize_feature_enabled":true,"jetpack_social_post_already_shared":false,"jetpack_social_options":{"image_generator_settings":{"template":"highway","default_image_id":0,"font":"","enabled":false},"version":2}},"categories":[7],"tags":[],"class_list":["post-1714","post","type-post","status-publish","format-standard","has-post-thumbnail","hentry","category-notas-de-prensa"],"jetpack_publicize_connections":[],"jetpack_featured_media_url":"https:\/\/987aldia.com\/web\/wp-content\/uploads\/2023\/06\/Rueda-de-prensa-marcha-nordica-15-06-2023.jpg","jetpack_sharing_enabled":true,"_links":{"self":[{"href":"https:\/\/987aldia.com\/web\/wp-json\/wp\/v2\/posts\/1714","targetHints":{"allow":["GET"]}}],"collection":[{"href":"https:\/\/987aldia.com\/web\/wp-json\/wp\/v2\/posts"}],"about":[{"href":"https:\/\/987aldia.com\/web\/wp-json\/wp\/v2\/types\/post"}],"author":[{"embeddable":true,"href":"https:\/\/987aldia.com\/web\/wp-json\/wp\/v2\/users\/1"}],"replies":[{"embeddable":true,"href":"https:\/\/987aldia.com\/web\/wp-json\/wp\/v2\/comments?post=1714"}],"version-history":[{"count":1,"href":"https:\/\/987aldia.com\/web\/wp-json\/wp\/v2\/posts\/1714\/revisions"}],"predecessor-version":[{"id":1717,"href":"https:\/\/987aldia.com\/web\/wp-json\/wp\/v2\/posts\/1714\/revisions\/1717"}],"wp:featuredmedia":[{"embeddable":true,"href":"https:\/\/987aldia.com\/web\/wp-json\/wp\/v2\/media\/1716"}],"wp:attachment":[{"href":"https:\/\/987aldia.com\/web\/wp-json\/wp\/v2\/media?parent=1714"}],"wp:term":[{"taxonomy":"category","embeddable":true,"href":"https:\/\/987aldia.com\/web\/wp-json\/wp\/v2\/categories?post=1714"},{"taxonomy":"post_tag","embeddable":true,"href":"https:\/\/987aldia.com\/web\/wp-json\/wp\/v2\/tags?post=1714"}],"curies":[{"name":"wp","href":"https:\/\/api.w.org\/{rel}","templated":true}]}}