{"id":1718,"date":"2023-06-26T14:00:00","date_gmt":"2023-06-26T14:00:00","guid":{"rendered":"https:\/\/987aldia.com\/web\/?p=1718"},"modified":"2023-06-16T07:51:18","modified_gmt":"2023-06-16T07:51:18","slug":"el-programa-san-andres-verde-continua-mejorando-los-espacios-verdes-del-municipio","status":"publish","type":"post","link":"https:\/\/987aldia.com\/web\/el-programa-san-andres-verde-continua-mejorando-los-espacios-verdes-del-municipio\/","title":{"rendered":"El programa San Andr\u00e9s Verde contin\u00faa mejorando los espacios verdes del municipio"},"content":{"rendered":"\n<h2 class=\"wp-block-heading\">Este programa formativo permite que el alumnado, dividido en dos fases, puedan conseguir un empleo tras este periodo de pr\u00e1cticas y ense\u00f1anza te\u00f3rica en las instalaciones.<\/h2>\n\n\n\n<p>El programa San Andr\u00e9s Verde VI, que comenz\u00f3 el 1 de marzo, contin\u00faa con su periodo de formaci\u00f3n tanto te\u00f3rica como pr\u00e1ctica en las instalaciones municipales, lo que est\u00e1 permitiendo que logren los conocimientos necesarios para iniciarse en el mundo laboral al tiempo que act\u00faan en diferentes espacios.<\/p>\n\n\n\n<p>Se trata de una iniciativa financiada por la Junta de Castilla y Le\u00f3n mediante Ecyl as\u00ed como por SEPE, y tal como sucedi\u00f3 el a\u00f1o pasado, es duplo y aunque la duraci\u00f3n es de doce meses, se divide en dos fases de seis meses cada una, con 16 estudiantes en total, ocho por cada tramo. &nbsp;<\/p>\n\n\n\n<p>Estas primeras 8 personas est\u00e1n desarrollando su formaci\u00f3n en el Barrio de la Sal, y adem\u00e1s de las labores de mantenimiento como poda, siega, desbrozado, escarificado, resiembra y recebo, se realizar\u00e1n en este nuevo proyecto otras intervenciones. De hecho, la acreditaci\u00f3n oficial es AGAO0108, en concreto \u2018Actividades auxiliares en viveros, jardines y zonas verdes\u2019.<\/p>\n\n\n\n<p>Entre las actividades que han desarrollado hasta el momento destaca la eliminaci\u00f3n del arenero de la zona de juegos infantiles del parque de la Chopera, sustituyendo una parte por una superficie de losetas de caucho y otra por c\u00e9sped instalando el riego; restauraci\u00f3n de juegos infantiles y sustituci\u00f3n de dos balancines; escarificado, resiembra y recebo en Blasco Ib\u00e1\u00f1ez y Tizona; multiplicaci\u00f3n y plantaci\u00f3n de flores de temporada.<\/p>\n\n\n\n<p>La formaci\u00f3n te\u00f3rica en el aula es durante la mitad de cada ma\u00f1ana (de 11.30 a 15 horas) y consta de los tres m\u00f3dulos del certificado: operaciones b\u00e1sicas en viveros y centros de jardiner\u00eda; instalaci\u00f3n de jardines, parques y zonas verdes; y mantenimiento de jardines, parques y zonas verdes. Esta formaci\u00f3n t\u00e9cnica se completa con una complementaria sobre inserci\u00f3n laboral, sensibilizaci\u00f3n medioambiental y de igualdad de g\u00e9nero, as\u00ed como matem\u00e1tica.<\/p>\n","protected":false},"excerpt":{"rendered":"<p>Este programa formativo permite que el alumnado, dividido en dos fases, puedan conseguir un empleo tras este periodo de pr\u00e1cticas y ense\u00f1anza te\u00f3rica en las instalaciones. El programa San Andr\u00e9s Verde VI, que comenz\u00f3 el 1 de marzo, contin\u00faa con su periodo de formaci\u00f3n tanto te\u00f3rica como pr\u00e1ctica en las instalaciones municipales, lo que est\u00e1 [&hellip;]<\/p>\n","protected":false},"author":1,"featured_media":1719,"comment_status":"open","ping_status":"closed","sticky":false,"template":"","format":"standard","meta":{"_monsterinsights_skip_tracking":false,"_monsterinsights_sitenote_active":false,"_monsterinsights_sitenote_note":"","_monsterinsights_sitenote_category":0,"site-container-style":"default","site-container-layout":"default","site-sidebar-layout":"default","disable-article-header":"default","disable-site-header":"default","disable-site-footer":"default","disable-content-area-spacing":"default","_jetpack_memberships_contains_paid_content":false,"footnotes":"","jetpack_publicize_message":"","jetpack_publicize_feature_enabled":true,"jetpack_social_post_already_shared":false,"jetpack_social_options":{"image_generator_settings":{"template":"highway","default_image_id":0,"font":"","enabled":false},"version":2}},"categories":[7],"tags":[],"class_list":["post-1718","post","type-post","status-publish","format-standard","has-post-thumbnail","hentry","category-notas-de-prensa"],"jetpack_publicize_connections":[],"jetpack_featured_media_url":"https:\/\/987aldia.com\/web\/wp-content\/uploads\/2023\/06\/SAR-Verde-2.jpeg","jetpack_sharing_enabled":true,"_links":{"self":[{"href":"https:\/\/987aldia.com\/web\/wp-json\/wp\/v2\/posts\/1718","targetHints":{"allow":["GET"]}}],"collection":[{"href":"https:\/\/987aldia.com\/web\/wp-json\/wp\/v2\/posts"}],"about":[{"href":"https:\/\/987aldia.com\/web\/wp-json\/wp\/v2\/types\/post"}],"author":[{"embeddable":true,"href":"https:\/\/987aldia.com\/web\/wp-json\/wp\/v2\/users\/1"}],"replies":[{"embeddable":true,"href":"https:\/\/987aldia.com\/web\/wp-json\/wp\/v2\/comments?post=1718"}],"version-history":[{"count":1,"href":"https:\/\/987aldia.com\/web\/wp-json\/wp\/v2\/posts\/1718\/revisions"}],"predecessor-version":[{"id":1720,"href":"https:\/\/987aldia.com\/web\/wp-json\/wp\/v2\/posts\/1718\/revisions\/1720"}],"wp:featuredmedia":[{"embeddable":true,"href":"https:\/\/987aldia.com\/web\/wp-json\/wp\/v2\/media\/1719"}],"wp:attachment":[{"href":"https:\/\/987aldia.com\/web\/wp-json\/wp\/v2\/media?parent=1718"}],"wp:term":[{"taxonomy":"category","embeddable":true,"href":"https:\/\/987aldia.com\/web\/wp-json\/wp\/v2\/categories?post=1718"},{"taxonomy":"post_tag","embeddable":true,"href":"https:\/\/987aldia.com\/web\/wp-json\/wp\/v2\/tags?post=1718"}],"curies":[{"name":"wp","href":"https:\/\/api.w.org\/{rel}","templated":true}]}}