{"id":1721,"date":"2023-06-26T18:00:00","date_gmt":"2023-06-26T18:00:00","guid":{"rendered":"https:\/\/987aldia.com\/web\/?p=1721"},"modified":"2023-06-16T07:53:55","modified_gmt":"2023-06-16T07:53:55","slug":"el-cel-se-opone-al-estatuto-del-becario-acordado-por-el-ministerio-de-trabajo-y-los-sindicatos","status":"publish","type":"post","link":"https:\/\/987aldia.com\/web\/el-cel-se-opone-al-estatuto-del-becario-acordado-por-el-ministerio-de-trabajo-y-los-sindicatos\/","title":{"rendered":"El CEL se opone al Estatuto del Becario acordado por el Ministerio de Trabajo y los sindicatos"},"content":{"rendered":"\n<p>Ante el anuncio del acuerdo entre el Ministerio de Trabajo y los sindicatos sobre el <em>Estatuto de las personas en formaci\u00f3n pr\u00e1ctica no laboral en el \u00e1mbito de la empresa<\/em>, -m\u00e1s conocido como Estatuto del Becario-, <strong>el C\u00edrculo Empresarial Leon\u00e9s se une al rechazo frontal manifestado por el Rector de la Universidad de Le\u00f3n<\/strong>, Juan Francisco Garc\u00eda Mar\u00edn, por considerar que <strong>esta nueva norma perjudica y pone en peligro las pr\u00e1cticas extracurriculares de los estudiantes y carga a las empresas con nuevas obligaciones <\/strong>como el abono de los gastos en que incurran los becarios, restricciones en el n\u00famero de horas, m\u00e1s burocracia y m\u00e1s pagos, como las cotizaciones sociales a las que tendr\u00edan derecho.<\/p>\n\n\n\n<p>Creemos que legislar <em>\u201cin extremis\u201d,<\/em> cuando est\u00e1n disueltas las Cortes, en periodo preelectoral y sin tener en cuenta la opini\u00f3n de la comunidad educativa, de las universidades y empresas no responde al objetivo con el que a priori se ha redactado esta norma que es regular las condiciones laborales de los estudiantes en pr\u00e1cticas y atajar los abusos. <strong>Consideramos que las pr\u00e1cticas \u201cformativas\u201d no son una relaci\u00f3n laboral al uso<\/strong> y los casos \u201cfraudulentos\u201d que se hayan podido detectar no se corresponden con la actuaci\u00f3n de la inmensa mayor\u00eda de empresas que son responsables y cumplen con sus obligaciones cuando tienen becarios form\u00e1ndose en sus organizaciones.<\/p>\n\n\n\n<p>Si finalmente esta norma entra en vigor en octubre, <strong>se agudizar\u00e1 el problema de la escasez de pr\u00e1cticas formativas<\/strong>, no s\u00f3lo de los estudiantes de grado sino tambi\u00e9n de los de Formaci\u00f3n Profesional Dual que se apoya principalmente en la colaboraci\u00f3n de las empresas. Ser\u00e1 cada vez m\u00e1s dif\u00edcil que el alumnado acceda a estancias formativas en empresas cuando son imprescindibles para su titulaci\u00f3n y para garantizar su empleabilidad, algo que venimos exigiendo las organizaciones empresariales desde hace tiempo.<\/p>\n\n\n\n<p>Por todo ello, <strong>pedimos una moratoria y que no se aplique este Estatuto del Becario<\/strong> por la oposici\u00f3n y las discrepancias que suscita en el seno de la comunidad educativa y del mundo empresarial.<\/p>\n","protected":false},"excerpt":{"rendered":"<p>Ante el anuncio del acuerdo entre el Ministerio de Trabajo y los sindicatos sobre el Estatuto de las personas en formaci\u00f3n pr\u00e1ctica no laboral en el \u00e1mbito de la empresa, -m\u00e1s conocido como Estatuto del Becario-, el C\u00edrculo Empresarial Leon\u00e9s se une al rechazo frontal manifestado por el Rector de la Universidad de Le\u00f3n, Juan [&hellip;]<\/p>\n","protected":false},"author":1,"featured_media":1722,"comment_status":"open","ping_status":"closed","sticky":false,"template":"","format":"standard","meta":{"_monsterinsights_skip_tracking":false,"_monsterinsights_sitenote_active":false,"_monsterinsights_sitenote_note":"","_monsterinsights_sitenote_category":0,"site-container-style":"default","site-container-layout":"default","site-sidebar-layout":"default","disable-article-header":"default","disable-site-header":"default","disable-site-footer":"default","disable-content-area-spacing":"default","_jetpack_memberships_contains_paid_content":false,"footnotes":"","jetpack_publicize_message":"","jetpack_publicize_feature_enabled":true,"jetpack_social_post_already_shared":false,"jetpack_social_options":{"image_generator_settings":{"template":"highway","default_image_id":0,"font":"","enabled":false},"version":2}},"categories":[7],"tags":[],"class_list":["post-1721","post","type-post","status-publish","format-standard","has-post-thumbnail","hentry","category-notas-de-prensa"],"jetpack_publicize_connections":[],"jetpack_featured_media_url":"https:\/\/987aldia.com\/web\/wp-content\/uploads\/2023\/06\/lycs-architecture-U2BI3GMnSSE-unsplash.jpg","jetpack_sharing_enabled":true,"_links":{"self":[{"href":"https:\/\/987aldia.com\/web\/wp-json\/wp\/v2\/posts\/1721","targetHints":{"allow":["GET"]}}],"collection":[{"href":"https:\/\/987aldia.com\/web\/wp-json\/wp\/v2\/posts"}],"about":[{"href":"https:\/\/987aldia.com\/web\/wp-json\/wp\/v2\/types\/post"}],"author":[{"embeddable":true,"href":"https:\/\/987aldia.com\/web\/wp-json\/wp\/v2\/users\/1"}],"replies":[{"embeddable":true,"href":"https:\/\/987aldia.com\/web\/wp-json\/wp\/v2\/comments?post=1721"}],"version-history":[{"count":1,"href":"https:\/\/987aldia.com\/web\/wp-json\/wp\/v2\/posts\/1721\/revisions"}],"predecessor-version":[{"id":1723,"href":"https:\/\/987aldia.com\/web\/wp-json\/wp\/v2\/posts\/1721\/revisions\/1723"}],"wp:featuredmedia":[{"embeddable":true,"href":"https:\/\/987aldia.com\/web\/wp-json\/wp\/v2\/media\/1722"}],"wp:attachment":[{"href":"https:\/\/987aldia.com\/web\/wp-json\/wp\/v2\/media?parent=1721"}],"wp:term":[{"taxonomy":"category","embeddable":true,"href":"https:\/\/987aldia.com\/web\/wp-json\/wp\/v2\/categories?post=1721"},{"taxonomy":"post_tag","embeddable":true,"href":"https:\/\/987aldia.com\/web\/wp-json\/wp\/v2\/tags?post=1721"}],"curies":[{"name":"wp","href":"https:\/\/api.w.org\/{rel}","templated":true}]}}