{"id":1724,"date":"2023-06-27T09:00:00","date_gmt":"2023-06-27T09:00:00","guid":{"rendered":"https:\/\/987aldia.com\/web\/?p=1724"},"modified":"2023-06-16T07:56:13","modified_gmt":"2023-06-16T07:56:13","slug":"la-junta-instalara-placas-solares-para-suministrar-energia-al-edificio-de-servicios-de-la-laguna-negra","status":"publish","type":"post","link":"https:\/\/987aldia.com\/web\/la-junta-instalara-placas-solares-para-suministrar-energia-al-edificio-de-servicios-de-la-laguna-negra\/","title":{"rendered":"La Junta instalar\u00e1 placas solares para suministrar energ\u00eda al edificio de servicios de la Laguna Negra"},"content":{"rendered":"\n<h2 class=\"wp-block-heading\"><strong>La instalaci\u00f3n fotovoltaica, a la que se destinar\u00e1n 155.000 euros, se ubicar\u00e1 en una marquesina de acero en el aparcamiento del Paso de La Serr\u00e1.<\/strong><\/h2>\n\n\n\n<p>La Junta de Castilla y Le\u00f3n, a trav\u00e9s de la Fundaci\u00f3n del Patrimonio Natural de Castilla y Le\u00f3n, instalar\u00e1 placas fotovoltaicas de autoconsumo para suministrar energ\u00eda sostenible y respetuosa con el medio&nbsp;ambiente al edificio de servicios del aparcamiento de la Laguna Negra, en el t\u00e9rmino municipal de Vinuesa.<\/p>\n\n\n\n<p>El presupuesto para esta actuaci\u00f3n, con un plazo de ejecuci\u00f3n de cinco meses, es de 154.792,54 euros (impuestos incluidos), que ser\u00e1n financiados con fondos REACT-EU. El proceso de licitaci\u00f3n se encuentra abierto, y el plazo para presentar ofertas concluir\u00e1 el 11 de julio a las 14.00 horas.<\/p>\n\n\n\n<p>El edificio de servicios del Paso de La Serr\u00e1, situado en el Parque Natural de la Laguna Negra y Circos Glaciares de Urbi\u00f3n, destinado a uso hostelero y al turismo rural, dispone de un sistema el\u00e9ctricamente aislado abastecido por un generador di\u00e9sel. La nueva instalaci\u00f3n fotovoltaica de autoconsumo aislada de 31,850 kWp de solar y 76,8 kWh de almacenamiento, que se ubicar\u00e1 sobre una marquesina en el aparcamiento anejo, permitir\u00e1 mejorar el suministro el\u00e9ctrico del inmueble gracias a fuentes de energ\u00eda renovables.<\/p>\n\n\n\n<p>La futura instalaci\u00f3n incluir\u00e1 elementos como una estructura de soporte, paneles fotovoltaicos, inversores de corriente e inversores de cargadores, bater\u00edas y cuadros de protecci\u00f3n. Los inversores\/cargadorees son los componentes principales, puesto que permiten gestionar los flujos de energ\u00eda del conjunto, controlando los consumos y la producci\u00f3n del inversor de red, la carga y descarga de bater\u00edas y el arranque del generador di\u00e9sel.<\/p>\n\n\n\n<p>El inversor de red y el regulador previstos en el proyecto reciben la energ\u00eda del conjunto de paneles fotovoltaicos, y los inversores\/cargadores gestionan el conjunto de forma que la producci\u00f3n fotovoltaica, la carga y la descarga de bater\u00edas maximicen el autoconsumo solar y no haya ca\u00eddas de suministro. De acuerdo a las simulaciones para esa ubicaci\u00f3n, la producci\u00f3n estimada de una planta fotovoltaica de 31,85 kWp es de 49,97 kWh.<\/p>\n\n\n\n<p>El campo solar total estar\u00e1 formado por 70 paneles nuevos de potencia pico 455 Wp, lo que resulta una potencia total pico de 31,85 kWp, de los que 2,73 kWp ir\u00e1n al regulador en continua y 29,12 al inversor de red. Todos los paneles se ubicar\u00e1n en la marquesina de nueva ejecuci\u00f3n, de forma coplanar, para garantizar la estabilidad estructural del soporte y no causar un impacto visual desagradable.<\/p>\n\n\n\n<p>Esta marquesina estar\u00e1 construida en acero laminado y correas de acero galvanizado, y se dispondr\u00e1 en el aparcamiento del edificio de servicios con una inclinaci\u00f3n de 10\u00ba. Para la sujeci\u00f3n de los paneles se emplear\u00e1 una estructura compuesta por un sistema modular de ra\u00edles que permita el ajuste longitudinal y transversal y que se conecten entre s\u00ed para crear una estructura s\u00f3lida.<\/p>\n\n\n\n<p>Los componentes de la estructura son ra\u00edles de aluminio anodizado, grapas de sujeci\u00f3n de las placas del mismo material y fijaciones para anclar los ra\u00edles a cubierta. La torniller\u00eda del a cubierta es de acero inoxidable. La fijaci\u00f3n de la estructura solar a la marquesina se realizar\u00e1 atornillada a las correas para garantizar la sujeci\u00f3n del tornillo de anclaje.<\/p>\n\n\n\n<p>Con la finalidad de albergar los equipos de protecci\u00f3n de la instalaci\u00f3n fotovoltaica de corriente alterna y los inversores, el proyecto tambi\u00e9n prev\u00e9 la reforma de un edificio auxiliar.<\/p>\n","protected":false},"excerpt":{"rendered":"<p>La instalaci\u00f3n fotovoltaica, a la que se destinar\u00e1n 155.000 euros, se ubicar\u00e1 en una marquesina de acero en el aparcamiento del Paso de La Serr\u00e1. La Junta de Castilla y Le\u00f3n, a trav\u00e9s de la Fundaci\u00f3n del Patrimonio Natural de Castilla y Le\u00f3n, instalar\u00e1 placas fotovoltaicas de autoconsumo para suministrar energ\u00eda sostenible y respetuosa con [&hellip;]<\/p>\n","protected":false},"author":1,"featured_media":1725,"comment_status":"open","ping_status":"closed","sticky":false,"template":"","format":"standard","meta":{"_monsterinsights_skip_tracking":false,"_monsterinsights_sitenote_active":false,"_monsterinsights_sitenote_note":"","_monsterinsights_sitenote_category":0,"site-container-style":"default","site-container-layout":"default","site-sidebar-layout":"default","disable-article-header":"default","disable-site-header":"default","disable-site-footer":"default","disable-content-area-spacing":"default","_jetpack_memberships_contains_paid_content":false,"footnotes":"","jetpack_publicize_message":"","jetpack_publicize_feature_enabled":true,"jetpack_social_post_already_shared":false,"jetpack_social_options":{"image_generator_settings":{"template":"highway","default_image_id":0,"font":"","enabled":false},"version":2}},"categories":[10],"tags":[],"class_list":["post-1724","post","type-post","status-publish","format-standard","has-post-thumbnail","hentry","category-castilla-y-leon"],"jetpack_publicize_connections":[],"jetpack_featured_media_url":"https:\/\/987aldia.com\/web\/wp-content\/uploads\/2023\/06\/moritz-kindler-mRBywMReXH8-unsplash.jpg","jetpack_sharing_enabled":true,"_links":{"self":[{"href":"https:\/\/987aldia.com\/web\/wp-json\/wp\/v2\/posts\/1724","targetHints":{"allow":["GET"]}}],"collection":[{"href":"https:\/\/987aldia.com\/web\/wp-json\/wp\/v2\/posts"}],"about":[{"href":"https:\/\/987aldia.com\/web\/wp-json\/wp\/v2\/types\/post"}],"author":[{"embeddable":true,"href":"https:\/\/987aldia.com\/web\/wp-json\/wp\/v2\/users\/1"}],"replies":[{"embeddable":true,"href":"https:\/\/987aldia.com\/web\/wp-json\/wp\/v2\/comments?post=1724"}],"version-history":[{"count":1,"href":"https:\/\/987aldia.com\/web\/wp-json\/wp\/v2\/posts\/1724\/revisions"}],"predecessor-version":[{"id":1726,"href":"https:\/\/987aldia.com\/web\/wp-json\/wp\/v2\/posts\/1724\/revisions\/1726"}],"wp:featuredmedia":[{"embeddable":true,"href":"https:\/\/987aldia.com\/web\/wp-json\/wp\/v2\/media\/1725"}],"wp:attachment":[{"href":"https:\/\/987aldia.com\/web\/wp-json\/wp\/v2\/media?parent=1724"}],"wp:term":[{"taxonomy":"category","embeddable":true,"href":"https:\/\/987aldia.com\/web\/wp-json\/wp\/v2\/categories?post=1724"},{"taxonomy":"post_tag","embeddable":true,"href":"https:\/\/987aldia.com\/web\/wp-json\/wp\/v2\/tags?post=1724"}],"curies":[{"name":"wp","href":"https:\/\/api.w.org\/{rel}","templated":true}]}}