{"id":1739,"date":"2023-06-16T08:31:37","date_gmt":"2023-06-16T08:31:37","guid":{"rendered":"https:\/\/987aldia.com\/web\/?p=1739"},"modified":"2023-06-16T08:31:38","modified_gmt":"2023-06-16T08:31:38","slug":"un-centenar-de-especialistas-de-sacyl-debaten-las-ultimas-novedades-para-la-mejora-del-codigo-ictus-en-castilla-y-leon","status":"publish","type":"post","link":"https:\/\/987aldia.com\/web\/un-centenar-de-especialistas-de-sacyl-debaten-las-ultimas-novedades-para-la-mejora-del-codigo-ictus-en-castilla-y-leon\/","title":{"rendered":"Un centenar de especialistas de Sacyl debaten las \u00faltimas novedades para la mejora del c\u00f3digo ictus en Castilla y Le\u00f3n"},"content":{"rendered":"\n<h2 class=\"wp-block-heading\"><strong>Un centenar de especialistas procedentes de hospitales, Atenci\u00f3n Primaria y Emergencias Sanitarias de Sacyl debaten hoy en Valladolid sobre las \u00faltimas novedades relacionadas con el procedimiento de actuaci\u00f3n e intervenci\u00f3n coordinado para la atenci\u00f3n del paciente con c\u00f3digo ictus en Castilla y Le\u00f3n, tanto en la fase de atenci\u00f3n urgente hiperaguda como en la asistencia hospitalaria. Se trata de un congreso organizado por la Sociedad de Neurolog\u00eda Castilla y Le\u00f3n y la Iniciativa ANGELS, dedicada en todo el mundo a mejorar las posibilidades de supervivencia de los pacientes que han sufrido un ictus y ayudarles a que vivan sin discapacidad.<\/strong><\/h2>\n\n\n\n<p>El congreso ha sido inaugurado por el viceconsejero de Asistencia Sanitaria, Planificaci\u00f3n y Resultados en Salud, Jes\u00fas Garc\u00eda-Cruces, que ha destacado que el ictus es un problema sociosanitario de gran envergadura, con casi 4.000 casos al a\u00f1o en la Comunidad, ya que las enfermedades cerebrovasculares son la segunda causa de muerte en Castilla y Le\u00f3n, por detr\u00e1s de los tumores. \u201cSe trata de asegurarnos de que nuestra Comunidad tenga la cobertura geogr\u00e1fica adecuada, de manera que todos los pacientes con ictus accedan al mismo nivel de atenci\u00f3n est\u00e9n donde est\u00e9n\u201d.<\/p>\n\n\n\n<p>El doctor Juan Francisco Arenillas, coordinador cl\u00ednico regional del C\u00f3digo Ictus y jefe del Servicio de Neurolog\u00eda del Hospital Cl\u00ednico Universitario de Valladolid, ha abierto la jornada se\u00f1alando que \u201csomos conscientes del concepto \u00abtiempo-dependiente\u00bb que supone esta emergencia m\u00e9dica, de las distancias existentes en Castilla y Le\u00f3n y la dispersi\u00f3n de su poblaci\u00f3n, por eso el objetivo del C\u00f3digo Ictus puesto en marcha por Sacyl es la reducci\u00f3n del tiempo de acceso a las medidas y tratamientos con eficacia demostrada, a trav\u00e9s de un sistema centrado en el paciente, coordinando los recursos existentes en la Comunidad.<\/p>\n\n\n\n<p>\u201cEstamos trabajando -ha explicado- en construir y desarrollar una red de trabajo regional eficiente de referencia, en la que los centros primarios integrales y los servicios de emergencias de Sacyl trabajen juntos para proporcionar a los pacientes el mejor nivel asistencial\u201d.<\/p>\n\n\n\n<p><strong>Trabajo coordinado<\/strong><\/p>\n\n\n\n<p>El ictus es un proceso multidisciplinar en el que profesionales de distintos \u00e1mbitos y niveles asistenciales trabajan de manera coordinada y son igualmente importantes: atenci\u00f3n primaria, emergencias sanitarias, urgencias hospitalarias, laboratorios, enfermer\u00eda, celadores, radiolog\u00eda, neurorradiolog\u00eda, Neurocirug\u00eda, medicina intensiva o anestesiolog\u00eda, entre otros.<\/p>\n\n\n\n<p>A tal efecto, se ha redactado un procedimiento de actuaci\u00f3n e intervenci\u00f3n coordinado entre los profesionales que intervienen en todos los eslabones de la cadena de atenci\u00f3n y cuidado del paciente C\u00f3digo Ictus en su fase hiperaguda, con el fin de tratar de mantener la m\u00e1xima viabilidad de tejido cerebral rescatable hasta su llegada al medio hospitalario, donde tendr\u00e1 lugar la aplicaci\u00f3n de las medidas y tratamientos oportunos.<\/p>\n\n\n\n<p>La Iniciativa ANGELS pretende aumentar el n\u00famero de pacientes que reciben tratamiento en hospitales con capacidad para tratar el ictus y optimizar la calidad de esa asistencia en todos los centros existentes. Por ello, se ha creado una comunidad global de centros de ictus y hospitales con capacidades para tratar esta patolog\u00eda, que trabajan con el objetivo de mejorar la calidad del tratamiento.<\/p>\n\n\n\n<p>ANGELS es una iniciativa de la European Stroke Organization (ESO) cuya misi\u00f3n es la disminuci\u00f3n de la carga por ictus en Europa. As\u00ed, tiene como objetivo mejorar la atenci\u00f3n de los pacientes con ictus, a trav\u00e9s de una formaci\u00f3n espec\u00edfica dirigida a todos los profesionales de la salud que intervienen en la cadena de asistencia a los pacientes con ictus y la educaci\u00f3n de la poblaci\u00f3n en general.<\/p>\n","protected":false},"excerpt":{"rendered":"<p>Un centenar de especialistas procedentes de hospitales, Atenci\u00f3n Primaria y Emergencias Sanitarias de Sacyl debaten hoy en Valladolid sobre las \u00faltimas novedades relacionadas con el procedimiento de actuaci\u00f3n e intervenci\u00f3n coordinado para la atenci\u00f3n del paciente con c\u00f3digo ictus en Castilla y Le\u00f3n, tanto en la fase de atenci\u00f3n urgente hiperaguda como en la asistencia [&hellip;]<\/p>\n","protected":false},"author":1,"featured_media":1740,"comment_status":"open","ping_status":"closed","sticky":false,"template":"","format":"standard","meta":{"_monsterinsights_skip_tracking":false,"_monsterinsights_sitenote_active":false,"_monsterinsights_sitenote_note":"","_monsterinsights_sitenote_category":0,"site-container-style":"default","site-container-layout":"default","site-sidebar-layout":"default","disable-article-header":"default","disable-site-header":"default","disable-site-footer":"default","disable-content-area-spacing":"default","_jetpack_memberships_contains_paid_content":false,"footnotes":"","jetpack_publicize_message":"","jetpack_publicize_feature_enabled":true,"jetpack_social_post_already_shared":false,"jetpack_social_options":{"image_generator_settings":{"template":"highway","default_image_id":0,"font":"","enabled":false},"version":2}},"categories":[10],"tags":[],"class_list":["post-1739","post","type-post","status-publish","format-standard","has-post-thumbnail","hentry","category-castilla-y-leon"],"jetpack_publicize_connections":[],"jetpack_featured_media_url":"https:\/\/987aldia.com\/web\/wp-content\/uploads\/2023\/06\/enfermera-sosteniendo-manos-hombre-mayor-simpatia.jpg","jetpack_sharing_enabled":true,"_links":{"self":[{"href":"https:\/\/987aldia.com\/web\/wp-json\/wp\/v2\/posts\/1739","targetHints":{"allow":["GET"]}}],"collection":[{"href":"https:\/\/987aldia.com\/web\/wp-json\/wp\/v2\/posts"}],"about":[{"href":"https:\/\/987aldia.com\/web\/wp-json\/wp\/v2\/types\/post"}],"author":[{"embeddable":true,"href":"https:\/\/987aldia.com\/web\/wp-json\/wp\/v2\/users\/1"}],"replies":[{"embeddable":true,"href":"https:\/\/987aldia.com\/web\/wp-json\/wp\/v2\/comments?post=1739"}],"version-history":[{"count":1,"href":"https:\/\/987aldia.com\/web\/wp-json\/wp\/v2\/posts\/1739\/revisions"}],"predecessor-version":[{"id":1741,"href":"https:\/\/987aldia.com\/web\/wp-json\/wp\/v2\/posts\/1739\/revisions\/1741"}],"wp:featuredmedia":[{"embeddable":true,"href":"https:\/\/987aldia.com\/web\/wp-json\/wp\/v2\/media\/1740"}],"wp:attachment":[{"href":"https:\/\/987aldia.com\/web\/wp-json\/wp\/v2\/media?parent=1739"}],"wp:term":[{"taxonomy":"category","embeddable":true,"href":"https:\/\/987aldia.com\/web\/wp-json\/wp\/v2\/categories?post=1739"},{"taxonomy":"post_tag","embeddable":true,"href":"https:\/\/987aldia.com\/web\/wp-json\/wp\/v2\/tags?post=1739"}],"curies":[{"name":"wp","href":"https:\/\/api.w.org\/{rel}","templated":true}]}}