{"id":1742,"date":"2023-06-28T11:59:00","date_gmt":"2023-06-28T11:59:00","guid":{"rendered":"https:\/\/987aldia.com\/web\/?p=1742"},"modified":"2023-06-16T08:36:01","modified_gmt":"2023-06-16T08:36:01","slug":"san-andres-continua-con-la-promocion-del-comercio-local","status":"publish","type":"post","link":"https:\/\/987aldia.com\/web\/san-andres-continua-con-la-promocion-del-comercio-local\/","title":{"rendered":"San Andr\u00e9s contin\u00faa con la promoci\u00f3n del comercio local"},"content":{"rendered":"\n<h2 class=\"wp-block-heading\">La nueva campa\u00f1a de concienciaci\u00f3n y difusi\u00f3n de los negocios de cercan\u00eda pretende poner en valor los establecimientos del municipio.<\/h2>\n\n\n\n<p>El Ayuntamiento de San Andr\u00e9s del Rabanedo ha comenzado una nueva campa\u00f1a promocional de apoyo al comercio de proximidad para fomentar el consumo local, continuando as\u00ed con la pol\u00edtica iniciada durante este mandato por la Concejal\u00eda de Desarrollo Econ\u00f3mico y Empleo, encabezada por la edil Mar\u00eda Aurora Fl\u00f3rez, y cofinanciada por la Consejer\u00eda de Industria, Comercio y Empleo de la Junta de Castilla y Le\u00f3n.<\/p>\n\n\n\n<p>Esta actuaci\u00f3n es una de las medidas de apoyo al sector del comercio fruto de la colaboraci\u00f3n entre administraciones p\u00fablicas y que da continuidad a las desarrolladas en 2020, 2021 y 2022.&nbsp; La campa\u00f1a transmite el mensaje \u2018Comprando en tu barrio, apoyas al comercio local\u2019, a la vez que muestra la direcci\u00f3n de la plataforma online www.comercioaytosanandres.es, que incluye establecimientos comerciales del municipio.<\/p>\n\n\n\n<p>En la campa\u00f1a se ha dise\u00f1ado publicidad para su exposici\u00f3n en vallas publicitarias de 8&#215;3 metros en distintos puntos del municipio, as\u00ed como para su exposici\u00f3n en autobuses urbanos e interurbanos cuyas rutas discurren por la localidad. Adem\u00e1s, se han adquirido 10.000 bolsas para que puedan ser repartidas en los establecimientos de todo San Andr\u00e9s del Rabanedo, as\u00ed como la difusi\u00f3n de 2.500 gu\u00edas en estos locales para conocer tanto la plataforma online como los negocios que est\u00e1n incluidos en ella.<\/p>\n\n\n\n<p>Una de las novedades de esta campa\u00f1a es que la plataforma \u2018comercioaytosandres.es\u2019 se abre a cualquier tipo de comercio, por lo que todos los negocios interesados se pueden unir a los que ya est\u00e1n incluidos, y donde se detalla toda la informaci\u00f3n necesaria para su ubicaci\u00f3n, horarios y productos o servicios que ofrecen, venta online, promociones u ofertas, as\u00ed como noticias relativas a los establecimientos locales. La participaci\u00f3n en la plataforma es totalmente gratuita y se pueden adherirse a ella los establecimientos interesados poni\u00e9ndose en contacto con el Centro Municipal de Formaci\u00f3n y Promoci\u00f3n de Empleo (CEMFE) en la calle Azor\u00edn, 21, o en el tel\u00e9fono 987 840508, entre 9 y 14 horas de lunes a viernes.<\/p>\n\n\n\n<figure class=\"wp-block-image size-large\"><img fetchpriority=\"high\" decoding=\"async\" width=\"1024\" height=\"1024\" src=\"https:\/\/987aldia.com\/web\/wp-content\/uploads\/2023\/06\/Comercio-1024x1024.jpg\" alt=\"\" class=\"wp-image-1743\" srcset=\"https:\/\/987aldia.com\/web\/wp-content\/uploads\/2023\/06\/Comercio-1024x1024.jpg 1024w, https:\/\/987aldia.com\/web\/wp-content\/uploads\/2023\/06\/Comercio-300x300.jpg 300w, https:\/\/987aldia.com\/web\/wp-content\/uploads\/2023\/06\/Comercio-150x150.jpg 150w, https:\/\/987aldia.com\/web\/wp-content\/uploads\/2023\/06\/Comercio-768x768.jpg 768w, https:\/\/987aldia.com\/web\/wp-content\/uploads\/2023\/06\/Comercio-1536x1536.jpg 1536w, https:\/\/987aldia.com\/web\/wp-content\/uploads\/2023\/06\/Comercio-2048x2048.jpg 2048w\" sizes=\"(max-width: 1024px) 100vw, 1024px\" \/><\/figure>\n","protected":false},"excerpt":{"rendered":"<p>La nueva campa\u00f1a de concienciaci\u00f3n y difusi\u00f3n de los negocios de cercan\u00eda pretende poner en valor los establecimientos del municipio. El Ayuntamiento de San Andr\u00e9s del Rabanedo ha comenzado una nueva campa\u00f1a promocional de apoyo al comercio de proximidad para fomentar el consumo local, continuando as\u00ed con la pol\u00edtica iniciada durante este mandato por la [&hellip;]<\/p>\n","protected":false},"author":1,"featured_media":1744,"comment_status":"open","ping_status":"closed","sticky":false,"template":"","format":"standard","meta":{"_monsterinsights_skip_tracking":false,"_monsterinsights_sitenote_active":false,"_monsterinsights_sitenote_note":"","_monsterinsights_sitenote_category":0,"site-container-style":"default","site-container-layout":"default","site-sidebar-layout":"default","disable-article-header":"default","disable-site-header":"default","disable-site-footer":"default","disable-content-area-spacing":"default","_jetpack_memberships_contains_paid_content":false,"footnotes":"","jetpack_publicize_message":"","jetpack_publicize_feature_enabled":true,"jetpack_social_post_already_shared":false,"jetpack_social_options":{"image_generator_settings":{"template":"highway","default_image_id":0,"font":"","enabled":false},"version":2}},"categories":[10],"tags":[],"class_list":["post-1742","post","type-post","status-publish","format-standard","has-post-thumbnail","hentry","category-castilla-y-leon"],"jetpack_publicize_connections":[],"jetpack_featured_media_url":"https:\/\/987aldia.com\/web\/wp-content\/uploads\/2023\/06\/Vallas-comercio.jpg","jetpack_sharing_enabled":true,"_links":{"self":[{"href":"https:\/\/987aldia.com\/web\/wp-json\/wp\/v2\/posts\/1742","targetHints":{"allow":["GET"]}}],"collection":[{"href":"https:\/\/987aldia.com\/web\/wp-json\/wp\/v2\/posts"}],"about":[{"href":"https:\/\/987aldia.com\/web\/wp-json\/wp\/v2\/types\/post"}],"author":[{"embeddable":true,"href":"https:\/\/987aldia.com\/web\/wp-json\/wp\/v2\/users\/1"}],"replies":[{"embeddable":true,"href":"https:\/\/987aldia.com\/web\/wp-json\/wp\/v2\/comments?post=1742"}],"version-history":[{"count":1,"href":"https:\/\/987aldia.com\/web\/wp-json\/wp\/v2\/posts\/1742\/revisions"}],"predecessor-version":[{"id":1745,"href":"https:\/\/987aldia.com\/web\/wp-json\/wp\/v2\/posts\/1742\/revisions\/1745"}],"wp:featuredmedia":[{"embeddable":true,"href":"https:\/\/987aldia.com\/web\/wp-json\/wp\/v2\/media\/1744"}],"wp:attachment":[{"href":"https:\/\/987aldia.com\/web\/wp-json\/wp\/v2\/media?parent=1742"}],"wp:term":[{"taxonomy":"category","embeddable":true,"href":"https:\/\/987aldia.com\/web\/wp-json\/wp\/v2\/categories?post=1742"},{"taxonomy":"post_tag","embeddable":true,"href":"https:\/\/987aldia.com\/web\/wp-json\/wp\/v2\/tags?post=1742"}],"curies":[{"name":"wp","href":"https:\/\/api.w.org\/{rel}","templated":true}]}}