{"id":1750,"date":"2023-06-28T18:00:00","date_gmt":"2023-06-28T18:00:00","guid":{"rendered":"https:\/\/987aldia.com\/web\/?p=1750"},"modified":"2023-06-16T13:16:33","modified_gmt":"2023-06-16T13:16:33","slug":"la-consejeria-de-industria-comercio-y-empleo-convoca-cuatro-programas-de-formacion-por-un-importe-de-703-millones-de-euros","status":"publish","type":"post","link":"https:\/\/987aldia.com\/web\/la-consejeria-de-industria-comercio-y-empleo-convoca-cuatro-programas-de-formacion-por-un-importe-de-703-millones-de-euros\/","title":{"rendered":"La Consejer\u00eda de Industria, Comercio y Empleo convoca cuatro programas de formaci\u00f3n por un importe de 70,3 millones de euros"},"content":{"rendered":"\n<ul class=\"wp-block-list\">\n<li>El consejero de Industria, Comercio y Empleo ha asegurado que \u00abtodos los recursos que ten\u00edan encomendados, en exclusiva, los agentes sociales y econ\u00f3micos van a estar desarrollados de una forma m\u00e1s eficaz y profesionalizada por entidades de formaci\u00f3n\u201d<\/li>\n\n\n\n<li>El objetivo de estos programas es fomentar la cualificaci\u00f3n en sectores con mayor demanda de mano de obra como la construcci\u00f3n, la hosteler\u00eda o la industria<\/li>\n\n\n\n<li>Se formar\u00e1 a m\u00e1s de 45.000 trabajadores a trav\u00e9s de 3.000 cursos y m\u00e1s de 6.800 itinerarios integrados<\/li>\n<\/ul>\n\n\n\n<p>La Consejer\u00eda de Industria, Comercio y Empleo, a trav\u00e9s del Servicio P\u00fablico de Empleo, publica hoy en el Bolet\u00edn Oficial de Castilla y Le\u00f3n cuatro convocatorias en materia de formaci\u00f3n para mejorar la empleabilidad y las competencias formativas de los castellanos y leoneses, que suponen una inversi\u00f3n de m\u00e1s de 70 millones de euros y que pretenden dar cobertura formativa a trabajadores desempleados y ocupados durante parte de 2023 y 2024.<\/p>\n\n\n\n<p>El consejero de Industria, Comercio y Empleo, Mariano Veganzones, se comprometi\u00f3 a \u201caplicar las pol\u00edticas p\u00fablicas con la m\u00e1xima eficacia y eficiencia\u201d para que repercutan directamente en beneficio de los ciudadanos, desarrollando las convocatorias \u201cpara que sean m\u00e1s eficaces y profesionalizadas\u201d.<\/p>\n\n\n\n<p>Estos programas van dirigidos a trabajadores ocupados, con el objetivo de contribuir a aumentar sus competencias y mantener sus conocimientos actualizados, y a trabajadores desempleados, con el fin de incrementar su empleabilidad mejorando sus cualificaciones profesionales y su capacidad de inserci\u00f3n.<\/p>\n\n\n\n<p>Cabe destacar que con estos programas se busca contribuir a garantizar la igualdad de oportunidades y luchar contra la despoblaci\u00f3n, prestando especial atenci\u00f3n en el acceso a la formaci\u00f3n de los trabajadores residentes en el medio rural de Castilla y Le\u00f3n.&nbsp;<\/p>\n\n\n\n<p><strong>Formaciones transversales para trabajadores ocupados<\/strong><\/p>\n\n\n\n<p>La Consejer\u00eda de Industria, Comercio y Empleo ha asignado un cr\u00e9dito de 10.350.000 euros para impartir m\u00e1s de 1.400 acciones formativas con una participaci\u00f3n de m\u00e1s de 21.000 trabajadores.<\/p>\n\n\n\n<p>Es importante destacar la ampliaci\u00f3n del objeto de esta convocatoria, que pasa a estar integrado por un total de 56 programas de formaci\u00f3n: 20 programas de formaci\u00f3n transversales, compuestos por acciones formativas dirigidas a anticipar las necesidades de cualificaci\u00f3n del sistema productivo; y 36 programas orientados al desarrollo de los sectores m\u00e1s innovadores y con mejores perspectivas de empleo, atendiendo a las necesidades formativas de la poblaci\u00f3n ocupada en cada provincia.<\/p>\n\n\n\n<p><strong>Formaci\u00f3n para ocupados en competencias digitales<\/strong><\/p>\n\n\n\n<p>El departamento que dirige Veganzones ha destinado 4 millones de euros para que los trabajadores ocupados aumenten sus competencias adquiriendo formaci\u00f3n relacionada con los cambios tecnol\u00f3gicos y la transformaci\u00f3n digital, con m\u00e1s de 500 acciones formativas que llegar\u00e1n a m\u00e1s de 6.000 trabajadores.<\/p>\n\n\n\n<p><strong>Formaci\u00f3n para desempleados<\/strong><\/p>\n\n\n\n<p>Desde la Consejer\u00eda de Industria, Comercio y Empleo se ha dotado al programa destinado a la formaci\u00f3n para desempleados con un presupuesto de 39.990.745 euros para impartir un m\u00e1ximo de 1.065 cursos a 11.000 alumnos en situaci\u00f3n de desempleo. Esta partida se ampliar\u00e1 en funci\u00f3n de los recursos resultantes de las liquidaciones pendientes de la programaci\u00f3n anterior.<\/p>\n\n\n\n<p>Para asegurar la efectividad del programa, los cursos se han definido teniendo en cuenta la demanda formativa de los sectores productivos, las tasas de inserci\u00f3n, las perspectivas de empleo, las ocupaciones m\u00e1s contratadas y las ocupaciones m\u00e1s ofertadas.<\/p>\n\n\n\n<p><strong>Orientaci\u00f3n, formaci\u00f3n e inserci\u00f3n<\/strong><\/p>\n\n\n\n<p>La Consejer\u00eda incrementa hasta los 16 millones de euros el programa OFI, para orientar y cualificar a m\u00e1s de 6.800 trabajadores desempleados, a trav\u00e9s de entidades especializadas en formaci\u00f3n que asumen un compromiso obligatorio m\u00ednimo de inserci\u00f3n en el mercado de trabajo de un 15 %. El Servicio P\u00fablico de Empleo de Castilla y Le\u00f3n ha anulado la anterior convocatoria del ejercicio 2022 para aumentar el presupuesto de 11 a 16 millones de euros, aprovechando para ello la inversi\u00f3n procedente del Fondo Social Europeo.<\/p>\n\n\n\n<p>Este programa se ha convertido en una actuaci\u00f3n clave, puesto que, por un lado, constituye un elemento facilitador de las transiciones al empleo, de especial relevancia en la atenci\u00f3n a los colectivos vulnerables, y, por otro, refuerza las acciones del ECYL sobre detecci\u00f3n de necesidades formativas, prospecci\u00f3n de necesidades profesionales cualificados y oportunidades de inserci\u00f3n en las empresas.<\/p>\n\n\n\n<p><strong>M\u00e1s informaci\u00f3n<\/strong><\/p>\n\n\n\n<p>Con el objetivo de resolver dudas y explicar las novedades de cada programa, el pr\u00f3ximo martes, 20 de junio, a las 10 de la ma\u00f1ana, se va a realizar una webinar presentada por el consejero de Industria, Comercio y Empleo.<\/p>\n\n\n\n<p>Las entidades de formaci\u00f3n interesadas podr\u00e1n conectarse a trav\u00e9s del siguiente link: <a href=\"https:\/\/events.teams.microsoft.com\/event\/b7f7221f-6fb4-480e-bb93-cd54469c278c@8728ab11-fbe3-4e6f-a151-caa8a081d51a\">Webinar convocatorias formaci\u00f3n<\/a><\/p>\n","protected":false},"excerpt":{"rendered":"<p>La Consejer\u00eda de Industria, Comercio y Empleo, a trav\u00e9s del Servicio P\u00fablico de Empleo, publica hoy en el Bolet\u00edn Oficial de Castilla y Le\u00f3n cuatro convocatorias en materia de formaci\u00f3n para mejorar la empleabilidad y las competencias formativas de los castellanos y leoneses, que suponen una inversi\u00f3n de m\u00e1s de 70 millones de euros y [&hellip;]<\/p>\n","protected":false},"author":1,"featured_media":1751,"comment_status":"open","ping_status":"closed","sticky":false,"template":"","format":"standard","meta":{"_monsterinsights_skip_tracking":false,"_monsterinsights_sitenote_active":false,"_monsterinsights_sitenote_note":"","_monsterinsights_sitenote_category":0,"site-container-style":"default","site-container-layout":"default","site-sidebar-layout":"default","disable-article-header":"default","disable-site-header":"default","disable-site-footer":"default","disable-content-area-spacing":"default","_jetpack_memberships_contains_paid_content":false,"footnotes":"","jetpack_publicize_message":"","jetpack_publicize_feature_enabled":true,"jetpack_social_post_already_shared":false,"jetpack_social_options":{"image_generator_settings":{"template":"highway","default_image_id":0,"font":"","enabled":false},"version":2}},"categories":[10],"tags":[],"class_list":["post-1750","post","type-post","status-publish","format-standard","has-post-thumbnail","hentry","category-castilla-y-leon"],"jetpack_publicize_connections":[],"jetpack_featured_media_url":"https:\/\/987aldia.com\/web\/wp-content\/uploads\/2023\/06\/Sin-titulo-1-1.jpg","jetpack_sharing_enabled":true,"_links":{"self":[{"href":"https:\/\/987aldia.com\/web\/wp-json\/wp\/v2\/posts\/1750","targetHints":{"allow":["GET"]}}],"collection":[{"href":"https:\/\/987aldia.com\/web\/wp-json\/wp\/v2\/posts"}],"about":[{"href":"https:\/\/987aldia.com\/web\/wp-json\/wp\/v2\/types\/post"}],"author":[{"embeddable":true,"href":"https:\/\/987aldia.com\/web\/wp-json\/wp\/v2\/users\/1"}],"replies":[{"embeddable":true,"href":"https:\/\/987aldia.com\/web\/wp-json\/wp\/v2\/comments?post=1750"}],"version-history":[{"count":1,"href":"https:\/\/987aldia.com\/web\/wp-json\/wp\/v2\/posts\/1750\/revisions"}],"predecessor-version":[{"id":1752,"href":"https:\/\/987aldia.com\/web\/wp-json\/wp\/v2\/posts\/1750\/revisions\/1752"}],"wp:featuredmedia":[{"embeddable":true,"href":"https:\/\/987aldia.com\/web\/wp-json\/wp\/v2\/media\/1751"}],"wp:attachment":[{"href":"https:\/\/987aldia.com\/web\/wp-json\/wp\/v2\/media?parent=1750"}],"wp:term":[{"taxonomy":"category","embeddable":true,"href":"https:\/\/987aldia.com\/web\/wp-json\/wp\/v2\/categories?post=1750"},{"taxonomy":"post_tag","embeddable":true,"href":"https:\/\/987aldia.com\/web\/wp-json\/wp\/v2\/tags?post=1750"}],"curies":[{"name":"wp","href":"https:\/\/api.w.org\/{rel}","templated":true}]}}