{"id":1753,"date":"2023-06-29T09:00:00","date_gmt":"2023-06-29T09:00:00","guid":{"rendered":"https:\/\/987aldia.com\/web\/?p=1753"},"modified":"2023-06-16T13:19:07","modified_gmt":"2023-06-16T13:19:07","slug":"concluyen-las-actividades-de-educacion-forestal-en-el-amogable-para-grupos-de-escolares-de-la-provincia","status":"publish","type":"post","link":"https:\/\/987aldia.com\/web\/concluyen-las-actividades-de-educacion-forestal-en-el-amogable-para-grupos-de-escolares-de-la-provincia\/","title":{"rendered":"Concluyen las actividades de educaci\u00f3n forestal en el Amogable para grupos de escolares de la provincia"},"content":{"rendered":"\n<h2 class=\"wp-block-heading\"><strong>M\u00e1s de 170 escolares de la provincia han participado en estas actividades cuyo objetivo es educar sobre la gesti\u00f3n forestal sostenible y el medio natural de la comarca de Pinares.<\/strong><\/h2>\n\n\n\n<p>Escolares de distintos centros educativos de la provincia de Soria han participado a lo largo de los meses de mayo y junio en una actividad de educaci\u00f3n forestal en el aula del bosque del Amogable organizada por el Servicio Territorial de Medio Ambiente de la Delegaci\u00f3n Territorial de la Junta de Castilla y Le\u00f3n en Soria con apoyo de la Direcci\u00f3n Provincial de Educaci\u00f3n.<\/p>\n\n\n\n<p>Esta actividad se enmarca en el programa de subvenciones de la Consejer\u00eda de Medio Ambiente, Vivienda y Ordenaci\u00f3n del Territorio, que otorg\u00f3 una ayuda a la Diputaci\u00f3n Provincial de Soria por importe de 30.000 euros para financiar la realizaci\u00f3n de programas y acciones de educaci\u00f3n ambiental vinculados a la gesti\u00f3n ambiental.<\/p>\n\n\n\n<p>En total, se han realizado nueve actividades en las que han participado cinco colegios de la capital y la provincia. Ayer tuvo lugar la \u00faltima de estas sesiones, en la que tomaron parte 50 alumnos del CEIP Los Doce Linajes de Soria.<\/p>\n\n\n\n<p>Previamente, se realizaron actividades con 23 estudiantes del Colegio Calasancio de Almaz\u00e1n, el 9 de junio; 27 del CRA Pinares Altos, el 31 de mayo; 37 del CEIP Diego La\u00ednez de Almaz\u00e1n, el 7 de junio; y 40 del CEIP Numancia de Soria, el 24 de mayo y el 1 de junio.<\/p>\n\n\n\n<p>El Aula del Bosque del Amogable se encuentra en el coraz\u00f3n de la Comarca de Pinares, en el monte n\u00ba 172 del CUP de Soria, Pinar Grande, ejemplo de gesti\u00f3n forestal sostenible a nivel regional.<\/p>\n\n\n\n<p>El objetivo general del programa de educaci\u00f3n ambiental Amogable es apoyar a los centros educativos que llevan a cabo programas estables de educaci\u00f3n ambiental y que han establecido o querr\u00edan establecer la sostenibilidad ambiental como eje de su gesti\u00f3n. Todo ello a trav\u00e9s de la realizaci\u00f3n de actividades educativas y l\u00fadicas, tanto con sus alumnos como con su equipo docente, impulsando la sensibilizaci\u00f3n y formaci\u00f3n de los participantes, a fin de que adquieran habilidades, actitudes y capacidades para afrontar los problemas de sostenibilidad actuales y los que van a surgir en el futuro.<\/p>\n\n\n\n<p>Los objetivos espec\u00edficos que se plantean con este programa son: aportar conocimientos sobre gesti\u00f3n forestal sostenible y sobre el Medio Natural de la comarca, y, m\u00e1s concretamente, sobre micolog\u00eda, visitando la Reserva Micol\u00f3gica del Amogable.<\/p>\n\n\n\n<p>La visita al Aula del Bosque del Amogable se realiza dentro del centro o a trav\u00e9s de un paseo interpretativo por la \u2018Senda del Ingeniero\u2019 y la \u2018Reserva Micol\u00f3gica\u2019, e incluye talleres o manualidades para facilitar la comprensi\u00f3n de los escolares del funcionamiento del bosque y su importancia.<\/p>\n\n\n\n<p>La actividad se divide en tres bloques, que de forma muy amena y did\u00e1ctica abordan temas como la situaci\u00f3n y conocimiento del medio natural de la comarca, el conocimiento de los beneficios indirectos y directos que nos ofrece el bosque y de la gesti\u00f3n forestal sostenible que se lleva a cabo en los pinares (cortas y trabajos forestales, control de plagas, trabajos de prevenci\u00f3n de incendios\u2026). Estos contenidos se apoyan con la proyecci\u00f3n de tres audiovisuales: \u2018Los bosques de CyL\u2019, \u2018Viviendo del bosque\u2019 y \u2018El futuro del bosque\u2019.<\/p>\n\n\n\n<p>El recorrido por la \u2018Senda del Ingeniero\u2019 y la \u2018Reserva Micol\u00f3gica\u2019 tiene una distancia de 1.500 metros que discurren alrededor del Aula del Bosque, y permite completar los temas tratados en el centro, adem\u00e1s de abordar la interpretaci\u00f3n del medio natural.<\/p>\n\n\n\n<p>Esto ofrece a los ni\u00f1os la posibilidad de abrazar un \u00e1rbol de m\u00e1s de 500 a\u00f1os, observar la organizaci\u00f3n de un hormiguero, descifrar las marcar pintadas en los pinos, reconocer una seta, oler los aromas del monte, ver c\u00f3mo construyen su nido diferentes aves insect\u00edvoras, contemplar un pie resinado y descubrir muchas otras curiosidades.<\/p>\n\n\n\n<p>La visita se completa con un paseo por la \u2018Reserva Micol\u00f3gica\u2019, cuyas parcelas son regadas en verano para favorecer la producci\u00f3n de hongos. Se trata de una zona acotada donde est\u00e1 prohibida la recolecci\u00f3n de setas con el fin de apreciarlas en todo su ciclo vital y en su estado natural sin presi\u00f3n humana ni ganadera.<\/p>\n","protected":false},"excerpt":{"rendered":"<p>M\u00e1s de 170 escolares de la provincia han participado en estas actividades cuyo objetivo es educar sobre la gesti\u00f3n forestal sostenible y el medio natural de la comarca de Pinares. Escolares de distintos centros educativos de la provincia de Soria han participado a lo largo de los meses de mayo y junio en una actividad [&hellip;]<\/p>\n","protected":false},"author":1,"featured_media":1754,"comment_status":"open","ping_status":"closed","sticky":false,"template":"","format":"standard","meta":{"_monsterinsights_skip_tracking":false,"_monsterinsights_sitenote_active":false,"_monsterinsights_sitenote_note":"","_monsterinsights_sitenote_category":0,"site-container-style":"default","site-container-layout":"default","site-sidebar-layout":"default","disable-article-header":"default","disable-site-header":"default","disable-site-footer":"default","disable-content-area-spacing":"default","_jetpack_memberships_contains_paid_content":false,"footnotes":"","jetpack_publicize_message":"","jetpack_publicize_feature_enabled":true,"jetpack_social_post_already_shared":false,"jetpack_social_options":{"image_generator_settings":{"template":"highway","default_image_id":0,"font":"","enabled":false},"version":2}},"categories":[10],"tags":[],"class_list":["post-1753","post","type-post","status-publish","format-standard","has-post-thumbnail","hentry","category-castilla-y-leon"],"jetpack_publicize_connections":[],"jetpack_featured_media_url":"https:\/\/987aldia.com\/web\/wp-content\/uploads\/2023\/06\/steven-kamenar-MMJx78V7xS8-unsplash.jpg","jetpack_sharing_enabled":true,"_links":{"self":[{"href":"https:\/\/987aldia.com\/web\/wp-json\/wp\/v2\/posts\/1753","targetHints":{"allow":["GET"]}}],"collection":[{"href":"https:\/\/987aldia.com\/web\/wp-json\/wp\/v2\/posts"}],"about":[{"href":"https:\/\/987aldia.com\/web\/wp-json\/wp\/v2\/types\/post"}],"author":[{"embeddable":true,"href":"https:\/\/987aldia.com\/web\/wp-json\/wp\/v2\/users\/1"}],"replies":[{"embeddable":true,"href":"https:\/\/987aldia.com\/web\/wp-json\/wp\/v2\/comments?post=1753"}],"version-history":[{"count":1,"href":"https:\/\/987aldia.com\/web\/wp-json\/wp\/v2\/posts\/1753\/revisions"}],"predecessor-version":[{"id":1755,"href":"https:\/\/987aldia.com\/web\/wp-json\/wp\/v2\/posts\/1753\/revisions\/1755"}],"wp:featuredmedia":[{"embeddable":true,"href":"https:\/\/987aldia.com\/web\/wp-json\/wp\/v2\/media\/1754"}],"wp:attachment":[{"href":"https:\/\/987aldia.com\/web\/wp-json\/wp\/v2\/media?parent=1753"}],"wp:term":[{"taxonomy":"category","embeddable":true,"href":"https:\/\/987aldia.com\/web\/wp-json\/wp\/v2\/categories?post=1753"},{"taxonomy":"post_tag","embeddable":true,"href":"https:\/\/987aldia.com\/web\/wp-json\/wp\/v2\/tags?post=1753"}],"curies":[{"name":"wp","href":"https:\/\/api.w.org\/{rel}","templated":true}]}}