{"id":1756,"date":"2023-06-29T11:59:00","date_gmt":"2023-06-29T11:59:00","guid":{"rendered":"https:\/\/987aldia.com\/web\/?p=1756"},"modified":"2023-06-16T13:21:09","modified_gmt":"2023-06-16T13:21:09","slug":"la-consejeria-de-agricultura-ganaderia-y-desarrollo-rural-licita-las-obras-para-la-implantacion-de-energia-solar-fotovoltaica-en-la-comunidad-de-regantes-de-san-isidro-en-soto-de-cerrato-palencia","status":"publish","type":"post","link":"https:\/\/987aldia.com\/web\/la-consejeria-de-agricultura-ganaderia-y-desarrollo-rural-licita-las-obras-para-la-implantacion-de-energia-solar-fotovoltaica-en-la-comunidad-de-regantes-de-san-isidro-en-soto-de-cerrato-palencia\/","title":{"rendered":"La Consejer\u00eda de Agricultura, Ganader\u00eda y Desarrollo Rural licita las obras para la implantaci\u00f3n de energ\u00eda solar fotovoltaica en la Comunidad de Regantes de San Isidro en Soto de Cerrato (Palencia)"},"content":{"rendered":"\n<ul class=\"wp-block-list\">\n<li>La instalaci\u00f3n fotovoltaica supondr\u00e1 una inversi\u00f3n de 1,47 millones de euros y ser\u00e1 financiada al 50% entre el Itacyl y los regantes<\/li>\n\n\n\n<li>La zona regable abarca una superficie de 841 hect\u00e1reas en los t\u00e9rminos municipales de Soto de Cerrato y Reinoso de Cerrato, ambos en la provincia de Palencia<\/li>\n<\/ul>\n\n\n\n<p>La Consejer\u00eda de Agricultura, Ganader\u00eda y Desarrollo Rural, a trav\u00e9s del Instituto Tecnol\u00f3gico Agrario de Castilla y Le\u00f3n (Itacyl), ha publicado la licitaci\u00f3n de las obras del \u2018Proyecto de instalaci\u00f3n de planta fotovoltaica en autoconsumo para la modernizaci\u00f3n del regad\u00edo de la Comunidad de Regantes de San Isidro en Soto de Cerrato (Palencia)\u2019, por un importe de licitaci\u00f3n de 1,4 millones de euros, con un plazo de ejecuci\u00f3n previsto de doce meses.<\/p>\n\n\n\n<p>Las obras van a consistir en la instalaci\u00f3n de un parque fotovoltaico con seguidor a un eje para suministrar energ\u00eda el\u00e9ctrica a la estaci\u00f3n de bombeo que actualmente tiene la Comunidad de Regantes. Se realizar\u00e1 una interconexi\u00f3n desde el parque hasta el cuadro y nuevos variadores de frecuencia de las bombas.<\/p>\n\n\n\n<p>La Comunidad de Regantes administra una superficie regable de 841 hect\u00e1reas en los t\u00e9rminos municipales de Soto de Cerrato y Reinoso de Cerrato, ambos en la provincia de Palencia.<\/p>\n\n\n\n<p>Esta actuaci\u00f3n se realiza en aplicaci\u00f3n del convenio de colaboraci\u00f3n entre el Itacyl y la Comunidad de Regantes para el pilotaje de sistemas innovadores y sostenibles de suministro energ\u00e9tico para el riego basados en energ\u00edas alternativas, por el que se estableci\u00f3 el r\u00e9gimen de financiaci\u00f3n&nbsp;correspondiendo un 50% a cada una de las partes.<\/p>\n\n\n\n<p>Con la ejecuci\u00f3n del proyecto, la Comunidad de Regantes consigue un regad\u00edo m\u00e1s sostenible, reduciendo los costes operativos de su actividad al conseguir una importante independencia energ\u00e9tica respecto del suministro el\u00e9ctrico convencional, lo que implica una sustancial mejora en la competitividad y la rentabilidad de las explotaciones y un ahorro para los regantes.<\/p>\n","protected":false},"excerpt":{"rendered":"<p>La Consejer\u00eda de Agricultura, Ganader\u00eda y Desarrollo Rural, a trav\u00e9s del Instituto Tecnol\u00f3gico Agrario de Castilla y Le\u00f3n (Itacyl), ha publicado la licitaci\u00f3n de las obras del \u2018Proyecto de instalaci\u00f3n de planta fotovoltaica en autoconsumo para la modernizaci\u00f3n del regad\u00edo de la Comunidad de Regantes de San Isidro en Soto de Cerrato (Palencia)\u2019, por un [&hellip;]<\/p>\n","protected":false},"author":1,"featured_media":1757,"comment_status":"open","ping_status":"closed","sticky":false,"template":"","format":"standard","meta":{"_monsterinsights_skip_tracking":false,"_monsterinsights_sitenote_active":false,"_monsterinsights_sitenote_note":"","_monsterinsights_sitenote_category":0,"site-container-style":"default","site-container-layout":"default","site-sidebar-layout":"default","disable-article-header":"default","disable-site-header":"default","disable-site-footer":"default","disable-content-area-spacing":"default","_jetpack_memberships_contains_paid_content":false,"footnotes":"","jetpack_publicize_message":"","jetpack_publicize_feature_enabled":true,"jetpack_social_post_already_shared":false,"jetpack_social_options":{"image_generator_settings":{"template":"highway","default_image_id":0,"font":"","enabled":false},"version":2}},"categories":[10],"tags":[],"class_list":["post-1756","post","type-post","status-publish","format-standard","has-post-thumbnail","hentry","category-castilla-y-leon"],"jetpack_publicize_connections":[],"jetpack_featured_media_url":"https:\/\/987aldia.com\/web\/wp-content\/uploads\/2023\/06\/sungrow-emea-ceTSHQ0qars-unsplash.jpg","jetpack_sharing_enabled":true,"_links":{"self":[{"href":"https:\/\/987aldia.com\/web\/wp-json\/wp\/v2\/posts\/1756","targetHints":{"allow":["GET"]}}],"collection":[{"href":"https:\/\/987aldia.com\/web\/wp-json\/wp\/v2\/posts"}],"about":[{"href":"https:\/\/987aldia.com\/web\/wp-json\/wp\/v2\/types\/post"}],"author":[{"embeddable":true,"href":"https:\/\/987aldia.com\/web\/wp-json\/wp\/v2\/users\/1"}],"replies":[{"embeddable":true,"href":"https:\/\/987aldia.com\/web\/wp-json\/wp\/v2\/comments?post=1756"}],"version-history":[{"count":1,"href":"https:\/\/987aldia.com\/web\/wp-json\/wp\/v2\/posts\/1756\/revisions"}],"predecessor-version":[{"id":1758,"href":"https:\/\/987aldia.com\/web\/wp-json\/wp\/v2\/posts\/1756\/revisions\/1758"}],"wp:featuredmedia":[{"embeddable":true,"href":"https:\/\/987aldia.com\/web\/wp-json\/wp\/v2\/media\/1757"}],"wp:attachment":[{"href":"https:\/\/987aldia.com\/web\/wp-json\/wp\/v2\/media?parent=1756"}],"wp:term":[{"taxonomy":"category","embeddable":true,"href":"https:\/\/987aldia.com\/web\/wp-json\/wp\/v2\/categories?post=1756"},{"taxonomy":"post_tag","embeddable":true,"href":"https:\/\/987aldia.com\/web\/wp-json\/wp\/v2\/tags?post=1756"}],"curies":[{"name":"wp","href":"https:\/\/api.w.org\/{rel}","templated":true}]}}