{"id":1760,"date":"2023-06-29T14:00:00","date_gmt":"2023-06-29T14:00:00","guid":{"rendered":"https:\/\/987aldia.com\/web\/?p=1760"},"modified":"2023-06-16T13:23:46","modified_gmt":"2023-06-16T13:23:46","slug":"la-junta-reanuda-el-procedimiento-de-contratacion-de-las-obras-de-urbanizacion-del-complejo-asistencial-y-educativo-de-segovia","status":"publish","type":"post","link":"https:\/\/987aldia.com\/web\/la-junta-reanuda-el-procedimiento-de-contratacion-de-las-obras-de-urbanizacion-del-complejo-asistencial-y-educativo-de-segovia\/","title":{"rendered":"La Junta reanuda el procedimiento de contrataci\u00f3n de las obras de urbanizaci\u00f3n del complejo asistencial y educativo de Segovia"},"content":{"rendered":"\n<h2 class=\"wp-block-heading\"><strong>El Tribunal Administrativo de Recursos Contractuales de Castilla y Le\u00f3n ha desestimado en su integridad el recurso presentado por la C\u00e1mara de Contratistas de Castilla y Le\u00f3n contra los pliegos de la licitaci\u00f3n y ha levantado la suspensi\u00f3n del procedimiento. Somacyl ampl\u00eda el plazo de presentaci\u00f3n de ofertas hasta el 29 de junio.<\/strong><\/h2>\n\n\n\n<p>La Sociedad P\u00fablica de Infraestructuras y Medio Ambiente, Somacyl, dependiente de la Consejer\u00eda de Medio Ambiente, Vivienda y Ordenaci\u00f3n del Territorio, ha publicado en el Portal de Contrataci\u00f3n del Sector P\u00fablico la continuaci\u00f3n del procedimiento de licitaci\u00f3n de las obras de urbanizaci\u00f3n del complejo asistencial y educativo de Segovia, una vez recibida la Resoluci\u00f3n del Tribunal Administrativo de Recursos Contractuales de Castilla y Le\u00f3n (TARCCYL), por la que desestima en su integridad el recurso interpuesto por la C\u00e1mara de Contratistas de Castilla y Le\u00f3n frente al pliego de cl\u00e1usulas administrativas particulares de este proceso de contrataci\u00f3n.<\/p>\n\n\n\n<p>La Resoluci\u00f3n del TARCCYL establece, por tanto, el levantamiento de la suspensi\u00f3n del procedimiento que hab\u00eda acordado el 18 de mayo, mientras se resolv\u00eda el recurso presentado, cuando restaban 12 d\u00edas del plazo de 26 d\u00edas naturales establecido en la licitaci\u00f3n para la presentaci\u00f3n de ofertas por parte de las empresas interesadas. Somacyl reanuda el procedimiento de contrataci\u00f3n y la fecha final para la presentaci\u00f3n de ofertas queda ahora establecida en el 29 de junio a las 14.00 horas.<\/p>\n\n\n\n<p>Una vez recibidas las ofertas, la estimaci\u00f3n para realizar la adjudicaci\u00f3n de las obras se prev\u00e9 en el plazo de un mes, y posteriormente se llevar\u00e1 a cabo el replanteo e inicio de los trabajos.<\/p>\n\n\n\n<p>Las obras de urbanizaci\u00f3n del complejo asistencial y educativo de Segovia tienen un importe de 4,3 millones de euros (4.284.695 euros) y un plazo de ejecuci\u00f3n de 12 meses. &nbsp;Consisten en la construcci\u00f3n de los nuevos viales e infraestructuras necesarias para la ampliaci\u00f3n del complejo asistencial. Incluyen la modificaci\u00f3n del dise\u00f1o de la actual rotonda de entrada al Hospital de Segovia debido a la mayor capacidad de tr\u00e1fico que deber\u00e1 soportar con la ampliaci\u00f3n de las instalaciones; la renovaci\u00f3n y ampliaci\u00f3n de las redes de abastecimiento y saneamiento, gas y telefon\u00eda; y la pavimentaci\u00f3n de nuevas calles, aceras y glorietas.<\/p>\n\n\n\n<p>El proyecto plantea tambi\u00e9n una dotaci\u00f3n de aparcamiento con 150 plazas adicionales a las ya existentes, y la posibilidad de acceso mediante transporte p\u00fablico a los edificios de servicios, as\u00ed como la implantaci\u00f3n de una red de calor sostenible que permitir\u00e1 abastecer al Complejo y a los centros p\u00fablicos pr\u00f3ximos.<\/p>\n\n\n\n<p>La urbanizaci\u00f3n se completa con los trabajos de jardiner\u00eda en glorietas y zonas de c\u00e9sped de bajo mantenimiento, as\u00ed como arbolado e instalaci\u00f3n de mobiliario urbano.<\/p>\n\n\n\n<p>Las obras prev\u00e9n remover 50.000 m3 de excavaci\u00f3n en desmonte de tierras y otros 12.000 m3 en zanjas, instalar 6,5 km de tuber\u00edas, manejar 8.000 m2 de baldosa hidr\u00e1ulica en aceras, 1.600 m2 de adoqu\u00edn de granito y 73 columnas de alumbrado p\u00fablico con iluminaci\u00f3n LED.<\/p>\n","protected":false},"excerpt":{"rendered":"<p>El Tribunal Administrativo de Recursos Contractuales de Castilla y Le\u00f3n ha desestimado en su integridad el recurso presentado por la C\u00e1mara de Contratistas de Castilla y Le\u00f3n contra los pliegos de la licitaci\u00f3n y ha levantado la suspensi\u00f3n del procedimiento. Somacyl ampl\u00eda el plazo de presentaci\u00f3n de ofertas hasta el 29 de junio. La Sociedad [&hellip;]<\/p>\n","protected":false},"author":1,"featured_media":1761,"comment_status":"open","ping_status":"closed","sticky":false,"template":"","format":"standard","meta":{"_monsterinsights_skip_tracking":false,"_monsterinsights_sitenote_active":false,"_monsterinsights_sitenote_note":"","_monsterinsights_sitenote_category":0,"site-container-style":"default","site-container-layout":"default","site-sidebar-layout":"default","disable-article-header":"default","disable-site-header":"default","disable-site-footer":"default","disable-content-area-spacing":"default","_jetpack_memberships_contains_paid_content":false,"footnotes":"","jetpack_publicize_message":"","jetpack_publicize_feature_enabled":true,"jetpack_social_post_already_shared":false,"jetpack_social_options":{"image_generator_settings":{"template":"highway","default_image_id":0,"font":"","enabled":false},"version":2}},"categories":[10],"tags":[],"class_list":["post-1760","post","type-post","status-publish","format-standard","has-post-thumbnail","hentry","category-castilla-y-leon"],"jetpack_publicize_connections":[],"jetpack_featured_media_url":"https:\/\/987aldia.com\/web\/wp-content\/uploads\/2023\/06\/nemanja-stevic-BDutNGImMe8-unsplash.jpg","jetpack_sharing_enabled":true,"_links":{"self":[{"href":"https:\/\/987aldia.com\/web\/wp-json\/wp\/v2\/posts\/1760","targetHints":{"allow":["GET"]}}],"collection":[{"href":"https:\/\/987aldia.com\/web\/wp-json\/wp\/v2\/posts"}],"about":[{"href":"https:\/\/987aldia.com\/web\/wp-json\/wp\/v2\/types\/post"}],"author":[{"embeddable":true,"href":"https:\/\/987aldia.com\/web\/wp-json\/wp\/v2\/users\/1"}],"replies":[{"embeddable":true,"href":"https:\/\/987aldia.com\/web\/wp-json\/wp\/v2\/comments?post=1760"}],"version-history":[{"count":1,"href":"https:\/\/987aldia.com\/web\/wp-json\/wp\/v2\/posts\/1760\/revisions"}],"predecessor-version":[{"id":1762,"href":"https:\/\/987aldia.com\/web\/wp-json\/wp\/v2\/posts\/1760\/revisions\/1762"}],"wp:featuredmedia":[{"embeddable":true,"href":"https:\/\/987aldia.com\/web\/wp-json\/wp\/v2\/media\/1761"}],"wp:attachment":[{"href":"https:\/\/987aldia.com\/web\/wp-json\/wp\/v2\/media?parent=1760"}],"wp:term":[{"taxonomy":"category","embeddable":true,"href":"https:\/\/987aldia.com\/web\/wp-json\/wp\/v2\/categories?post=1760"},{"taxonomy":"post_tag","embeddable":true,"href":"https:\/\/987aldia.com\/web\/wp-json\/wp\/v2\/tags?post=1760"}],"curies":[{"name":"wp","href":"https:\/\/api.w.org\/{rel}","templated":true}]}}