{"id":1766,"date":"2023-06-30T09:00:00","date_gmt":"2023-06-30T09:00:00","guid":{"rendered":"https:\/\/987aldia.com\/web\/?p=1766"},"modified":"2023-06-16T13:29:49","modified_gmt":"2023-06-16T13:29:49","slug":"la-junta-refuerza-sus-vinculos-con-asociaciones-del-pueblo-saharaui-a-traves-un-convenio-para-financiar-parte-del-programa-vacaciones-en-paz","status":"publish","type":"post","link":"https:\/\/987aldia.com\/web\/la-junta-refuerza-sus-vinculos-con-asociaciones-del-pueblo-saharaui-a-traves-un-convenio-para-financiar-parte-del-programa-vacaciones-en-paz\/","title":{"rendered":"La Junta refuerza sus v\u00ednculos con asociaciones del pueblo saharaui a trav\u00e9s un convenio para financiar parte del programa \u2018Vacaciones en Paz\u2019"},"content":{"rendered":"\n<h2 class=\"wp-block-heading\"><strong>La Gerencia de Servicios Sociales aportar\u00e1 35.000 euros a la Uni\u00f3n de Asociaciones de Ayuda a este colectivo de refugiados para gastos de log\u00edstica y se compromete a continuar con los programas de escolarizaci\u00f3n y tratamiento m\u00e9dico.<\/strong><\/h2>\n\n\n\n<p>Un total de 140 ni\u00f1os de entre 7 y 12 a\u00f1os participar\u00e1n durante los meses de julio y agosto en el programa \u2018Vacaciones en Paz\u2019, estableci\u00e9ndose con familias de acogida residentes en Castilla y Le\u00f3n y al que la Consejer\u00eda de Familia e Igualdad de Oportunidades dar\u00e1 soporte econ\u00f3mico con una aportaci\u00f3n de 35.000 euros. Dicha financiaci\u00f3n viene recogida en el convenio de colaboraci\u00f3n suscrito hoy con la Uni\u00f3n de Asociaciones de Ayuda al Pueblo Saharaui de Castilla y Le\u00f3n, una ayuda que se mantiene desde el a\u00f1o 2012 a excepci\u00f3n de los a\u00f1os de la pandemia.<\/p>\n\n\n\n<p>La Junta de Castilla y Le\u00f3n financiar\u00e1 gastos de transporte de los menores, seguros del personal contratado y voluntario, alquileres de inmuebles y veh\u00edculos, comunicaciones o material de oficina, que se suman al apoyo t\u00e9cnico en materia de orientaci\u00f3n y asesoramiento que se presta en el marco de los programas \u2018Madrassa\u2019 para la escolarizaci\u00f3n de ni\u00f1os mayores de 12 a\u00f1os o el dirigido al tratamiento m\u00e9dico de menores, actuaciones tambi\u00e9n recogidas en el convenio. De este modo, se refuerza el v\u00ednculo entre la Administraci\u00f3n auton\u00f3mica y la entidad, a la que est\u00e1n asociadas 13 organizaciones de familias amigas del pueblo saharaui de la Comunidad.<\/p>\n\n\n\n<p>El programa \u2018Vacaciones en paz\u2019 consiste en que menores saharauis residentes en campamentos de refugiados en pleno desierto convivan durante los dos meses centrales del verano con familias castellanas y leonesas, las cuales son responsables del alojamiento, la manutenci\u00f3n y parte de la educaci\u00f3n de los ni\u00f1os. De esta manera, evitan temporalmente un entorno climatol\u00f3gicamente m\u00e1s hostil y sortean las complejas circunstancias vitales de los asentamientos. As\u00ed, los menores pueden empaparse de otra cultura, conocer nuevas costumbres y establecer relaciones de amistad con ni\u00f1os espa\u00f1oles y fuertes v\u00ednculos con sus familias de acogida.<\/p>\n\n\n\n<p>No obstante, un objetivo fundamental de esta iniciativa es tambi\u00e9n la mejora de la salud de los ni\u00f1os, puesto que acceden a una mejor alimentaci\u00f3n y a la posibilidad de reconocimientos y seguimientos m\u00e9dicos, ya que se pone a su disposici\u00f3n la red asistencial sanitaria de la Comunidad.<\/p>\n\n\n\n<p>Por su parte, la Uni\u00f3n de Asociaciones de Ayuda al Pueblo Saharaui es la encargada de recibir a los menores en el aeropuerto vallisoletano de Villanubla y llevarlos con cada una de las familias, a las que habr\u00e1n seleccionado y formado previamente en la cultura y costumbres del pueblo asentado parcialmente en Argelia. Adem\u00e1s, prestar\u00e1n apoyo y asesoramiento mientras dure la estancia, coordinar\u00e1n las actividades l\u00facido-educativas para fomentar una mejor convivencia e informar\u00e1n de la llegada y retorno de los menores a la Gerencia de Servicios Sociales.<\/p>\n\n\n\n<p>Este programa forma parte del compendio de acciones humanitarias de estancias temporales de apoyo a menores extranjeros procedentes de distintos pa\u00edses que desarrolla la Consejer\u00eda de Familia e Igualdad de Oportunidades.<\/p>\n\n\n\n<p><strong>Escolarizaci\u00f3n y salud<\/strong><\/p>\n\n\n\n<p>Aunque \u2018Vacaciones en Paz\u2019 se trate del programa m\u00e1s voluminoso de los que se llevan a cabo en relaci\u00f3n con el pueblo saharaui, la Junta de Castilla y Le\u00f3n colabora en el desarrollo de otras iniciativas de vital importancia para los menores de esa regi\u00f3n africana.<\/p>\n\n\n\n<p>Una de ellas es el programa \u2018Madrassa\u2019, destinado a la escolarizaci\u00f3n de ni\u00f1os de m\u00e1s de 12 a\u00f1os. Durante el curso 2022-2023 se encuentran realizando sus estudios once menores, ocho procedentes del S\u00e1hara y tres, de Senegal.<\/p>\n\n\n\n<p>Adem\u00e1s, se implementa el programa por razones sanitarias, destinado a aquellos menores que precisen de intervenciones o tratamientos que no puedan acometerse en sus pa\u00edses de origen. Este a\u00f1o se ha intervenido a un ni\u00f1o procedente de Camer\u00fan tras la solicitud de la Fundaci\u00f3n del Hospital Mayo Rey de Burgos.<\/p>\n","protected":false},"excerpt":{"rendered":"<p>La Gerencia de Servicios Sociales aportar\u00e1 35.000 euros a la Uni\u00f3n de Asociaciones de Ayuda a este colectivo de refugiados para gastos de log\u00edstica y se compromete a continuar con los programas de escolarizaci\u00f3n y tratamiento m\u00e9dico. Un total de 140 ni\u00f1os de entre 7 y 12 a\u00f1os participar\u00e1n durante los meses de julio y [&hellip;]<\/p>\n","protected":false},"author":1,"featured_media":1767,"comment_status":"open","ping_status":"closed","sticky":false,"template":"","format":"standard","meta":{"_monsterinsights_skip_tracking":false,"_monsterinsights_sitenote_active":false,"_monsterinsights_sitenote_note":"","_monsterinsights_sitenote_category":0,"site-container-style":"default","site-container-layout":"default","site-sidebar-layout":"default","disable-article-header":"default","disable-site-header":"default","disable-site-footer":"default","disable-content-area-spacing":"default","_jetpack_memberships_contains_paid_content":false,"footnotes":"","jetpack_publicize_message":"","jetpack_publicize_feature_enabled":true,"jetpack_social_post_already_shared":false,"jetpack_social_options":{"image_generator_settings":{"template":"highway","default_image_id":0,"font":"","enabled":false},"version":2}},"categories":[10],"tags":[],"class_list":["post-1766","post","type-post","status-publish","format-standard","has-post-thumbnail","hentry","category-castilla-y-leon"],"jetpack_publicize_connections":[],"jetpack_featured_media_url":"https:\/\/987aldia.com\/web\/wp-content\/uploads\/2023\/06\/annie-spratt-gq5PECP8pHE-unsplash.jpg","jetpack_sharing_enabled":true,"_links":{"self":[{"href":"https:\/\/987aldia.com\/web\/wp-json\/wp\/v2\/posts\/1766","targetHints":{"allow":["GET"]}}],"collection":[{"href":"https:\/\/987aldia.com\/web\/wp-json\/wp\/v2\/posts"}],"about":[{"href":"https:\/\/987aldia.com\/web\/wp-json\/wp\/v2\/types\/post"}],"author":[{"embeddable":true,"href":"https:\/\/987aldia.com\/web\/wp-json\/wp\/v2\/users\/1"}],"replies":[{"embeddable":true,"href":"https:\/\/987aldia.com\/web\/wp-json\/wp\/v2\/comments?post=1766"}],"version-history":[{"count":1,"href":"https:\/\/987aldia.com\/web\/wp-json\/wp\/v2\/posts\/1766\/revisions"}],"predecessor-version":[{"id":1768,"href":"https:\/\/987aldia.com\/web\/wp-json\/wp\/v2\/posts\/1766\/revisions\/1768"}],"wp:featuredmedia":[{"embeddable":true,"href":"https:\/\/987aldia.com\/web\/wp-json\/wp\/v2\/media\/1767"}],"wp:attachment":[{"href":"https:\/\/987aldia.com\/web\/wp-json\/wp\/v2\/media?parent=1766"}],"wp:term":[{"taxonomy":"category","embeddable":true,"href":"https:\/\/987aldia.com\/web\/wp-json\/wp\/v2\/categories?post=1766"},{"taxonomy":"post_tag","embeddable":true,"href":"https:\/\/987aldia.com\/web\/wp-json\/wp\/v2\/tags?post=1766"}],"curies":[{"name":"wp","href":"https:\/\/api.w.org\/{rel}","templated":true}]}}