{"id":1769,"date":"2023-06-30T11:59:00","date_gmt":"2023-06-30T11:59:00","guid":{"rendered":"https:\/\/987aldia.com\/web\/?p=1769"},"modified":"2023-06-16T13:31:40","modified_gmt":"2023-06-16T13:31:40","slug":"la-junta-destaca-la-importancia-de-la-formacion-en-estadistica-como-herramienta-para-el-empleo-y-el-desarrollo-economico","status":"publish","type":"post","link":"https:\/\/987aldia.com\/web\/la-junta-destaca-la-importancia-de-la-formacion-en-estadistica-como-herramienta-para-el-empleo-y-el-desarrollo-economico\/","title":{"rendered":"La Junta destaca la importancia de la formaci\u00f3n en estad\u00edstica como herramienta para el empleo y el desarrollo econ\u00f3mico"},"content":{"rendered":"\n<h2 class=\"wp-block-heading\"><strong>Los consejeros de Econom\u00eda y Hacienda y de Educaci\u00f3n han entregado los XXII Premios de Estad\u00edstica de Castilla y Le\u00f3n a estudiantes de 3\u00ba de la ESO del IES Tierra de Ciudad Rodrigo (Salamanca) y a alumnos del Ciclo Formativo de Grado Superior Laboratorio Cl\u00ednico y Biom\u00e9dico del IES Ram\u00f3n y Cajal de Valladolid.<\/strong><\/h2>\n\n\n\n<p>Los consejeros de Econom\u00eda y Hacienda, Carlos Fern\u00e1ndez Carriedo, y de Educaci\u00f3n, Roc\u00edo Lucas Navas, han entregado en Salamanca los premios correspondientes a la XXII edici\u00f3n de los Premios de Estad\u00edstica de Castilla y Le\u00f3n, a los que se han presentado un total de siete trabajos de alumnos de la Comunidad.<\/p>\n\n\n\n<p>El primer premio ha correspondido al trabajo titulado \u2018Ciudades \u00abtradicionales\u00bb &amp; \u00abNuevas\u00bb ciudades. \u00bfQu\u00e9 cambios generan en la poblaci\u00f3n las nuevas ciudades dormitorio?\u2019, presentado por los estudiantes de 3\u00ba de la ESO del IES Tierra de Ciudad Rodrigo (Salamanca), Jing Yao Chen Lin, Noa Hern\u00e1ndez Zato, Fabio S\u00e1nchez Rodr\u00edguez y Adri\u00e1n Vicente Garc\u00eda, coordinados por el profesor Santiago Ajenjo Lucas.<\/p>\n\n\n\n<p>El segundo ha reca\u00eddo en Estela P\u00e9rez P\u00e9rez, Andrea Gonz\u00e1lez Poza, Cynthia P\u00e9rez P\u00e9rez y Karima Fegrache, estudiantes del Ciclo Formativo de Grado Superior Laboratorio Cl\u00ednico y Biom\u00e9dico del IES Ram\u00f3n y Cajal de Valladolid, por el trabajo \u2018La educaci\u00f3n inclusiva\u2019, coordinado por el docente Luis Miguel Cabezas Clavo.<\/p>\n\n\n\n<p>Ambos equipos han recogido los premios correspondientes, que son obsequios por valor total de 2.000 euros para el primer premio y de 1.500 euros el segundo. A esto que hay que a\u00f1adir los 750 euros concedidos a cada centro premiado para hacer frente a los gastos de participaci\u00f3n en la fase nacional promovida por la Sociedad de Estad\u00edstica e Investigaci\u00f3n Operativa (SEIO) que se celebrar\u00e1 entre el 27 y el 29 de junio en Zaragoza.<\/p>\n\n\n\n<p><strong>Acc\u00e9sit<\/strong><\/p>\n\n\n\n<p>Asimismo, el jurado de los XXII Premios de Estad\u00edstica ha querido reconocer tambi\u00e9n la labor de un grupo de estudiantes del IES Ram\u00f3n y Cajal de Valladolid y ha reconocido con un acc\u00e9sit el trabajo \u2018Incidencia del Sars-Cov19 en el estilo de vida\u2019. Los galardonados son los alumnos Alicia Gonz\u00e1lez Garc\u00eda, \u00d3scar Mart\u00edn Calvo, Israel Hern\u00e1ndez Trevejo y Greta Rumenova Vasileva y el profesor Luis Miguel Cabezas Clavo, que han recibido obsequios por un importe total de 1.000 euros.<\/p>\n\n\n\n<p>Las bases de la convocatoria establecen dos categor\u00edas. La primera est\u00e1 abierta a grupos de escolares de Educaci\u00f3n Secundaria Obligatoria (ESO), mientras la segunda se dirige a colectivos de estudiantes de los que al menos uno debe estar matriculado en Bachillerato o Formaci\u00f3n Profesional. As\u00ed se garantiza que puedan participar posteriormente en la fase nacional del Concurso Tipo Incubadora de Sondeos y Experimentos de la Sociedad de Estad\u00edstica e Investigaci\u00f3n Operativa (SEIO).<\/p>\n\n\n\n<p>La Junta impulsa esta convocatoria para formar a los alumnos de Secundaria y ciclos formativos en el desarrollo de la informaci\u00f3n estad\u00edstica actualizada y en el tratamiento de datos que es clave en todos los campos y actividades profesionales.<\/p>\n","protected":false},"excerpt":{"rendered":"<p>Los consejeros de Econom\u00eda y Hacienda y de Educaci\u00f3n han entregado los XXII Premios de Estad\u00edstica de Castilla y Le\u00f3n a estudiantes de 3\u00ba de la ESO del IES Tierra de Ciudad Rodrigo (Salamanca) y a alumnos del Ciclo Formativo de Grado Superior Laboratorio Cl\u00ednico y Biom\u00e9dico del IES Ram\u00f3n y Cajal de Valladolid. Los [&hellip;]<\/p>\n","protected":false},"author":1,"featured_media":1770,"comment_status":"open","ping_status":"closed","sticky":false,"template":"","format":"standard","meta":{"_monsterinsights_skip_tracking":false,"_monsterinsights_sitenote_active":false,"_monsterinsights_sitenote_note":"","_monsterinsights_sitenote_category":0,"site-container-style":"default","site-container-layout":"default","site-sidebar-layout":"default","disable-article-header":"default","disable-site-header":"default","disable-site-footer":"default","disable-content-area-spacing":"default","_jetpack_memberships_contains_paid_content":false,"footnotes":"","jetpack_publicize_message":"","jetpack_publicize_feature_enabled":true,"jetpack_social_post_already_shared":false,"jetpack_social_options":{"image_generator_settings":{"template":"highway","default_image_id":0,"font":"","enabled":false},"version":2}},"categories":[10],"tags":[],"class_list":["post-1769","post","type-post","status-publish","format-standard","has-post-thumbnail","hentry","category-castilla-y-leon"],"jetpack_publicize_connections":[],"jetpack_featured_media_url":"https:\/\/987aldia.com\/web\/wp-content\/uploads\/2023\/06\/carlos-muza-hpjSkU2UYSU-unsplash.jpg","jetpack_sharing_enabled":true,"_links":{"self":[{"href":"https:\/\/987aldia.com\/web\/wp-json\/wp\/v2\/posts\/1769","targetHints":{"allow":["GET"]}}],"collection":[{"href":"https:\/\/987aldia.com\/web\/wp-json\/wp\/v2\/posts"}],"about":[{"href":"https:\/\/987aldia.com\/web\/wp-json\/wp\/v2\/types\/post"}],"author":[{"embeddable":true,"href":"https:\/\/987aldia.com\/web\/wp-json\/wp\/v2\/users\/1"}],"replies":[{"embeddable":true,"href":"https:\/\/987aldia.com\/web\/wp-json\/wp\/v2\/comments?post=1769"}],"version-history":[{"count":1,"href":"https:\/\/987aldia.com\/web\/wp-json\/wp\/v2\/posts\/1769\/revisions"}],"predecessor-version":[{"id":1771,"href":"https:\/\/987aldia.com\/web\/wp-json\/wp\/v2\/posts\/1769\/revisions\/1771"}],"wp:featuredmedia":[{"embeddable":true,"href":"https:\/\/987aldia.com\/web\/wp-json\/wp\/v2\/media\/1770"}],"wp:attachment":[{"href":"https:\/\/987aldia.com\/web\/wp-json\/wp\/v2\/media?parent=1769"}],"wp:term":[{"taxonomy":"category","embeddable":true,"href":"https:\/\/987aldia.com\/web\/wp-json\/wp\/v2\/categories?post=1769"},{"taxonomy":"post_tag","embeddable":true,"href":"https:\/\/987aldia.com\/web\/wp-json\/wp\/v2\/tags?post=1769"}],"curies":[{"name":"wp","href":"https:\/\/api.w.org\/{rel}","templated":true}]}}