{"id":1778,"date":"2023-07-03T09:00:00","date_gmt":"2023-07-03T09:00:00","guid":{"rendered":"https:\/\/987aldia.com\/web\/?p=1778"},"modified":"2023-06-16T13:38:22","modified_gmt":"2023-06-16T13:38:22","slug":"eduardo-diego-toma-posesion-como-nuevo-delegado-territorial-de-la-junta-de-castilla-y-leon-en-leon","status":"publish","type":"post","link":"https:\/\/987aldia.com\/web\/eduardo-diego-toma-posesion-como-nuevo-delegado-territorial-de-la-junta-de-castilla-y-leon-en-leon\/","title":{"rendered":"Eduardo Diego toma posesi\u00f3n como nuevo delegado territorial de la Junta de Castilla y Le\u00f3n en Le\u00f3n"},"content":{"rendered":"\n<h2 class=\"wp-block-heading\"><strong>Asegura que su objetivo ser\u00e1 \u201cser \u00fatil\u201d a los ciudadanos \u201cescuchando, resolviendo problemas y remitiendo las inquietudes del territorio a las consejer\u00edas\u201d.<\/strong><\/h2>\n\n\n\n<p>Eduardo Diego ha tomado posesi\u00f3n esta ma\u00f1ana como nuevo delegado territorial de la Junta de Castilla y Le\u00f3n en Le\u00f3n en un acto que ha tenido lugar en la propia sede provincial de la Administraci\u00f3n.<\/p>\n\n\n\n<p>Diego ha asegurado que toma el cargo con la finalidad de \u201cservir a los dem\u00e1s\u201d y \u201cser \u00fatil a los ciudadanos escuchando, resolviendo problemas y remitiendo las inquietudes del territorio a las consejer\u00edas\u201d.<\/p>\n\n\n\n<p>Tambi\u00e9n ha afirmado que para llevar a cabo este objetivo recorrer\u00e1 la provincia de Le\u00f3n de norte a sur y de este a oeste, ya sean municipios grandes o peque\u00f1os ya que, seg\u00fan el delegado, ese ha sido y seguir\u00e1 siendo el fin, ser el enlace entre lo que demandan los habitantes de Le\u00f3n y la acci\u00f3n de la Junta.<\/p>\n\n\n\n<p>\u201cEstas acciones tendr\u00e1n como fin \u00faltimo el de continuar siendo una provincia y una comunidad con una Educaci\u00f3n, una Sanidad y unos Servicios Sociales altamente valorados\u201d, ha remarcado Diego.<\/p>\n\n\n\n<p>Eduardo Diego es licenciado en Ciencias de la Informaci\u00f3n por la Universidad del Pa\u00eds Vasco y doctor en Periodismo por la Universidad Aut\u00f3noma de Barcelona. Ha trabajado en varios medios de comunicaci\u00f3n tanto en Bilbao como en Le\u00f3n hasta que se traslad\u00f3 a las instituciones p\u00fablicas, donde ha sido jefe de gabinete de la Alcald\u00eda de Le\u00f3n y de la Diputaci\u00f3n. Desde 2020 ha ejercido el cargo de jefe de la Unidad de Estudios y Coordinaci\u00f3n de la Delegaci\u00f3n Territorial de la Junta en Le\u00f3n.Casi un centenar de personas han asistido esta ma\u00f1ana a la toma de posesi\u00f3n del nuevo delegado territorial de Le\u00f3n, entre ellas el consejero de la Presidencia, Luis Miguel Gonz\u00e1lez, el consejero de Medio Ambiente, Vivienda y Ordenaci\u00f3n del Territorio, Juan Carlos Su\u00e1rez-Qui\u00f1ones, el presidente de las Cortes Auton\u00f3micas, Carlos Poll\u00e1n, y la exdelegada territorial, Ester Mu\u00f1oz.<\/p>\n","protected":false},"excerpt":{"rendered":"<p>Asegura que su objetivo ser\u00e1 \u201cser \u00fatil\u201d a los ciudadanos \u201cescuchando, resolviendo problemas y remitiendo las inquietudes del territorio a las consejer\u00edas\u201d. Eduardo Diego ha tomado posesi\u00f3n esta ma\u00f1ana como nuevo delegado territorial de la Junta de Castilla y Le\u00f3n en Le\u00f3n en un acto que ha tenido lugar en la propia sede provincial de [&hellip;]<\/p>\n","protected":false},"author":1,"featured_media":1779,"comment_status":"open","ping_status":"closed","sticky":false,"template":"","format":"standard","meta":{"_monsterinsights_skip_tracking":false,"_monsterinsights_sitenote_active":false,"_monsterinsights_sitenote_note":"","_monsterinsights_sitenote_category":0,"site-container-style":"default","site-container-layout":"default","site-sidebar-layout":"default","disable-article-header":"default","disable-site-header":"default","disable-site-footer":"default","disable-content-area-spacing":"default","_jetpack_memberships_contains_paid_content":false,"footnotes":"","jetpack_publicize_message":"","jetpack_publicize_feature_enabled":true,"jetpack_social_post_already_shared":false,"jetpack_social_options":{"image_generator_settings":{"template":"highway","default_image_id":0,"font":"","enabled":false},"version":2}},"categories":[10],"tags":[],"class_list":["post-1778","post","type-post","status-publish","format-standard","has-post-thumbnail","hentry","category-castilla-y-leon"],"jetpack_publicize_connections":[],"jetpack_featured_media_url":"https:\/\/987aldia.com\/web\/wp-content\/uploads\/2023\/06\/hansjorg-keller-p7av1ZhKGBQ-unsplash.jpg","jetpack_sharing_enabled":true,"_links":{"self":[{"href":"https:\/\/987aldia.com\/web\/wp-json\/wp\/v2\/posts\/1778","targetHints":{"allow":["GET"]}}],"collection":[{"href":"https:\/\/987aldia.com\/web\/wp-json\/wp\/v2\/posts"}],"about":[{"href":"https:\/\/987aldia.com\/web\/wp-json\/wp\/v2\/types\/post"}],"author":[{"embeddable":true,"href":"https:\/\/987aldia.com\/web\/wp-json\/wp\/v2\/users\/1"}],"replies":[{"embeddable":true,"href":"https:\/\/987aldia.com\/web\/wp-json\/wp\/v2\/comments?post=1778"}],"version-history":[{"count":1,"href":"https:\/\/987aldia.com\/web\/wp-json\/wp\/v2\/posts\/1778\/revisions"}],"predecessor-version":[{"id":1780,"href":"https:\/\/987aldia.com\/web\/wp-json\/wp\/v2\/posts\/1778\/revisions\/1780"}],"wp:featuredmedia":[{"embeddable":true,"href":"https:\/\/987aldia.com\/web\/wp-json\/wp\/v2\/media\/1779"}],"wp:attachment":[{"href":"https:\/\/987aldia.com\/web\/wp-json\/wp\/v2\/media?parent=1778"}],"wp:term":[{"taxonomy":"category","embeddable":true,"href":"https:\/\/987aldia.com\/web\/wp-json\/wp\/v2\/categories?post=1778"},{"taxonomy":"post_tag","embeddable":true,"href":"https:\/\/987aldia.com\/web\/wp-json\/wp\/v2\/tags?post=1778"}],"curies":[{"name":"wp","href":"https:\/\/api.w.org\/{rel}","templated":true}]}}