{"id":1781,"date":"2023-07-03T11:59:00","date_gmt":"2023-07-03T11:59:00","guid":{"rendered":"https:\/\/987aldia.com\/web\/?p=1781"},"modified":"2023-06-19T06:52:13","modified_gmt":"2023-06-19T06:52:13","slug":"el-psoe-inicia-el-nuevo-mandato-con-la-responsabilidad-de-hacer-una-oposicion-fiable-y-constructiva","status":"publish","type":"post","link":"https:\/\/987aldia.com\/web\/el-psoe-inicia-el-nuevo-mandato-con-la-responsabilidad-de-hacer-una-oposicion-fiable-y-constructiva\/","title":{"rendered":"El PSOE inicia el nuevo mandato \u201ccon la responsabilidad de hacer una oposici\u00f3n fiable y constructiva\u201d"},"content":{"rendered":"\n<h2 class=\"wp-block-heading\"><strong>El portavoz socialista, Benjam\u00edn Fern\u00e1ndez, toma posesi\u00f3n de su acta junto a los otros tres concejales que formar\u00e1n parte del grupo municipal del PSOE: Katia Badeso, Alejandro Gallego y Liliana Izquierdo<\/strong><\/h2>\n\n\n\n<p>El portavoz del PSOE en el Ayuntamiento de San Andr\u00e9s del Rabanedo, Benjam\u00edn Fern\u00e1ndez, ha explicado este s\u00e1bado tras tomar posesi\u00f3n de su acta como concejal que el objetivo de su grupo municipal es iniciar \u201cun nuevo mandato con la responsabilidad de hacer una oposici\u00f3n fiable y constructiva\u201d.<\/p>\n\n\n\n<p>\u201cNuestros vecinos y vecinas han querido que no sigamos como equipo de gobierno, pero s\u00ed que ejerzamos el control y la revisi\u00f3n de todo lo que se realice desde el Ayuntamiento, pero siempre con la honestidad y el trabajo que ha caracterizado a este grupo municipal y a este equipo desde que tom\u00f3 el mando de la Alcald\u00eda hace ahora cuatro a\u00f1os\u201d, ha resaltado Fern\u00e1ndez, quien encabezar\u00e1 al PSOE junto a los concejales Katia Badeso, Alejandro Gallego y Liliana Izquierdo.<\/p>\n\n\n\n<p>Fern\u00e1ndez tambi\u00e9n ha aprovechado para felicitar a la nueva alcaldesa del Ayuntamiento de San Andr\u00e9s, Ana Mar\u00eda Fern\u00e1ndez Caurel, a la que ha transmitido su \u201capoyo ante las dificultades que sin duda se va a encontrar al ejercer esta responsabilidad, teniendo en cuenta que este Consistorio se ha caracterizado siempre por su complejidad\u201d.<\/p>\n","protected":false},"excerpt":{"rendered":"<p>El portavoz socialista, Benjam\u00edn Fern\u00e1ndez, toma posesi\u00f3n de su acta junto a los otros tres concejales que formar\u00e1n parte del grupo municipal del PSOE: Katia Badeso, Alejandro Gallego y Liliana Izquierdo El portavoz del PSOE en el Ayuntamiento de San Andr\u00e9s del Rabanedo, Benjam\u00edn Fern\u00e1ndez, ha explicado este s\u00e1bado tras tomar posesi\u00f3n de su acta [&hellip;]<\/p>\n","protected":false},"author":1,"featured_media":1782,"comment_status":"open","ping_status":"closed","sticky":false,"template":"","format":"standard","meta":{"_monsterinsights_skip_tracking":false,"_monsterinsights_sitenote_active":false,"_monsterinsights_sitenote_note":"","_monsterinsights_sitenote_category":0,"site-container-style":"default","site-container-layout":"default","site-sidebar-layout":"default","disable-article-header":"default","disable-site-header":"default","disable-site-footer":"default","disable-content-area-spacing":"default","_jetpack_memberships_contains_paid_content":false,"footnotes":"","jetpack_publicize_message":"","jetpack_publicize_feature_enabled":true,"jetpack_social_post_already_shared":false,"jetpack_social_options":{"image_generator_settings":{"template":"highway","default_image_id":0,"font":"","enabled":false},"version":2}},"categories":[7],"tags":[],"class_list":["post-1781","post","type-post","status-publish","format-standard","has-post-thumbnail","hentry","category-notas-de-prensa"],"jetpack_publicize_connections":[],"jetpack_featured_media_url":"https:\/\/987aldia.com\/web\/wp-content\/uploads\/2023\/06\/Grupo-Municipal-PSOE.jpg","jetpack_sharing_enabled":true,"_links":{"self":[{"href":"https:\/\/987aldia.com\/web\/wp-json\/wp\/v2\/posts\/1781","targetHints":{"allow":["GET"]}}],"collection":[{"href":"https:\/\/987aldia.com\/web\/wp-json\/wp\/v2\/posts"}],"about":[{"href":"https:\/\/987aldia.com\/web\/wp-json\/wp\/v2\/types\/post"}],"author":[{"embeddable":true,"href":"https:\/\/987aldia.com\/web\/wp-json\/wp\/v2\/users\/1"}],"replies":[{"embeddable":true,"href":"https:\/\/987aldia.com\/web\/wp-json\/wp\/v2\/comments?post=1781"}],"version-history":[{"count":1,"href":"https:\/\/987aldia.com\/web\/wp-json\/wp\/v2\/posts\/1781\/revisions"}],"predecessor-version":[{"id":1783,"href":"https:\/\/987aldia.com\/web\/wp-json\/wp\/v2\/posts\/1781\/revisions\/1783"}],"wp:featuredmedia":[{"embeddable":true,"href":"https:\/\/987aldia.com\/web\/wp-json\/wp\/v2\/media\/1782"}],"wp:attachment":[{"href":"https:\/\/987aldia.com\/web\/wp-json\/wp\/v2\/media?parent=1781"}],"wp:term":[{"taxonomy":"category","embeddable":true,"href":"https:\/\/987aldia.com\/web\/wp-json\/wp\/v2\/categories?post=1781"},{"taxonomy":"post_tag","embeddable":true,"href":"https:\/\/987aldia.com\/web\/wp-json\/wp\/v2\/tags?post=1781"}],"curies":[{"name":"wp","href":"https:\/\/api.w.org\/{rel}","templated":true}]}}