{"id":1784,"date":"2023-07-03T14:00:00","date_gmt":"2023-07-03T14:00:00","guid":{"rendered":"https:\/\/987aldia.com\/web\/?p=1784"},"modified":"2023-06-19T06:59:48","modified_gmt":"2023-06-19T06:59:48","slug":"pablo-andres-escapa-isabel-medarde-rodrigo-martinez-la-galeria-armaga-y-la-asociacion-ave-fenix-premios-concejo-2023","status":"publish","type":"post","link":"https:\/\/987aldia.com\/web\/pablo-andres-escapa-isabel-medarde-rodrigo-martinez-la-galeria-armaga-y-la-asociacion-ave-fenix-premios-concejo-2023\/","title":{"rendered":"Pablo Andr\u00e9s Escapa, Isabel Medarde, Rodrigo Mart\u00ednez, la galer\u00eda \u00c1rmaga y la asociaci\u00f3n Ave F\u00e9nix, premios Concejo 2023"},"content":{"rendered":"\n<h2 class=\"wp-block-heading\">Se trata de la segunda edici\u00f3n de unos galardones convocados por el Instituto Leon\u00e9s de Cultura de la Diputaci\u00f3n Provincial con el objetivo de distinguir las labores culturales m\u00e1s sobresalientes llevadas a cabo a lo largo del \u00faltimo a\u00f1o en el \u00e1mbito de las comarcas leonesas.<\/h2>\n\n\n\n<h2 class=\"wp-block-heading\"><strong>Letras, Artes, M\u00fasica, Patrimonio e Interpretaci\u00f3n\/ Medio Audiovisual son las cinco categor\u00edas contempladas por estos galardones<\/strong>.<\/h2>\n\n\n\n<p>Cinco destacados creadores y activistas culturales de la provincia de Le\u00f3n han sido reconocidos con los Premios Concejo en su edici\u00f3n de 2023, la segunda en la andadura de estos nuevos galardones convocados por el Instituto Leon\u00e9s de Cultura de la Diputaci\u00f3n Provincial con el objetivo de reconocer las mejores labores culturales llevadas a cabo, en los \u00faltimos meses, en el \u00e1mbito de nuestra tierra. El jurado se reuni\u00f3 el pasado mi\u00e9rcoles en el Edificio Fierro, sede del ILC, y decidi\u00f3 que los ganadores ser\u00edan el escritor Pablo Andr\u00e9s Escapa en la categor\u00eda de Letras; el instrumentista, productor y cantante Rodrigo Mart\u00ednez en la de m\u00fasica; la galer\u00eda capitalina \u00c1rmaga en Artes; la directora de cine Isabel Medarde en Interpretaci\u00f3n y Medio Audiovisual; y Roberto Carro y la asociaci\u00f3n a la que pertenece, Ave F\u00e9nix, de Valcabado del P\u00e1ramo, en la de Patrimonio.<\/p>\n\n\n\n<p>El jurado estuvo formado por el m\u00fasico y creador audiovisual Juan Marigorta (premio Concejo 2022 en la modalidad de M\u00fasica); el poeta Rafael Saravia; la gestora cultural Kristine Guzm\u00e1n; los periodistas Ver\u00f3nica Vi\u00f1as y Fulgencio Fern\u00e1ndez, responsables de las secciones de Cultura de Diario de Le\u00f3n y La Nueva Cr\u00f3nica, respectivamente, y el diputado de Cultura, Arte y Patrimonio, Pablo L\u00f3pez Presa, junto a la secretaria de la Diputaci\u00f3n Provincial, Cirenia Villacorta, en calidad de secretaria. Todos ellos valoraron las candidaturas presentadas y recibidas en la sede del ILC entre los meses de febrero y mayo de este a\u00f1o por la sociedad leonesa seg\u00fan las bases aprobadas en Consejo Rector. Adem\u00e1s, propusieron y argumentaron las candidaturas que estimaron convenientes. En cuanto a las razones aducidas para cada uno de los premiados, los miembros del jurado destacaron, en el caso de Pablo Andr\u00e9s Escapa (Villlaseca de Laciana, 1964), \u201cel cuidad\u00edsimo empleo del lenguaje literario, as\u00ed como el respeto y dedicaci\u00f3n al oficio de escritor, de los que lleva haciendo gala este autor lacianiego durante toda su trayectoria, una carrera literaria que es hija de la mejor tradici\u00f3n narrativa leonesa y cuyo \u00faltimo eslab\u00f3n ha sido el libro \u2018Herencias del invierno\u2019, de excepcional calidad en cuanto a forma y fondo\u201d. De Rodrigo Mart\u00ednez, premio Concejo en la categor\u00eda de M\u00fasica, resaltaron su labor \u201cno solo en calidad de m\u00fasico, cantante, productor y reactivador de la escena folk leonesa\u201d sino tambi\u00e9n \u201csu trabajo constante en favor de la investigaci\u00f3n y la divulgaci\u00f3n de la m\u00fasica tradicional de la provincia\u201d.<\/p>\n\n\n\n<p>Por otro lado, la galer\u00eda \u00c1rmaga, ubicada en la ciudad de Le\u00f3n y a cuyo frente est\u00e1 Marga Carnero, recibi\u00f3 el Premio Concejo en la modalidad de Artes \u201cpor su extensa trayectoria en favor de la difusi\u00f3n del arte contempor\u00e1neo, 25 a\u00f1os de andadura en los que la dignificaci\u00f3n de la figura profesional del artista ha venido siendo una premisa fundamental\u201d. De Isabel Medarde destacaron \u201cla pasi\u00f3n y el talento que imprime a cada uno de sus proyectos cinematogr\u00e1ficos, en los que cuida cada uno de sus detalles\u201d, y su apuesta por la provincia de Le\u00f3n como fuente de argumentos f\u00edlmicos y como espacio desde el que hacer cine hoy en d\u00eda\u201d, algo que actualmente se traduce en su reciente pel\u00edcula \u2018Las calles de Granada\u2019\u201d. Adem\u00e1s, Roberto Carro, impulsor de la asociaci\u00f3n Ave F\u00e9nix, fue galardonado con el Premio Concejo de Patrimonio \u201cpor su incansable esfuerzo encaminado a divulgar, restaurar y poner a disposici\u00f3n de toda la sociedad una joya art\u00edstica y arquitect\u00f3nica de enorme valor como es la iglesia de Valcabado del P\u00e1ramo, con su excepcional artesonado\u201d. El jurado mencion\u00f3 la \u201camplia campa\u00f1a de recaudaci\u00f3n de fondos emprendida por esta asociaci\u00f3n para poder abordar la rehabilitaci\u00f3n del templo y del artesonado, y el papel de Roberto Carro como mediador entre diferentes instituciones p\u00fablicas con el fin de lograr la cooperaci\u00f3n de todas ellas en un proyecto de restauraci\u00f3n integral que ya ha comenzado\u201d.\u00a0 \u00a0\u00a0\u00a0\u00a0\u00a0\u00a0\u00a0\u00a0\u00a0\u00a0\u00a0\u00a0\u00a0\u00a0\u00a0 <\/p>\n\n\n\n<p>Creados con el \u00e1nimo de unificar, racionalizar e impulsar los diferentes galardones convocados anteriormente por la Diputaci\u00f3n Provincial de Le\u00f3n, los Premios Concejo se entregar\u00e1n en fecha a\u00fan por decidir. Cada uno de ellos lleva aparejada una dotaci\u00f3n econ\u00f3mica de 5.000 euros y una estatuilla conmemorativa.<\/p>\n\n\n\n<p><\/p>\n","protected":false},"excerpt":{"rendered":"<p>Se trata de la segunda edici\u00f3n de unos galardones convocados por el Instituto Leon\u00e9s de Cultura de la Diputaci\u00f3n Provincial con el objetivo de distinguir las labores culturales m\u00e1s sobresalientes llevadas a cabo a lo largo del \u00faltimo a\u00f1o en el \u00e1mbito de las comarcas leonesas. Letras, Artes, M\u00fasica, Patrimonio e Interpretaci\u00f3n\/ Medio Audiovisual son [&hellip;]<\/p>\n","protected":false},"author":1,"featured_media":1785,"comment_status":"open","ping_status":"closed","sticky":false,"template":"","format":"standard","meta":{"_monsterinsights_skip_tracking":false,"_monsterinsights_sitenote_active":false,"_monsterinsights_sitenote_note":"","_monsterinsights_sitenote_category":0,"site-container-style":"default","site-container-layout":"default","site-sidebar-layout":"default","disable-article-header":"default","disable-site-header":"default","disable-site-footer":"default","disable-content-area-spacing":"default","_jetpack_memberships_contains_paid_content":false,"footnotes":"","jetpack_publicize_message":"","jetpack_publicize_feature_enabled":true,"jetpack_social_post_already_shared":false,"jetpack_social_options":{"image_generator_settings":{"template":"highway","default_image_id":0,"font":"","enabled":false},"version":2}},"categories":[7],"tags":[],"class_list":["post-1784","post","type-post","status-publish","format-standard","has-post-thumbnail","hentry","category-notas-de-prensa"],"jetpack_publicize_connections":[],"jetpack_featured_media_url":"https:\/\/987aldia.com\/web\/wp-content\/uploads\/2023\/06\/Foto-Premios-Concejo-2023.jpg","jetpack_sharing_enabled":true,"_links":{"self":[{"href":"https:\/\/987aldia.com\/web\/wp-json\/wp\/v2\/posts\/1784","targetHints":{"allow":["GET"]}}],"collection":[{"href":"https:\/\/987aldia.com\/web\/wp-json\/wp\/v2\/posts"}],"about":[{"href":"https:\/\/987aldia.com\/web\/wp-json\/wp\/v2\/types\/post"}],"author":[{"embeddable":true,"href":"https:\/\/987aldia.com\/web\/wp-json\/wp\/v2\/users\/1"}],"replies":[{"embeddable":true,"href":"https:\/\/987aldia.com\/web\/wp-json\/wp\/v2\/comments?post=1784"}],"version-history":[{"count":1,"href":"https:\/\/987aldia.com\/web\/wp-json\/wp\/v2\/posts\/1784\/revisions"}],"predecessor-version":[{"id":1786,"href":"https:\/\/987aldia.com\/web\/wp-json\/wp\/v2\/posts\/1784\/revisions\/1786"}],"wp:featuredmedia":[{"embeddable":true,"href":"https:\/\/987aldia.com\/web\/wp-json\/wp\/v2\/media\/1785"}],"wp:attachment":[{"href":"https:\/\/987aldia.com\/web\/wp-json\/wp\/v2\/media?parent=1784"}],"wp:term":[{"taxonomy":"category","embeddable":true,"href":"https:\/\/987aldia.com\/web\/wp-json\/wp\/v2\/categories?post=1784"},{"taxonomy":"post_tag","embeddable":true,"href":"https:\/\/987aldia.com\/web\/wp-json\/wp\/v2\/tags?post=1784"}],"curies":[{"name":"wp","href":"https:\/\/api.w.org\/{rel}","templated":true}]}}